{"id":40016,"date":"2025-08-12T03:56:06","date_gmt":"2025-08-12T07:56:06","guid":{"rendered":"https:\/\/noticiasveraces.com\/?p=40016"},"modified":"2025-08-12T03:56:06","modified_gmt":"2025-08-12T07:56:06","slug":"wim-wenders-el-cine-y-el-arte-de-estar-perdido-dw-11-08-2025","status":"publish","type":"post","link":"https:\/\/noticiasveraces.com\/?p=40016","title":{"rendered":"Wim Wenders, el cine y el \u00abarte de estar perdido\u00bb \u2013 DW \u2013 11\/08\/2025"},"content":{"rendered":"<p> \n<\/p>\n<div data-tracking-name=\"rich-text\" data-tracking-skip=\"true\">\n<p>Para Wim Wenders, el estado de p\u00e9rdida no es un fracaso, sino una forma de felicidad. \u00abCuando uno est\u00e1 perdido, se entrega por completo y est\u00e1 presente\u201d, afirma Wenders en\u00a0entrevista con DW. Y, desde hace m\u00e1s de cinco d\u00e9cadas, el cineasta alem\u00e1n invita a su p\u00fablico a perderse en sus pel\u00edculas, que se adentran en paisajes desconocidos y espacios silenciosos y emotivos.<\/p>\n<p>Con motivo del 80.\u00ba cumplea\u00f1os de Wim Wenders en agosto, el museo de arte Bundeskunsthalle de Bonn presenta una gran retrospectiva que muestra su extensa obra, que incluye pel\u00edculas, fotograf\u00edas, grabados y escritos, y que gira en torno al tema recurrente de lo que significa moverse por el mundo.<\/p>\n<h2>Wim Wenders: un viajero nacido entre ruinas<\/h2>\n<p>Para Wenders, el movimiento no se limita\u00a0solo a ser\u00a0distancia, sino que tambi\u00e9n es\u00a0descubrimiento. Nacido poco despu\u00e9s del final de la Segunda Guerra Mundial en 1945, en D\u00fcsseldorf, creci\u00f3 en una ciudad que estaba casi completamente en ruinas. En la inauguraci\u00f3n de la retrospectiva, Wenders, que a menudo se describe a s\u00ed mismo como un viajero, record\u00f3 el contraste surrealista entre la Alemania de la posguerra y las im\u00e1genes de lugares lejanos que ve\u00eda en la enciclopedia de su abuelo y en los peri\u00f3dicos de su padre.<\/p>\n<p>\u00abFue un descubrimiento enorme para m\u00ed y la fuerza motriz de mi vida. El mundo era mejor. Siempre quise saberlo todo sobre \u00e9l&#8230; Si me hubiera quedado en casa, ahora no estar\u00eda aqu\u00ed\u201d, le cuenta a DW. Ese anhelo infantil de ver m\u00e1s, de viajar m\u00e1s lejos, sent\u00f3 las bases de una vida creativa que desde entonces se extiende por continentes y g\u00e9neros.<\/p>\n<h2>L\u00e1s <em>pel\u00edculas de carretera<\/em> de Wenders: personas en busca de algo<\/h2>\n<p>Wenders comenz\u00f3 a hacer cine en la d\u00e9cada de 1970 y, junto a sus compatriotas Werner Herzog y Rainer Werner Fassbinder, se convirti\u00f3 en una figura clave del Nuevo Cine Alem\u00e1n. Su trilog\u00eda de <em>pel\u00edculas de carretera<\/em> &#8211; \u00abAlicia en las ciudades\u00bb, \u00abFalso movimiento\u00bb y \u00abEn el curso\u00a0del tiempo\u00bb- abordaba uno de sus temas centrales: personas en movimiento, emocional y f\u00edsicamente, en busca de conexi\u00f3n o pertenencia.<\/p>\n<p>Pero fue \u00abPar\u00eds, Texas\u201d (1984), una intensa reflexi\u00f3n sobre la p\u00e9rdida y la redenci\u00f3n en el suroeste americano, la que consolid\u00f3 su reputaci\u00f3n internacional. La pel\u00edcula trata sobre un hombre que sale del desierto sin recuerdos y se propone volver a contactar con su hijo peque\u00f1o. La pel\u00edcula se considera hoy un cl\u00e1sico y le vali\u00f3 a Wenders la Palma de Oro en Cannes y un premio BAFTA al mejor director.<\/p>\n<figure class=\"placeholder-image master_landscape big\"><img data-format=\"MASTER_LANDSCAPE\" data-id=\"73396784\" data-url=\"https:\/\/static.dw.com\/image\/73396784_${formatId}.jpg\" data-aspect-ratio=\"16\/9\" alt=\"mano que sostiene anteojos, tras ellos se divisa paisaje.\" style=\"padding-bottom: 56.25%; height: 0; max-height: 0;\"\/><figcaption class=\"img-caption\">Wenders, tambi\u00e9n prol\u00edfico fot\u00f3grafo, cree que solo se ve realmente cuando uno se pierde.<small class=\"copyright\">Imagen: Wim Wenders, cortes\u00eda de las pel\u00edculas de la Fundaci\u00f3n Wim Wenders\/Argos<\/small><\/figcaption><\/figure>\n<p>En \u00abEl cielo sobre Berl\u00edn\u201d, de 1987, los \u00e1ngeles, un motivo muy habitual\u00a0en la obra de Wenders, sobrevuelan la Berl\u00edn dividida de la posguerra y observan la vida que se desarrolla bajo ellos, hasta que uno se enamora del mundo de los humanos.<\/p>\n<h2>La obra tard\u00eda<\/h2>\n<p>\u00abD\u00edas perfectos\u201d, estrenada hace dos a\u00f1os, es un tranquilo estudio de personajes cuya acci\u00f3n se desarrolla\u00a0en Tokio \u00a0. Las sencillas rutinas de un limpiador de ba<span data-huuid=\"4455579103621927701\">norte<\/span>os p\u00fablicos\u00a0revelan la alegr\u00eda, el aislamiento y las bondades de la vida cotidiana.<\/p>\n<p>\u00abAnselm &#8211; Das Rauschen der Zeit\u201d (\u00abAnselm: el susurro del tiempo\u201d), de\u00a02023,\u00a0es el documental en 3D de Wenders sobre el pintor y escultor alem\u00e1n Anselm Kiefer, de su misma edad.<\/p>\n<h2>Buena Vista Social Club<\/h2>\n<p>\u00abCada pel\u00edcula es un viaje\u201d, dijo Wenders en una ocasi\u00f3n, \u00abno solo f\u00edsico, sino un viaje hacia la comprensi\u00f3n de algo\u201d. \u00bfY qu\u00e9 ser\u00eda un viaje sin banda sonora? La m\u00fasica siempre ha desempe\u00f1ado un papel decisivo en las obras de Wenders. Un ejemplo notable es la pel\u00edcula Buena Vista Social Club, nominada al \u00d3scar en 1999, en la que Wenders narra el camino de unos m\u00fasicos tradicionales de son cubano que, ya entrados en a\u00f1os, pasan del olvido a la fama.<\/p>\n<p>Adem\u00e1s de su carrera cinematogr\u00e1fica, Wenders es desde hace mucho tiempo un prol\u00edfico fot\u00f3grafo, conocido por sus impactantes im\u00e1genes de lugares abandonados, rincones olvidados y largas y tranquilas carreteras. Su mirada fotogr\u00e1fica refleja la cinematogr\u00e1fica: centrada en el vac\u00edo, el silencio y la dignidad del espacio.<\/p>\n<p>Mientras tanto, los viajes de Wenders contin\u00faan. Adem\u00e1s de China, que ya ha visitado varias veces, por fin ha podido tachar la India de su lista de deseos. \u00abHe viajado por la India durante cuatro semanas. La Patagonia, uno de mis sue\u00f1os m\u00e1s antiguos, a\u00fan no la he visitado&#8230; Nunca he estado en la Ant\u00e1rtida ni en el Polo Norte. He evitado las zonas fr\u00edas. Conozco todas las zonas c\u00e1lidas del planeta, pero no todas las fr\u00edas\u201d, bromea con DW.<\/p>\n<p><span data-slot-id=\"Article_InContent-1\" class=\"rich-text-ad\"\/><\/p>\n<h2>El arte de ver a trav\u00e9s del extrav\u00edo<\/h2>\n<p>Wenders recuerda con cierta nostalgia la era predigital y c\u00f3mo se perd\u00eda deliberadamente en ciudades nuevas. \u00abEn todas las grandes ciudades del mundo intentaba perderme la primera vez que las visitaba. Y cuando lo consegu\u00eda, cre\u00eda que realmente hab\u00eda comprendido la ciudad, pero solo entonces\u201d.<\/p>\n<p>Con el GPS en todos los tel\u00e9fonos inteligentes y los mapas disponibles en todas partes, es raro que uno se pierda de verdad, lo que lo hace a\u00fan m\u00e1s importante para Wenders. \u00abCuando te pierdes, ves. Cuando tienes tu mapa y conoces el camino, no ves tanto como cuando te pierdes\u201d.<\/p>\n<p>La exposici\u00f3n \u00abW.I.M. El arte de ver\u201d podr\u00e1 visitarse\u00a0en la Bundeskunsthalle de Bonn hasta el 11 de enero de 2026.<\/p>\n<p>(MD\/MS)<\/p>\n<\/div>\n\n","protected":false},"excerpt":{"rendered":"<p>Para Wim Wenders, el estado de p\u00e9rdida no es un fracaso, sino una forma de felicidad. \u00abCuando uno est\u00e1 perdido, se entrega por completo y est\u00e1 presente\u201d, afirma Wenders en\u00a0entrevista con DW. Y, desde hace m\u00e1s de cinco d\u00e9cadas, el cineasta alem\u00e1n invita a su p\u00fablico a perderse en sus pel\u00edculas, que se adentran en &hellip;<\/p>\n","protected":false},"author":1,"featured_media":40017,"comment_status":"open","ping_status":"open","sticky":false,"template":"","format":"standard","meta":{"fifu_image_url":"https:\/\/static.dw.com\/image\/73488527_6.jpg","fifu_image_alt":"","footnotes":""},"categories":[13],"tags":[],"class_list":["post-40016","post","type-post","status-publish","format-standard","has-post-thumbnail","","category-mundo"],"_links":{"self":[{"href":"https:\/\/noticiasveraces.com\/index.php?rest_route=\/wp\/v2\/posts\/40016","targetHints":{"allow":["GET"]}}],"collection":[{"href":"https:\/\/noticiasveraces.com\/index.php?rest_route=\/wp\/v2\/posts"}],"about":[{"href":"https:\/\/noticiasveraces.com\/index.php?rest_route=\/wp\/v2\/types\/post"}],"author":[{"embeddable":true,"href":"https:\/\/noticiasveraces.com\/index.php?rest_route=\/wp\/v2\/users\/1"}],"replies":[{"embeddable":true,"href":"https:\/\/noticiasveraces.com\/index.php?rest_route=%2Fwp%2Fv2%2Fcomments&post=40016"}],"version-history":[{"count":0,"href":"https:\/\/noticiasveraces.com\/index.php?rest_route=\/wp\/v2\/posts\/40016\/revisions"}],"wp:featuredmedia":[{"embeddable":true,"href":"https:\/\/noticiasveraces.com\/index.php?rest_route=\/wp\/v2\/media\/40017"}],"wp:attachment":[{"href":"https:\/\/noticiasveraces.com\/index.php?rest_route=%2Fwp%2Fv2%2Fmedia&parent=40016"}],"wp:term":[{"taxonomy":"category","embeddable":true,"href":"https:\/\/noticiasveraces.com\/index.php?rest_route=%2Fwp%2Fv2%2Fcategories&post=40016"},{"taxonomy":"post_tag","embeddable":true,"href":"https:\/\/noticiasveraces.com\/index.php?rest_route=%2Fwp%2Fv2%2Ftags&post=40016"}],"curies":[{"name":"wp","href":"https:\/\/api.w.org\/{rel}","templated":true}]}}