{"id":39982,"date":"2025-08-11T21:50:10","date_gmt":"2025-08-12T01:50:10","guid":{"rendered":"https:\/\/noticiasveraces.com\/?p=39982"},"modified":"2025-08-11T21:50:10","modified_gmt":"2025-08-12T01:50:10","slug":"ue-condena-muerte-de-5-periodistas-en-ataque-israeli-en-gaza-dw-12-08-2025","status":"publish","type":"post","link":"https:\/\/noticiasveraces.com\/?p=39982","title":{"rendered":"UE condena muerte de 5 periodistas en ataque israel\u00ed en Gaza \u2013 DW \u2013 12\/08\/2025"},"content":{"rendered":"<p> \n<\/p>\n<div data-tracking-name=\"rich-text\" data-tracking-skip=\"true\">\n<p>La Uni\u00f3n Europea conden\u00f3 la muerte de cinco periodistas de Al Jazeera por un bombardeo israel\u00ed en la Franja de Gaza, declar\u00f3 el lunes (11.08.2025)\u00a0 la jefa de la diplomacia del bloque, Kaja Kallas.<\/p>\n<p>\u00abLa UE condena la muerte de cinco periodistas de Al Jazeera en un bombardeo (militar de Israel) cerca del hospital Al Shifa en Ciudad de Gaza, entre ellos el corresponsal de Al Jazeera Anas al Sharif\u00bb, dijo despu\u00e9s de que los cancilleres de la UE conversaran sobre la guerra por videoconferencia.<\/p>\n<p>Un comunicado militar israel\u00ed acus\u00f3 al periodista Anas al Sharif de liderar una \u00abc\u00e9lula terrorista\u00bb del movimiento islamista palestino Ham\u00e1s y de ser \u00abresponsable de promover ataques con cohetes\u00bb contra israel\u00edes.<\/p>\n<figure class=\"placeholder-image master_landscape big\"><img data-format=\"MASTER_LANDSCAPE\" data-id=\"73602927\" data-url=\"https:\/\/static.dw.com\/image\/73602927_${formatId}.jpg\" data-aspect-ratio=\"16\/9\" alt=\"Palestinos transportan el cuerpo del corresponsal de Al Jazeera Anas al-Sharif, quien junto con otros periodistas muri\u00f3 en un ataque a\u00e9reo israel\u00ed en Gaza. (11.08.2025)\" style=\"padding-bottom: 56.25%; height: 0; max-height: 0;\"\/><figcaption class=\"img-caption\">Palestinos transportan el cuerpo del corresponsal de Al Jazeera Anas al-Sharif, quien junto con otros periodistas muri\u00f3 en un ataque a\u00e9reo israel\u00ed en Gaza. (11.08.2025)<small class=\"copyright\">Imagen: Jehad Alshrafi\/AP Photo\/Picture Alliance<\/small><\/figcaption><\/figure>\n<p>La UE tom\u00f3 nota de la acusaci\u00f3n de Israel, indic\u00f3 Kallas, \u00abpero en estos casos es necesario proporcionar pruebas claras, respetando el Estado de derecho, para evitar el ataque a periodistas\u00bb.<\/p>\n<p>El bloque de 27 pa\u00edses ha enfrentado la divisi\u00f3n entre partidarios ac\u00e9rrimos de Israel y aquellos que defienden a los palestinos, lo ha impedido que tome medidas claras respecto al conflicto en Gaza.<\/p>\n<p>La UE alcanz\u00f3 un acuerdo el mes pasado para aumentar el acceso a la ayuda en Gaza, pero altos funcionarios afirman que solo se ha implementado de manera parcial.<\/p>\n<figure class=\"placeholder-image master_landscape big\"><img data-format=\"MASTER_LANDSCAPE\" data-id=\"73602780\" data-url=\"https:\/\/static.dw.com\/image\/73602780_${formatId}.jpg\" data-aspect-ratio=\"16\/9\" alt=\"El periodista palestino Anas al-Scharif, corresponsal de la cadena catar\u00ed Al Jazeera, durante la cobertura de un ataque israel\u00ed al hospital Arab Ahli, en Gaza. (Imagen de archivo: 11.08.2025)\" style=\"padding-bottom: 56.25%; height: 0; max-height: 0;\"\/><figcaption class=\"img-caption\">El periodista palestino Anas al-Scharif, corresponsal de la cadena catar\u00ed Al Jazeera, durante la cobertura de un ataque israel\u00ed al hospital Arab Ahli, en Gaza. (Imagen de archivo: 11.08.2025)<small class=\"copyright\">Imagen: AFP\/Getty Images<\/small><\/figcaption><\/figure>\n<p>Kallas hizo un llamado a Israel para que permita m\u00e1s ayuda en el territorio.<\/p>\n<p>\u00abSi bien est\u00e1 llegando m\u00e1s ayuda, las necesidades siguen siendo mucho mayores. Instamos a Israel a permitir m\u00e1s camiones y una mejor distribuci\u00f3n de la ayuda\u00bb, dijo.<\/p>\n<p>La ofensiva israel\u00ed en Gaza comenz\u00f3 en respuesta a los ataques lanzados el 7 de octubre de 2023 por parte de Ham\u00e1s, grupo calificado como terrorista por Estados Unidos, la Uni\u00f3n Europea y otros pa\u00edses.<\/p>\n<p>GS (AFP, Efe)<\/p>\n<\/div>\n\n","protected":false},"excerpt":{"rendered":"<p>La Uni\u00f3n Europea conden\u00f3 la muerte de cinco periodistas de Al Jazeera por un bombardeo israel\u00ed en la Franja de Gaza, declar\u00f3 el lunes (11.08.2025)\u00a0 la jefa de la diplomacia del bloque, Kaja Kallas. \u00abLa UE condena la muerte de cinco periodistas de Al Jazeera en un bombardeo (militar de Israel) cerca del hospital Al &hellip;<\/p>\n","protected":false},"author":1,"featured_media":39983,"comment_status":"open","ping_status":"open","sticky":false,"template":"","format":"standard","meta":{"fifu_image_url":"https:\/\/static.dw.com\/image\/73602893_6.jpg","fifu_image_alt":"","footnotes":""},"categories":[13],"tags":[],"class_list":["post-39982","post","type-post","status-publish","format-standard","has-post-thumbnail","","category-mundo"],"_links":{"self":[{"href":"https:\/\/noticiasveraces.com\/index.php?rest_route=\/wp\/v2\/posts\/39982","targetHints":{"allow":["GET"]}}],"collection":[{"href":"https:\/\/noticiasveraces.com\/index.php?rest_route=\/wp\/v2\/posts"}],"about":[{"href":"https:\/\/noticiasveraces.com\/index.php?rest_route=\/wp\/v2\/types\/post"}],"author":[{"embeddable":true,"href":"https:\/\/noticiasveraces.com\/index.php?rest_route=\/wp\/v2\/users\/1"}],"replies":[{"embeddable":true,"href":"https:\/\/noticiasveraces.com\/index.php?rest_route=%2Fwp%2Fv2%2Fcomments&post=39982"}],"version-history":[{"count":0,"href":"https:\/\/noticiasveraces.com\/index.php?rest_route=\/wp\/v2\/posts\/39982\/revisions"}],"wp:featuredmedia":[{"embeddable":true,"href":"https:\/\/noticiasveraces.com\/index.php?rest_route=\/wp\/v2\/media\/39983"}],"wp:attachment":[{"href":"https:\/\/noticiasveraces.com\/index.php?rest_route=%2Fwp%2Fv2%2Fmedia&parent=39982"}],"wp:term":[{"taxonomy":"category","embeddable":true,"href":"https:\/\/noticiasveraces.com\/index.php?rest_route=%2Fwp%2Fv2%2Fcategories&post=39982"},{"taxonomy":"post_tag","embeddable":true,"href":"https:\/\/noticiasveraces.com\/index.php?rest_route=%2Fwp%2Fv2%2Ftags&post=39982"}],"curies":[{"name":"wp","href":"https:\/\/api.w.org\/{rel}","templated":true}]}}