{"id":39943,"date":"2025-08-11T17:44:14","date_gmt":"2025-08-11T21:44:14","guid":{"rendered":"https:\/\/noticiasveraces.com\/?p=39943"},"modified":"2025-08-11T17:44:14","modified_gmt":"2025-08-11T21:44:14","slug":"meloni-preocupada-por-el-plan-de-israel-de-tomar-gaza-dw-11-08-2025","status":"publish","type":"post","link":"https:\/\/noticiasveraces.com\/?p=39943","title":{"rendered":"Meloni preocupada por el plan de Israel de tomar Gaza \u2013 DW \u2013 11\/08\/2025"},"content":{"rendered":"<p> \n<\/p>\n<div data-tracking-name=\"rich-text\" data-tracking-skip=\"true\">\n<p>La primera ministra italiana Giorgia Meloni expres\u00f3 este lunes (11.08.2025) que le inquieta el plan de Israel de tomar el control de Ciudad de Gaza, al tiempo que calific\u00f3 la situaci\u00f3n humanitaria en el enclave de \u00abinjustificable e inaceptable\u00bb.<\/p>\n<p>En una conversaci\u00f3n telef\u00f3nica con el presidente palestino Mahmud Ab\u00e1s, Meloni comparti\u00f3 \u00absu profunda preocupaci\u00f3n por las recientes decisiones israel\u00edes, que parecen estar conduciendo a una mayor escalada militar\u00bb, indic\u00f3 su oficina.<\/p>\n<p>Adem\u00e1s, \u00abreiter\u00f3 la necesidad de poner fin de inmediato a las hostilidades para poder seguir prestando asistencia humanitaria a una poblaci\u00f3n civil desesperada\u00bb y coincidi\u00f3 con Ab\u00e1s en que \u00abHam\u00e1s debe liberar a todos los rehenes y aceptar que no tendr\u00e1 futuro en el gobierno de la Franja\u00bb de Gaza.<\/p>\n<p>Las palabras de la dirigente italiana se suman a las cr\u00edticas de numerosos pa\u00edses, que advierten que la iniciativa israel\u00ed no pondr\u00e1 fin a la guerra sino que aumentar\u00e1 el sufrimiento de la poblaci\u00f3n gazat\u00ed.<\/p>\n<p>El gobierno de Benjamin Netanyahu anunci\u00f3 el viernes que el ej\u00e9rcito israel\u00ed se prepara para tomar el control de Ciudad de Gaza con el objetivo de derrotar al grupo terrorista palestino Ham\u00e1s y liberar a los rehenes que secuestr\u00f3 en su ataque del 7 de octubre de 2023.<\/p>\n<p>El domingo, afirm\u00f3 que el plan, validado por el gabinete de seguridad israel\u00ed tras casi una noche de discusiones, \u00abes la mejor forma de terminar la guerra y la mejor forma de terminarla r\u00e1pido\u00bb.<\/p>\n<p>Sin embargo, el anuncio suscit\u00f3 una ola de cr\u00edticas a nivel mundial y el horror de las familias de los rehenes, quienes lo ven como una condena a muerte de sus seres queridos.<\/p>\n<p>RR AFP\/RAI<\/p>\n<\/div>\n\n","protected":false},"excerpt":{"rendered":"<p>La primera ministra italiana Giorgia Meloni expres\u00f3 este lunes (11.08.2025) que le inquieta el plan de Israel de tomar el control de Ciudad de Gaza, al tiempo que calific\u00f3 la situaci\u00f3n humanitaria en el enclave de \u00abinjustificable e inaceptable\u00bb. En una conversaci\u00f3n telef\u00f3nica con el presidente palestino Mahmud Ab\u00e1s, Meloni comparti\u00f3 \u00absu profunda preocupaci\u00f3n por &hellip;<\/p>\n","protected":false},"author":1,"featured_media":39944,"comment_status":"open","ping_status":"open","sticky":false,"template":"","format":"standard","meta":{"fifu_image_url":"https:\/\/static.dw.com\/image\/73389703_6.jpg","fifu_image_alt":"","footnotes":""},"categories":[13],"tags":[],"class_list":["post-39943","post","type-post","status-publish","format-standard","has-post-thumbnail","","category-mundo"],"_links":{"self":[{"href":"https:\/\/noticiasveraces.com\/index.php?rest_route=\/wp\/v2\/posts\/39943","targetHints":{"allow":["GET"]}}],"collection":[{"href":"https:\/\/noticiasveraces.com\/index.php?rest_route=\/wp\/v2\/posts"}],"about":[{"href":"https:\/\/noticiasveraces.com\/index.php?rest_route=\/wp\/v2\/types\/post"}],"author":[{"embeddable":true,"href":"https:\/\/noticiasveraces.com\/index.php?rest_route=\/wp\/v2\/users\/1"}],"replies":[{"embeddable":true,"href":"https:\/\/noticiasveraces.com\/index.php?rest_route=%2Fwp%2Fv2%2Fcomments&post=39943"}],"version-history":[{"count":0,"href":"https:\/\/noticiasveraces.com\/index.php?rest_route=\/wp\/v2\/posts\/39943\/revisions"}],"wp:featuredmedia":[{"embeddable":true,"href":"https:\/\/noticiasveraces.com\/index.php?rest_route=\/wp\/v2\/media\/39944"}],"wp:attachment":[{"href":"https:\/\/noticiasveraces.com\/index.php?rest_route=%2Fwp%2Fv2%2Fmedia&parent=39943"}],"wp:term":[{"taxonomy":"category","embeddable":true,"href":"https:\/\/noticiasveraces.com\/index.php?rest_route=%2Fwp%2Fv2%2Fcategories&post=39943"},{"taxonomy":"post_tag","embeddable":true,"href":"https:\/\/noticiasveraces.com\/index.php?rest_route=%2Fwp%2Fv2%2Ftags&post=39943"}],"curies":[{"name":"wp","href":"https:\/\/api.w.org\/{rel}","templated":true}]}}