{"id":39940,"date":"2025-08-11T16:43:10","date_gmt":"2025-08-11T20:43:10","guid":{"rendered":"https:\/\/noticiasveraces.com\/?p=39940"},"modified":"2025-08-11T16:43:10","modified_gmt":"2025-08-11T20:43:10","slug":"la-reunion-de-trump-putin-alaska-provoca-a-los-ministros-europeos-powwoow","status":"publish","type":"post","link":"https:\/\/noticiasveraces.com\/?p=39940","title":{"rendered":"La reuni\u00f3n de Trump-Putin Alaska provoca a los ministros europeos POWWOOW"},"content":{"rendered":"<p> \n<\/p>\n<div>\n<div id=\"beyondwords-wrapper\" class=\"beyondwords-wrapper\">\n<p><span class=\"label-bg\">NUEVO<\/span>\u00a1Ahora puedes escuchar art\u00edculos de Fox News!\n  <\/p>\n<\/div>\n<p class=\"speakable\">La Uni\u00f3n Europea hizo su puesto en el impulso de \u00abintercambio de tierras\u00bb del presidente Donald Trump en claro despu\u00e9s de un powwow ministerial el lunes, y le dijo a Fox News Digital, que no deber\u00eda haber \u00abconcesiones\u00bb hasta que Rusia acepte detener su guerra.<\/p>\n<p class=\"speakable\">\u00abRusia no ha acordado el alto el fuego completo e incondicional, ni siquiera debemos discutir ninguna concesi\u00f3n\u00bb, dijo el jefe de pol\u00edtica de la UE Kaja Kallas a Fox News Digital en una declaraci\u00f3n escrita. \u00abNunca ha funcionado en el pasado con Rusia, y no funcionar\u00e1 con Putin hoy.<\/p>\n<p>\u00abLa secuencia de los pasos es importante\u00bb, agreg\u00f3. \u00abPrimero un alto el fuego incondicional con un sistema de monitoreo fuerte y garant\u00edas de seguridad Ironclad\u00bb.<\/p>\n<p>Kallas pidi\u00f3 una reuni\u00f3n virtual de ministros de Relaciones Exteriores de la UE, as\u00ed como al ministro de Relaciones Exteriores de Ucrania, Andrii Sybiha, que inform\u00f3 a los funcionarios en \u00abesfuerzos diplom\u00e1ticos en curso y la situaci\u00f3n del campo de batalla\u00bb el lunes, luego del anuncio de la pr\u00f3xima reuni\u00f3n entre Trump y el presidente ruso Vladimir Putin listo para el viernes en Alaska. <\/p>\n<div class=\"image-ct inline\">\n<div class=\"m\"><picture><source media=\"(max-width: 767px)\" srcset=\"https:\/\/a57.foxnews.com\/static.foxnews.com\/foxnews.com\/content\/uploads\/2025\/08\/343\/192\/trump-zelenksyy.jpg?ve=1&amp;tl=1, https:\/\/a57.foxnews.com\/static.foxnews.com\/foxnews.com\/content\/uploads\/2025\/08\/686\/384\/trump-zelenksyy.jpg?ve=1&amp;tl=1 2x\" height=\"192\" width=\"343\"><source media=\"(min-width: 768px) and (max-width: 1023px)\" srcset=\"https:\/\/a57.foxnews.com\/static.foxnews.com\/foxnews.com\/content\/uploads\/2025\/08\/672\/378\/trump-zelenksyy.jpg?ve=1&amp;tl=1, https:\/\/a57.foxnews.com\/static.foxnews.com\/foxnews.com\/content\/uploads\/2025\/08\/1344\/756\/trump-zelenksyy.jpg?ve=1&amp;tl=1 2x\" height=\"378\" width=\"672\"><source media=\"(min-width: 1024px) and (max-width: 1279px)\" srcset=\"https:\/\/a57.foxnews.com\/static.foxnews.com\/foxnews.com\/content\/uploads\/2025\/08\/931\/523\/trump-zelenksyy.jpg?ve=1&amp;tl=1, https:\/\/a57.foxnews.com\/static.foxnews.com\/foxnews.com\/content\/uploads\/2025\/08\/1862\/1046\/trump-zelenksyy.jpg?ve=1&amp;tl=1 2x\" height=\"523\" width=\"931\"><source media=\"(min-width: 1280px)\" srcset=\"https:\/\/a57.foxnews.com\/static.foxnews.com\/foxnews.com\/content\/uploads\/2025\/08\/720\/405\/trump-zelenksyy.jpg?ve=1&amp;tl=1, https:\/\/a57.foxnews.com\/static.foxnews.com\/foxnews.com\/content\/uploads\/2025\/08\/1440\/810\/trump-zelenksyy.jpg?ve=1&amp;tl=1 2x\" height=\"405\" width=\"720\"><img loading=\"lazy\" decoding=\"async\" src=\"https:\/\/a57.foxnews.com\/static.foxnews.com\/foxnews.com\/content\/uploads\/2025\/08\/1200\/675\/trump-zelenksyy.jpg?ve=1&amp;tl=1\" alt=\"Trump persigue a Zelenskyy en la conferencia de prensa\" width=\"1200\" height=\"675\"\/><\/source><\/source><\/source><\/source><\/picture><\/div>\n<div class=\"info\">\n<div class=\"caption\">\n<p><span>El presidente de los Estados Unidos, Donald Trump, durante una conferencia de prensa en la Sala de Informaci\u00f3n de Prensa James S. Brady de la Casa Blanca en Washington, DC, EE. UU., El lunes 11 de agosto de 2025. <\/span> <span>(Yuri Gripas\/Abaca\/Bloomberg a trav\u00e9s de Getty Images)<\/span><\/p>\n<\/div>\n<\/div>\n<\/div>\n<p>Si bien las conversaciones del lunes abordaron sanciones adicionales contra Rusia, m\u00e1s ayuda militar para Ucrania y m\u00e1s apoyo monetario para Kiev, tambi\u00e9n coincidieron con los comentarios hechos por Trump que tocaron una nota cr\u00edtica del presidente ucraniano Volodymyr Zelenskyy.<\/p>\n<p>Los l\u00edderes europeos a\u00fan no han respondido directamente al tono de reproceso de Trump antes de su reuni\u00f3n con Putin el viernes, aunque los comentarios de Kallas no dejaron en claro que ni la UE ni Ucrania respaldan la propuesta m\u00e1s reciente de Trump de que Ucrania y Rusia \u00abintercambian\u00bb las fronteras.<\/p>\n<p>\u00abApoyamos plenamente el fin de esta guerra de una manera que no deja una puerta trasera abierta para que Rusia vuelva a entrar y reinicie su agresi\u00f3n\u00bb, dijo. \u00abEl derecho de Ucrania a existir como una naci\u00f3n soberana est\u00e1 bajo ataque, as\u00ed como la seguridad de nuestro continente europeo\u00bb.<\/p>\n<p><strong>Summit con Putin preparada para superar la agenda de Trump esta semana, ya que la guerra de Ucrania toma el centro del escenario<\/strong><\/p>\n<p>Los detalles de la pr\u00f3xima reuni\u00f3n de Trump con Putin siguen siendo relativamente desconocidas, aunque los funcionarios europeos est\u00e1n ansiosos por recordar a ambos l\u00edderes la necesidad de involucrarlos a ellos y a Kiev en las conversaciones de alto nivel. <\/p>\n<p>\u00abEstados Unidos tiene el poder de obligar a Rusia a negociar seriamente\u00bb, dijo Kallas a Fox News Digital. \u00abCualquier acuerdo entre los Estados Unidos y Rusia debe tener Ucrania y la UE incluidos, ya que es una cuesti\u00f3n de Ucrania y toda la seguridad de Europa\u00bb.<\/p>\n<p>Kallas se ha mantenido firme en su determinaci\u00f3n de que cualquier negociaci\u00f3n sobre Ucrania debe incluir a Europa, ya que el continente mira su amenaza m\u00e1s significativa desde la Segunda Guerra Mundial. <\/p>\n<p>Pero no es solo la participaci\u00f3n de Europa en cualquier negociaci\u00f3n de seguridad que los l\u00edderes de la UE buscen recordarle a Trump, sino la soberan\u00eda territorial de Ucrania.<\/p>\n<p>\u00abMientras trabajamos hacia una paz sostenible y justa, el derecho internacional es claro: todos los territorios ocupados temporalmente pertenecen a Ucrania\u00bb, dijo Kallas. \u00abUna paz sostenible tambi\u00e9n significa que la agresi\u00f3n no puede ser recompensada\u00bb.<\/p>\n<p>Los l\u00edderes europeos durante el fin de semana del Reino Unido, Francia, Italia, Alemania, Polonia, Finlandia y la UE emitieron una declaraci\u00f3n que afirma que \u00abel camino hacia la paz en Ucrania no puede decidirse sin Ucrania\u00bb.<\/p>\n<p>Zelenskyy arriesg\u00f3 la ira de Trump y busc\u00f3 aclarar el r\u00e9cord el s\u00e1bado despu\u00e9s de que el presidente de los Estados Unidos sugiri\u00f3 el viernes que Ucrania y Rusia pueden \u00abintercambiar\u00bb el territorio.<\/p>\n<div class=\"image-ct inline\">\n<div class=\"m\"><picture><source media=\"(max-width: 767px)\" srcset=\"https:\/\/a57.foxnews.com\/static.foxnews.com\/foxnews.com\/content\/uploads\/2025\/08\/343\/192\/zelenskyy-ukraine-peace.jpg?ve=1&amp;tl=1, https:\/\/a57.foxnews.com\/static.foxnews.com\/foxnews.com\/content\/uploads\/2025\/08\/686\/384\/zelenskyy-ukraine-peace.jpg?ve=1&amp;tl=1 2x\" height=\"192\" width=\"343\"><source media=\"(min-width: 768px) and (max-width: 1023px)\" srcset=\"https:\/\/a57.foxnews.com\/static.foxnews.com\/foxnews.com\/content\/uploads\/2025\/08\/672\/378\/zelenskyy-ukraine-peace.jpg?ve=1&amp;tl=1, https:\/\/a57.foxnews.com\/static.foxnews.com\/foxnews.com\/content\/uploads\/2025\/08\/1344\/756\/zelenskyy-ukraine-peace.jpg?ve=1&amp;tl=1 2x\" height=\"378\" width=\"672\"><source media=\"(min-width: 1024px) and (max-width: 1279px)\" srcset=\"https:\/\/a57.foxnews.com\/static.foxnews.com\/foxnews.com\/content\/uploads\/2025\/08\/931\/523\/zelenskyy-ukraine-peace.jpg?ve=1&amp;tl=1, https:\/\/a57.foxnews.com\/static.foxnews.com\/foxnews.com\/content\/uploads\/2025\/08\/1862\/1046\/zelenskyy-ukraine-peace.jpg?ve=1&amp;tl=1 2x\" height=\"523\" width=\"931\"><source media=\"(min-width: 1280px)\" srcset=\"https:\/\/a57.foxnews.com\/static.foxnews.com\/foxnews.com\/content\/uploads\/2025\/08\/720\/405\/zelenskyy-ukraine-peace.jpg?ve=1&amp;tl=1, https:\/\/a57.foxnews.com\/static.foxnews.com\/foxnews.com\/content\/uploads\/2025\/08\/1440\/810\/zelenskyy-ukraine-peace.jpg?ve=1&amp;tl=1 2x\" height=\"405\" width=\"720\"><img loading=\"lazy\" decoding=\"async\" src=\"https:\/\/a57.foxnews.com\/static.foxnews.com\/foxnews.com\/content\/uploads\/2025\/08\/1200\/675\/zelenskyy-ukraine-peace.jpg?ve=1&amp;tl=1\" alt=\"El presidente ucraniano, Volodymyr Zelenskyy, pone su mano sobre su pecho\" width=\"1200\" height=\"675\"\/><\/source><\/source><\/source><\/source><\/picture><\/div>\n<div class=\"info\">\n<div class=\"caption\">\n<p><span>Volodymyr Zelensky, presidente de Ucrania, sostiene su mano en su pecho despu\u00e9s de su discurso en el Bundestag alem\u00e1n. <\/span> <span>(Bernd von jutrczenka\/imagen alianza\/getty im\u00e1genes)<\/span><\/p>\n<\/div>\n<\/div>\n<\/div>\n<p><strong>Zelenskyy agradece a la OTAN, l\u00edderes europeos por respaldar su impulso para unirse a Trump -tputin Summit<\/strong><\/p>\n<p>\u00abEst\u00e1s viendo un territorio que se ha librado durante 3,5 a\u00f1os\u00bb, dijo Trump a periodistas de la Casa Blanca en referencia a la tierra que Rusia ha invadido y ocupado ilegalmente en el este de Ucrania. \u00abEstamos mirando eso. Pero estamos buscando intercambiar. Vamos a recuperar algo\u00bb.<\/p>\n<p>Zelenskyy respondi\u00f3 confirmando que \u00ablos ucranianos no dar\u00e1n sus tierras al ocupante\u00bb.<\/p>\n<p>\u00abCualquier decisi\u00f3n tomada contra nosotros, cualquier decisi\u00f3n tomada sin Ucrania: son decisiones simult\u00e1neas contra la paz\u00bb, agreg\u00f3. \u00abEstas son decisiones muertas; nunca funcionar\u00e1n. Y lo que todos necesitamos es una paz real y viva, una que la gente respetar\u00e1\u00bb.<\/p>\n<p>En sus comentarios a Fox News Digital, Kallas busc\u00f3 recordar a Trump que los intereses de Putin estaban fuera de un simple acaparamiento de tierras en Ucrania: es una amenaza existencial para el continente europeo. <\/p>\n<div class=\"image-ct inline\">\n<div class=\"m\"><picture><source media=\"(max-width: 767px)\" srcset=\"https:\/\/a57.foxnews.com\/static.foxnews.com\/foxnews.com\/content\/uploads\/2025\/06\/343\/192\/g7-zelenskyy.jpg?ve=1&amp;tl=1, https:\/\/a57.foxnews.com\/static.foxnews.com\/foxnews.com\/content\/uploads\/2025\/06\/686\/384\/g7-zelenskyy.jpg?ve=1&amp;tl=1 2x\" height=\"192\" width=\"343\"><source media=\"(min-width: 768px) and (max-width: 1023px)\" srcset=\"https:\/\/a57.foxnews.com\/static.foxnews.com\/foxnews.com\/content\/uploads\/2025\/06\/672\/378\/g7-zelenskyy.jpg?ve=1&amp;tl=1, https:\/\/a57.foxnews.com\/static.foxnews.com\/foxnews.com\/content\/uploads\/2025\/06\/1344\/756\/g7-zelenskyy.jpg?ve=1&amp;tl=1 2x\" height=\"378\" width=\"672\"><source media=\"(min-width: 1024px) and (max-width: 1279px)\" srcset=\"https:\/\/a57.foxnews.com\/static.foxnews.com\/foxnews.com\/content\/uploads\/2025\/06\/931\/523\/g7-zelenskyy.jpg?ve=1&amp;tl=1, https:\/\/a57.foxnews.com\/static.foxnews.com\/foxnews.com\/content\/uploads\/2025\/06\/1862\/1046\/g7-zelenskyy.jpg?ve=1&amp;tl=1 2x\" height=\"523\" width=\"931\"><source media=\"(min-width: 1280px)\" srcset=\"https:\/\/a57.foxnews.com\/static.foxnews.com\/foxnews.com\/content\/uploads\/2025\/06\/720\/405\/g7-zelenskyy.jpg?ve=1&amp;tl=1, https:\/\/a57.foxnews.com\/static.foxnews.com\/foxnews.com\/content\/uploads\/2025\/06\/1440\/810\/g7-zelenskyy.jpg?ve=1&amp;tl=1 2x\" height=\"405\" width=\"720\"><img loading=\"lazy\" decoding=\"async\" src=\"https:\/\/a57.foxnews.com\/static.foxnews.com\/foxnews.com\/content\/uploads\/2025\/06\/1200\/675\/g7-zelenskyy.jpg?ve=1&amp;tl=1\" alt=\"French President Emmanuel Macron, European Commission President Ursula Von der Leyen, NATO Secretary General Mark Rutte, Japanese Prime Minister Shigeru Ishiba, German Chancellor Friedrich Merz, US Secretary of Treasury Scott Bessent, Canadian Prime Minister Mark Carney, Ukrainian President Volodymyr Zelenskyy, British Prime Minister Keir Starmer, and Italian Prime Minister Giorgia Meloni meet during the Group of Seven (G7) Cumbre\" width=\"1200\" height=\"675\"\/><\/source><\/source><\/source><\/source><\/picture><\/div>\n<div class=\"info\">\n<div class=\"caption\">\n<p><span>French President Emmanuel Macron, European Commission President Ursula Von der Leyen, NATO Secretary General Mark Rutte, Japanese Prime Minister Shigeru Ishiba, German Chancellor Friedrich Merz, US Secretary of Treasury Scott Bessent, Canadian Prime Minister Mark Carney, Ukrainian President Volodymyr Zelenskyy, British Prime Minister Keir Starmer, and Italian Prime Minister Giorgia Meloni meet during the Group of Seven (G7) Cumbre en el Pomeroy Kananaskis Mountain Lodge en Kananaskis, Alberta, Canad\u00e1, el 17 de junio de 2025.<\/span> <span>(Ludovic Marin\/AFP a trav\u00e9s de Getty Images)<\/span><\/p>\n<\/div>\n<\/div>\n<\/div>\n<p><strong>Haga clic aqu\u00ed para obtener la aplicaci\u00f3n Fox News<\/strong><\/p>\n<p>\u00abLos objetivos de guerra de Rusia son m\u00e1s que simplemente tomar territorio en Ucrania\u00bb, dijo. \u00abRusia comenz\u00f3 esta guerra para destruir la seguridad de Ucrania y Europa.   <\/p>\n<p>\u00abUn acuerdo no debe proporcionar un trampol\u00edn para una mayor agresi\u00f3n rusa contra Ucrania, la Alianza Transatl\u00e1ntica y Europa\u00bb, agreg\u00f3.<\/p>\n<p>El canciller alem\u00e1n Friedrich Merz invit\u00f3 a Trump, Zelenskyy y el secretario general de la OTAN Mark Rutte para otra reuni\u00f3n virtual el mi\u00e9rcoles con otros l\u00edderes europeos por delante de las principales conversaciones de Trump, seg\u00fan los informes el lunes.  <\/p>\n<p>Trump reiter\u00f3 el lunes su objetivo de que primero se reuniera con Putin, y luego Zelenskyy se reunir\u00e1 con Putin, con o sin el presidente de los Estados Unidos, para asegurar un alto el fuego.<\/p>\n<p> <!----> <\/p>\n<div class=\"article-meta\">\n<div class=\"author-bio\">\n<p>Caitlin McFall es reportero de Fox News Digital Cubting Politics, US y World News.<\/p>\n<\/div>\n<\/div>\n<\/div>\n\n","protected":false},"excerpt":{"rendered":"<p>NUEVO\u00a1Ahora puedes escuchar art\u00edculos de Fox News! La Uni\u00f3n Europea hizo su puesto en el impulso de \u00abintercambio de tierras\u00bb del presidente Donald Trump en claro despu\u00e9s de un powwow ministerial el lunes, y le dijo a Fox News Digital, que no deber\u00eda haber \u00abconcesiones\u00bb hasta que Rusia acepte detener su guerra. \u00abRusia no ha &hellip;<\/p>\n","protected":false},"author":1,"featured_media":39942,"comment_status":"open","ping_status":"open","sticky":false,"template":"","format":"standard","meta":{"fifu_image_url":"https:\/\/static.foxnews.com\/foxnews.com\/content\/uploads\/2025\/02\/kallas-putin-trump-2.jpg","fifu_image_alt":"","footnotes":""},"categories":[13],"tags":[],"class_list":["post-39940","post","type-post","status-publish","format-standard","has-post-thumbnail","","category-mundo"],"_links":{"self":[{"href":"https:\/\/noticiasveraces.com\/index.php?rest_route=\/wp\/v2\/posts\/39940","targetHints":{"allow":["GET"]}}],"collection":[{"href":"https:\/\/noticiasveraces.com\/index.php?rest_route=\/wp\/v2\/posts"}],"about":[{"href":"https:\/\/noticiasveraces.com\/index.php?rest_route=\/wp\/v2\/types\/post"}],"author":[{"embeddable":true,"href":"https:\/\/noticiasveraces.com\/index.php?rest_route=\/wp\/v2\/users\/1"}],"replies":[{"embeddable":true,"href":"https:\/\/noticiasveraces.com\/index.php?rest_route=%2Fwp%2Fv2%2Fcomments&post=39940"}],"version-history":[{"count":0,"href":"https:\/\/noticiasveraces.com\/index.php?rest_route=\/wp\/v2\/posts\/39940\/revisions"}],"wp:featuredmedia":[{"embeddable":true,"href":"https:\/\/noticiasveraces.com\/index.php?rest_route=\/wp\/v2\/media\/39942"}],"wp:attachment":[{"href":"https:\/\/noticiasveraces.com\/index.php?rest_route=%2Fwp%2Fv2%2Fmedia&parent=39940"}],"wp:term":[{"taxonomy":"category","embeddable":true,"href":"https:\/\/noticiasveraces.com\/index.php?rest_route=%2Fwp%2Fv2%2Fcategories&post=39940"},{"taxonomy":"post_tag","embeddable":true,"href":"https:\/\/noticiasveraces.com\/index.php?rest_route=%2Fwp%2Fv2%2Ftags&post=39940"}],"curies":[{"name":"wp","href":"https:\/\/api.w.org\/{rel}","templated":true}]}}