{"id":39938,"date":"2025-08-11T15:42:08","date_gmt":"2025-08-11T19:42:08","guid":{"rendered":"https:\/\/noticiasveraces.com\/?p=39938"},"modified":"2025-08-11T15:42:08","modified_gmt":"2025-08-11T19:42:08","slug":"fin-de-la-razon-de-estado-alemana-dw-11-08-2025","status":"publish","type":"post","link":"https:\/\/noticiasveraces.com\/?p=39938","title":{"rendered":"\u00bffin de la raz\u00f3n de Estado alemana? \u2013 DW \u2013 11\/08\/2025"},"content":{"rendered":"<p> \n<\/p>\n<div data-tracking-name=\"rich-text\" data-tracking-skip=\"true\">\n<p>El tabloide de mayor tirada de Alemania, <em>Bild<\/em>ya emiti\u00f3 su juicio sobre el canciller alem\u00e1n, el conservador Friedrich Merz: \u00abEl solitario canciller explica su mayor error\u00bb, escribi\u00f3 el peri\u00f3dico. Con esto, se refer\u00eda a la decisi\u00f3n del jefe de Gobierno alem\u00e1n de suspender de inmediato el suministro de armas a Israel\u00a0que tambi\u00e9n podr\u00edan utilizarse en la guerra de la Franja de Gaza. Merz tom\u00f3 esta decisi\u00f3n pr\u00e1cticamente en solitario, seg\u00fan <em>Bild<\/em>.<\/p>\n<p>Tampoco la Uni\u00f3n Social Cristiana (CSU), el\u00a0hermano b\u00e1varo de su partido, la Uni\u00f3n Dem\u00f3crata Cristiana (CDU), fue informada. La incomprensi\u00f3n sobre esta decisi\u00f3n se ha extendido en todo el bloque conservador formado por ambos partidos.<\/p>\n<p>El viernes (8.08.2025), Merz anunci\u00f3 su decisi\u00f3n por escrito, aparentemente, en respuesta al plan del primer ministro israel\u00ed, Benjam\u00edn Netanyahu, de ocupar completamente la ciudad de Gaza. El canciller, que tambi\u00e9n preside la CDU, escribi\u00f3: \u00abEl Gobierno alem\u00e1n sigue profundamente preocupado por el sufrimiento continuo de la poblaci\u00f3n civil en la Franja de Gaza. Con la planeada ofensiva, el Gobierno israel\u00ed carga con una responsabilidad a\u00fan mayor que antes por el aprovisionamiento de esta\u201d. Y luego vino la frase que ha ocupado a la pol\u00edtica en Berl\u00edn desde entonces: \u00abEn estas circunstancias, el Gobierno alem\u00e1n no autorizar\u00e1 ninguna exportaci\u00f3n de equipo militar que pueda utilizarse en la Franja de Gaza hasta nuevo aviso\u201d.<\/p>\n<figure class=\"placeholder-image master_landscape big\"><img data-format=\"MASTER_LANDSCAPE\" data-id=\"73592537\" data-url=\"https:\/\/static.dw.com\/image\/73592537_${formatId}.jpg\" data-aspect-ratio=\"16\/9\" alt=\"Friedrich Merz y Benjam\u00edn Netanyahu en Jerusal\u00e9n, en 2024.\" style=\"padding-bottom: 56.25%; height: 0; max-height: 0;\"\/><figcaption class=\"img-caption\">Desde que Friedrich Merz (izqda.) se convirti\u00f3 en canciller, a\u00fan no se ha reunido en persona con el primer ministro israel\u00ed, Benjam\u00edn Netanyahu (dcha.). (Imagen de febrero de 2024)<small class=\"copyright\">Imagen: Kobi Gideon\/GPO\/DPA\/Picture Alliance<\/small><\/figcaption><\/figure>\n<h2>Merz: \u00abUna amistad debe soportar esto\u00bb<\/h2>\n<p>\u00bfAcaso con este paso Alemania abandona a Israel, el pa\u00eds para el cual existe en Alemania una raz\u00f3n de Estado, es decir, la vehemente defensa del derecho de Israel a existir y a su seguridad, que todos los Gobiernos alemanes han respetado? Esto, justificado por la responsabilidad hist\u00f3rica de Alemania tras el colapso de la civilizaci\u00f3n durante el Holocausto; el asesinato de aproximadamente seis millones de jud\u00edos a manos de los nazis.<\/p>\n<p>Merz se sinti\u00f3 obligado a explicar su decisi\u00f3n una vez m\u00e1s este fin de semana tras las masivas cr\u00edticas: el domingo, en la cadena de televisi\u00f3n ARD, el canciller alem\u00e1n afirm\u00f3 que los principios de la pol\u00edtica alemana hacia Israel permanecen inalterables: \u00abSeguiremos ayudando a Israel a defenderse\u00bb. Pero a\u00f1adi\u00f3 que el Gobierno alem\u00e1n no puede suministrar armas a un conflicto que se cobra cientos de miles de v\u00edctimas civiles. Alemania mantiene una relaci\u00f3n amistosa con Israel, pero una amistad tambi\u00e9n debe poder soportar un disenso como el actual, subray\u00f3.<\/p>\n<figure class=\"placeholder-image master_landscape big\"><img data-format=\"MASTER_LANDSCAPE\" data-id=\"73587368\" data-url=\"https:\/\/static.dw.com\/image\/73587368_${formatId}.jpg\" data-aspect-ratio=\"16\/9\" alt=\"Un ni\u00f1o sentado entre escombros y rodeado por ellos, despu\u00e9s de un ataque a\u00e9reo israel\u00ed en Gaza. \" style=\"padding-bottom: 56.25%; height: 0; max-height: 0;\"\/><figcaption class=\"img-caption\">Un ni\u00f1o sentado entre escombros despu\u00e9s de un ataque a\u00e9reo israel\u00ed en Gaza. (9.08.2025).<small class=\"copyright\">Imagen: Rizek Abdeljawad\/Xinhua\/Imelo<\/small><\/figcaption><\/figure>\n<h2>\u00bfDetendr\u00e1 ahora Israel las exportaciones de armas a Alemania?<\/h2>\n<p>Inicialmente, se escuch\u00f3 poco de los principales miembros del partido CDU: ni cr\u00edticas a Merz ni tampoco apoyo. Por ejemplo, el influyente l\u00edder del grupo parlamentario de la CDU, Jens Spahn, guard\u00f3 silencio. Pero desde la CSU, el partido hermano de la CDU en Baviera, llegaron claras cr\u00edticas.<\/p>\n<p>Stephan Mayer, experto en pol\u00edtica exterior del partido en el Bundestag, declar\u00f3 al peri\u00f3dico <em>Espejo diario<\/em> que \u00e9l tambi\u00e9n ve\u00eda el sufrimiento de los aproximadamente dos millones de personas en la Franja de Gaza: \u00abLa pregunta es si la decisi\u00f3n de suspender parcialmente los env\u00edos de armas es la respuesta correcta. Yo y muchos otros colegas tenemos una opini\u00f3n diferente al respecto\u00bb, subray\u00f3.<\/p>\n<p>Mayer tambi\u00e9n situ\u00f3 la decisi\u00f3n del canciller en el contexto de las importaciones de armas de Israel a Alemania, que ahora podr\u00edan reducirse, lo que cree que ser\u00eda desastroso. \u00abConsiderando lo mucho que Alemania depende de las importaciones de armas de Israel, especialmente en estas importantes \u00e1reas de ciberdefensa, defensa contra drones, escudos de defensa y cooperaci\u00f3n de inteligencia\u00bb, argument\u00f3 Mayer, el camino de los embargos parciales de armas contra Israel o las prohibiciones de env\u00edo de armas no es\u00a0necesariamente\u00a0el enfoque m\u00e1s eficaz.<\/p>\n<p>Roderich Kiesewetter, experto en pol\u00edtica exterior de la CDU, escribi\u00f3 en la plataforma online X: \u00abLa credibilidad de nuestra raz\u00f3n de Estado se mide precisamente por la cooperaci\u00f3n en materia de seguridad y el compromiso de proteger la vida jud\u00eda y el Estado de Israel\u00bb.<\/p>\n<p><span data-slot-id=\"Article_InContent-1\" class=\"rich-text-ad\"\/><\/p>\n<h2>Merz,\u00a0\u00bfimpulsado por las malos resultados en las encuestas?<\/h2>\n<p>El debate del fin de semana tambi\u00e9n estuvo dominado por la pregunta de c\u00f3mo fue tomada\u00a0la sorprendente decisi\u00f3n del viernes (8.08.2025). \u00bfSe vio Merz influenciado tambi\u00e9n por encuestas recientes, como Deutschlandtrend, del canal ARD, publicada por el instituto de investigaci\u00f3n de opini\u00f3n Infratest-dimap hace unos d\u00edas? Dicha encuesta revel\u00f3 que una clara mayor\u00eda del 66 por ciento de los encuestados cree que el canciller deber\u00eda aumentar la presi\u00f3n para obligar a Israel a cambiar su enfoque.<\/p>\n<p>Tanto Merz como su predecesor, Olaf Scholz, del Partido Socialdem\u00f3crata Alem\u00e1n (SPD), han\u00a0enfatizado continuamente que a\u00fan ven una responsabilidad especial de Alemania por la existencia de Israel. Sin embargo, entre los encuestados de Deutschlandtrend, solo el 31 por ciento\u00a0sigue opinando lo mismo, un 5 por ciento\u00a0menos que recientemente. Y la gente no conf\u00eda especialmente en el Gobierno de Merz, que ni siquiera lleva 100 d\u00edas en el cargo: el 69 por ciento\u00a0est\u00e1 insatisfecho con su labor.<\/p>\n<figure class=\"placeholder-image master_landscape big\"><img data-format=\"MASTER_LANDSCAPE\" data-id=\"73600238\" data-url=\"https:\/\/static.dw.com\/image\/73600238_${formatId}.jpg\" data-aspect-ratio=\"16\/9\" alt=\"Benjam\u00edn Netanyahu, primer ministro de Israel.\" style=\"padding-bottom: 56.25%; height: 0; max-height: 0;\"\/><figcaption class=\"img-caption\">Benjam\u00edn Netanyahu, primer ministro de Israel, dijo el domingo 10 de agosto de 2025 que su Gobierno no tiene planes de ocupar Gaza.<small class=\"copyright\">Imagen: Abir Sultan\/AFP<\/small><\/figcaption><\/figure>\n<h2>Prohibici\u00f3n de exportaci\u00f3n de armamento a Israel, probablemente m\u00e1s bien simb\u00f3lica<\/h2>\n<p>Este lunes 11.08.2025, la conferencia de prensa del Gobierno alem\u00e1n estuvo dominada por la cuesti\u00f3n en torno a qu\u00e9 armas dejar\u00edan de suministrarse a Israel. Un portavoz del Ministerio alem\u00e1n de Defensa sorprendi\u00f3 a todos al afirmar que Alemania no hab\u00eda suministrado armas ni municiones a Israel desde el estallido de la guerra de Gaza, en octubre de 2023, tras el ataque armado contra Israel perpetrado por Ham\u00e1s, e hizo referencia a una declaraci\u00f3n anterior del ministro de Defensa, Boris Pistorius.<\/p>\n<p>El jefe de la canciller\u00eda, Thorsten Frei (CDU), declar\u00f3 en una entrevista que Alemania seguir\u00eda suministrando armas a Israel, especialmente \u00abtodo lo que sirva a la autodefensa de Israel, por ejemplo, en las \u00e1reas de defensa a\u00e9rea y naval\u201d.<\/p>\n<h2>Netanyahu: \u00abMerz premia el terrorismo de Ham\u00e1s\u00bb<\/h2>\n<p>Merz recibi\u00f3 el apoyo de su socio de coalici\u00f3n, el socialdem\u00f3crata SPD. La presidenta del partido, la ministra de Trabajo B\u00e4rbel Bas, declar\u00f3 a ARD: \u00abSugerir que Friedrich Merz traicionar\u00eda a Israel es algo bastante audaz\u00bb. El propio canciller parece querer calmar la situaci\u00f3n por ahora y abstenerse de hacer m\u00e1s comentarios. No est\u00e1 prevista una nueva conversaci\u00f3n con Benjam\u00edn Netanyahu, seg\u00fan se anunci\u00f3 este lunes.<\/p>\n<p>El propio despacho de Netanyahu declar\u00f3 el domingo que el primer ministro israel\u00ed hab\u00eda expresado su decepci\u00f3n al canciller alem\u00e1n por tel\u00e9fono. Con esta medida, continu\u00f3 Netanyahu, el canciller est\u00e1 premiando a Ham\u00e1s, una organizaci\u00f3n radical islamista, clasificada como terrorista por la Uni\u00f3n Europea, Estados Unidos, y otros pa\u00edses.<\/p>\n<p>(CP\/MS)<\/p>\n<\/div>\n\n","protected":false},"excerpt":{"rendered":"<p>El tabloide de mayor tirada de Alemania, Bildya emiti\u00f3 su juicio sobre el canciller alem\u00e1n, el conservador Friedrich Merz: \u00abEl solitario canciller explica su mayor error\u00bb, escribi\u00f3 el peri\u00f3dico. Con esto, se refer\u00eda a la decisi\u00f3n del jefe de Gobierno alem\u00e1n de suspender de inmediato el suministro de armas a Israel\u00a0que tambi\u00e9n podr\u00edan utilizarse en &hellip;<\/p>\n","protected":false},"author":1,"featured_media":39939,"comment_status":"open","ping_status":"open","sticky":false,"template":"","format":"standard","meta":{"fifu_image_url":"https:\/\/static.dw.com\/image\/72510785_6.jpg","fifu_image_alt":"","footnotes":""},"categories":[13],"tags":[],"class_list":["post-39938","post","type-post","status-publish","format-standard","has-post-thumbnail","","category-mundo"],"_links":{"self":[{"href":"https:\/\/noticiasveraces.com\/index.php?rest_route=\/wp\/v2\/posts\/39938","targetHints":{"allow":["GET"]}}],"collection":[{"href":"https:\/\/noticiasveraces.com\/index.php?rest_route=\/wp\/v2\/posts"}],"about":[{"href":"https:\/\/noticiasveraces.com\/index.php?rest_route=\/wp\/v2\/types\/post"}],"author":[{"embeddable":true,"href":"https:\/\/noticiasveraces.com\/index.php?rest_route=\/wp\/v2\/users\/1"}],"replies":[{"embeddable":true,"href":"https:\/\/noticiasveraces.com\/index.php?rest_route=%2Fwp%2Fv2%2Fcomments&post=39938"}],"version-history":[{"count":0,"href":"https:\/\/noticiasveraces.com\/index.php?rest_route=\/wp\/v2\/posts\/39938\/revisions"}],"wp:featuredmedia":[{"embeddable":true,"href":"https:\/\/noticiasveraces.com\/index.php?rest_route=\/wp\/v2\/media\/39939"}],"wp:attachment":[{"href":"https:\/\/noticiasveraces.com\/index.php?rest_route=%2Fwp%2Fv2%2Fmedia&parent=39938"}],"wp:term":[{"taxonomy":"category","embeddable":true,"href":"https:\/\/noticiasveraces.com\/index.php?rest_route=%2Fwp%2Fv2%2Fcategories&post=39938"},{"taxonomy":"post_tag","embeddable":true,"href":"https:\/\/noticiasveraces.com\/index.php?rest_route=%2Fwp%2Fv2%2Ftags&post=39938"}],"curies":[{"name":"wp","href":"https:\/\/api.w.org\/{rel}","templated":true}]}}