{"id":39936,"date":"2025-08-11T14:41:04","date_gmt":"2025-08-11T18:41:04","guid":{"rendered":"https:\/\/noticiasveraces.com\/?p=39936"},"modified":"2025-08-11T14:41:04","modified_gmt":"2025-08-11T18:41:04","slug":"reunion-sobre-ucrania-con-trump-y-lideres-de-ue-dw-11-08-2025","status":"publish","type":"post","link":"https:\/\/noticiasveraces.com\/?p=39936","title":{"rendered":"reuni\u00f3n sobre Ucrania con Trump y l\u00edderes de UE \u2013 DW \u2013 11\/08\/2025"},"content":{"rendered":"<p> \n<\/p>\n<div data-tracking-name=\"rich-text\" data-tracking-skip=\"true\">\n<p>El presidente estadounidense Donald Trump, su hom\u00f3logo ucraniano Volodimir Zelenski, l\u00edderes de pa\u00edses europeos, de la OTAN y la Uni\u00f3n Europea (UE) discutir\u00e1n sobre la invasi\u00f3n rusa de Ucrania el mi\u00e9rcoles, dos d\u00edas antes de la reuni\u00f3n entre Trump y Vladimir Putin, anunci\u00f3 el portavoz del canciller alem\u00e1n Friedrich Merz este lunes (11.08.2025).<\/p>\n<p>Estas \u00abconversaciones\u00bb, organizadas por iniciativa de Berl\u00edn en varios grupos tem\u00e1ticos, se centrar\u00e1n en \u00ablos preparativos para posibles negociaciones de paz\u00bb, declar\u00f3 Stefan Kornelius en un comunicado.<\/p>\n<p>Asuntos \u00abrelacionados con las reivindicaciones territoriales y las garant\u00edas de seguridad\u00bb, as\u00ed como posibles \u00abacciones adicionales\u00bb para \u00abejercer presi\u00f3n sobre Rusia\u00bb tambi\u00e9n formar\u00e1n parte de la agenda.<\/p>\n<h2><strong>Trump afirma que le pedir\u00e1 a Putin que acabe con su invasi\u00f3n de Ucrania<\/strong><\/h2>\n<p>Este lunes, la UE reuni\u00f3 de urgencia a sus ministros de Relaciones Exteriores para intentar influir en las negociaciones previstas para el viernes en Alaska entre Trump y Putin sobre la guerra en Ucrania, que suscitan temores de un acuerdo en detrimento de Kiev.<\/p>\n<p>Los europeos han intensificado sus contactos y se han esforzado por formar un frente unido en apoyo a Ucrania desde el anuncio de la cumbre entre los dos l\u00edderes mundiales.<\/p>\n<p>Trump declar\u00f3 este lunes que espera tener una \u00abconversaci\u00f3n constructiva\u00bb con su hom\u00f3logo ruso \u00abVoy a hablar con Vladimir Putin y le dir\u00e9: &#8216;Tienes que ponerle fin a esta guerra'\u00bb, declar\u00f3\u00a0en rueda de prensa en la Casa Blanca.<\/p>\n<p>Tambi\u00e9n expres\u00f3 su descontento con Zelenski\u00a0por descartar concesiones territoriales a Rusia. <\/p>\n<p>RR AFP\/DPA<\/p>\n<\/div>\n\n","protected":false},"excerpt":{"rendered":"<p>El presidente estadounidense Donald Trump, su hom\u00f3logo ucraniano Volodimir Zelenski, l\u00edderes de pa\u00edses europeos, de la OTAN y la Uni\u00f3n Europea (UE) discutir\u00e1n sobre la invasi\u00f3n rusa de Ucrania el mi\u00e9rcoles, dos d\u00edas antes de la reuni\u00f3n entre Trump y Vladimir Putin, anunci\u00f3 el portavoz del canciller alem\u00e1n Friedrich Merz este lunes (11.08.2025). Estas \u00abconversaciones\u00bb, &hellip;<\/p>\n","protected":false},"author":1,"featured_media":39937,"comment_status":"open","ping_status":"open","sticky":false,"template":"","format":"standard","meta":{"fifu_image_url":"https:\/\/static.dw.com\/image\/72704115_6.jpg","fifu_image_alt":"","footnotes":""},"categories":[13],"tags":[],"class_list":["post-39936","post","type-post","status-publish","format-standard","has-post-thumbnail","","category-mundo"],"_links":{"self":[{"href":"https:\/\/noticiasveraces.com\/index.php?rest_route=\/wp\/v2\/posts\/39936","targetHints":{"allow":["GET"]}}],"collection":[{"href":"https:\/\/noticiasveraces.com\/index.php?rest_route=\/wp\/v2\/posts"}],"about":[{"href":"https:\/\/noticiasveraces.com\/index.php?rest_route=\/wp\/v2\/types\/post"}],"author":[{"embeddable":true,"href":"https:\/\/noticiasveraces.com\/index.php?rest_route=\/wp\/v2\/users\/1"}],"replies":[{"embeddable":true,"href":"https:\/\/noticiasveraces.com\/index.php?rest_route=%2Fwp%2Fv2%2Fcomments&post=39936"}],"version-history":[{"count":0,"href":"https:\/\/noticiasveraces.com\/index.php?rest_route=\/wp\/v2\/posts\/39936\/revisions"}],"wp:featuredmedia":[{"embeddable":true,"href":"https:\/\/noticiasveraces.com\/index.php?rest_route=\/wp\/v2\/media\/39937"}],"wp:attachment":[{"href":"https:\/\/noticiasveraces.com\/index.php?rest_route=%2Fwp%2Fv2%2Fmedia&parent=39936"}],"wp:term":[{"taxonomy":"category","embeddable":true,"href":"https:\/\/noticiasveraces.com\/index.php?rest_route=%2Fwp%2Fv2%2Fcategories&post=39936"},{"taxonomy":"post_tag","embeddable":true,"href":"https:\/\/noticiasveraces.com\/index.php?rest_route=%2Fwp%2Fv2%2Ftags&post=39936"}],"curies":[{"name":"wp","href":"https:\/\/api.w.org\/{rel}","templated":true}]}}