{"id":39933,"date":"2025-08-11T13:40:05","date_gmt":"2025-08-11T17:40:05","guid":{"rendered":"https:\/\/noticiasveraces.com\/?p=39933"},"modified":"2025-08-11T13:40:05","modified_gmt":"2025-08-11T17:40:05","slug":"trump-critica-a-zelenskyy-por-las-objeciones-de-intercambio-de-tierras-de-ucrania-en-medio-de-las-conversaciones-de-putin","status":"publish","type":"post","link":"https:\/\/noticiasveraces.com\/?p=39933","title":{"rendered":"Trump critica a Zelenskyy por las objeciones de intercambio de tierras de Ucrania en medio de las conversaciones de Putin"},"content":{"rendered":"<p> \n<\/p>\n<div>\n<div id=\"beyondwords-wrapper\" class=\"beyondwords-wrapper\">\n<p><span class=\"label-bg\">NUEVO<\/span>\u00a1Ahora puedes escuchar art\u00edculos de Fox News!\n  <\/p>\n<\/div>\n<p class=\"speakable\">El presidente Donald Trump apunt\u00f3 al presidente ucraniano Volodymyr Zelenskyy en un evento de prensa el lunes por su frustraci\u00f3n con la objeci\u00f3n del l\u00edder ucraniano al \u00abintercambio de tierras\u00bb.<\/p>\n<p class=\"speakable\">\u00abMe llevo bien con Zelenskyy, pero, ya sabes, no estoy de acuerdo con lo que ha hecho, muy, muy severamente, en desacuerdo. Esta es una guerra que nunca deber\u00eda haber sucedido\u00bb, dijo Trump, reiterando su creencia de que el presidente ucraniano tiene la culpa de la invasi\u00f3n ilegal de 2022 de Rusia.<\/p>\n<p>\u00abEstaba un poco molesto por el hecho de que Zelensky estaba diciendo: &#8216;Bueno, tengo que obtener la aprobaci\u00f3n constitucional'\u00bb, dijo Trump. \u00abQuiero decir, tiene la aprobaci\u00f3n de ir a la guerra y matar a todos, pero necesita aprobaci\u00f3n para hacer un intercambio de tierras, porque habr\u00e1 algunos intercambios de tierras\u00bb.<\/p>\n<p><strong>Summit con Putin preparada para superar la agenda de Trump esta semana, ya que la guerra de Ucrania toma el centro del escenario<\/strong><\/p>\n<div class=\"image-ct inline\">\n<div class=\"m\"><picture><source media=\"(max-width: 767px)\" srcset=\"https:\/\/a57.foxnews.com\/static.foxnews.com\/foxnews.com\/content\/uploads\/2025\/08\/343\/192\/trump-zelenksyy.jpg?ve=1&amp;tl=1, https:\/\/a57.foxnews.com\/static.foxnews.com\/foxnews.com\/content\/uploads\/2025\/08\/686\/384\/trump-zelenksyy.jpg?ve=1&amp;tl=1 2x\" height=\"192\" width=\"343\"><source media=\"(min-width: 768px) and (max-width: 1023px)\" srcset=\"https:\/\/a57.foxnews.com\/static.foxnews.com\/foxnews.com\/content\/uploads\/2025\/08\/672\/378\/trump-zelenksyy.jpg?ve=1&amp;tl=1, https:\/\/a57.foxnews.com\/static.foxnews.com\/foxnews.com\/content\/uploads\/2025\/08\/1344\/756\/trump-zelenksyy.jpg?ve=1&amp;tl=1 2x\" height=\"378\" width=\"672\"><source media=\"(min-width: 1024px) and (max-width: 1279px)\" srcset=\"https:\/\/a57.foxnews.com\/static.foxnews.com\/foxnews.com\/content\/uploads\/2025\/08\/931\/523\/trump-zelenksyy.jpg?ve=1&amp;tl=1, https:\/\/a57.foxnews.com\/static.foxnews.com\/foxnews.com\/content\/uploads\/2025\/08\/1862\/1046\/trump-zelenksyy.jpg?ve=1&amp;tl=1 2x\" height=\"523\" width=\"931\"><source media=\"(min-width: 1280px)\" srcset=\"https:\/\/a57.foxnews.com\/static.foxnews.com\/foxnews.com\/content\/uploads\/2025\/08\/720\/405\/trump-zelenksyy.jpg?ve=1&amp;tl=1, https:\/\/a57.foxnews.com\/static.foxnews.com\/foxnews.com\/content\/uploads\/2025\/08\/1440\/810\/trump-zelenksyy.jpg?ve=1&amp;tl=1 2x\" height=\"405\" width=\"720\"><img loading=\"lazy\" decoding=\"async\" src=\"https:\/\/a57.foxnews.com\/static.foxnews.com\/foxnews.com\/content\/uploads\/2025\/08\/1200\/675\/trump-zelenksyy.jpg?ve=1&amp;tl=1\" alt=\"Trump persigue a Zelenskyy en la conferencia de prensa\" width=\"1200\" height=\"675\"\/><\/source><\/source><\/source><\/source><\/picture><\/div>\n<div class=\"info\">\n<div class=\"caption\">\n<p><span>El presidente Donald Trump habla durante una conferencia de prensa en la Sala de Informaci\u00f3n de Prensa James S. Brady de la Casa Blanca en Washington, DC, el lunes 11 de agosto de 2025.<\/span> <span>(Yuri Gripas\/Abaca\/Bloomberg a trav\u00e9s de Getty Images)<\/span><\/p>\n<\/div>\n<\/div>\n<\/div>\n<p>\u00abS\u00e9 que a trav\u00e9s de Rusia y a trav\u00e9s de conversaciones con todos\u00bb, agreg\u00f3 Trump, se\u00f1alando que fue \u00abpor el bien de Ucrania\u00bb.<\/p>\n<p>ZELENSKYY &#8211; que no declar\u00f3 la guerra a Rusia, como Mosc\u00fa ya hab\u00eda invadido, declar\u00f3 la ley marcial el 24 de febrero de 2022 con la aprobaci\u00f3n del Parlamento de Ucrania, que le dio poderes presidenciales para movilizar una respuesta militar bajo el fin de semana que se opon\u00eda a la \u00abpropuesta de intercambio de terrenos de Trump y ha dicho que requerir\u00eda un referente nacional en virtud de la naci\u00f3n, no se opon\u00eda a la Constituci\u00f3n de la naci\u00f3n de Trump, no ha dicho que una referencia nacional sea una referencia nacional en virtud de la naci\u00f3n. a \u00e9l. <\/p>\n<p><strong>Zelenskyy agradece a la OTAN, l\u00edderes europeos por respaldar su impulso para unirse a Trump -tputin Summit<\/strong><\/p>\n<div class=\"image-ct inline\">\n<div class=\"m\"><picture><source media=\"(max-width: 767px)\" srcset=\"https:\/\/a57.foxnews.com\/static.foxnews.com\/foxnews.com\/content\/uploads\/2025\/07\/343\/192\/zelenskyy-1.jpg?ve=1&amp;tl=1, https:\/\/a57.foxnews.com\/static.foxnews.com\/foxnews.com\/content\/uploads\/2025\/07\/686\/384\/zelenskyy-1.jpg?ve=1&amp;tl=1 2x\" height=\"192\" width=\"343\"><source media=\"(min-width: 768px) and (max-width: 1023px)\" srcset=\"https:\/\/a57.foxnews.com\/static.foxnews.com\/foxnews.com\/content\/uploads\/2025\/07\/672\/378\/zelenskyy-1.jpg?ve=1&amp;tl=1, https:\/\/a57.foxnews.com\/static.foxnews.com\/foxnews.com\/content\/uploads\/2025\/07\/1344\/756\/zelenskyy-1.jpg?ve=1&amp;tl=1 2x\" height=\"378\" width=\"672\"><source media=\"(min-width: 1024px) and (max-width: 1279px)\" srcset=\"https:\/\/a57.foxnews.com\/static.foxnews.com\/foxnews.com\/content\/uploads\/2025\/07\/931\/523\/zelenskyy-1.jpg?ve=1&amp;tl=1, https:\/\/a57.foxnews.com\/static.foxnews.com\/foxnews.com\/content\/uploads\/2025\/07\/1862\/1046\/zelenskyy-1.jpg?ve=1&amp;tl=1 2x\" height=\"523\" width=\"931\"><source media=\"(min-width: 1280px)\" srcset=\"https:\/\/a57.foxnews.com\/static.foxnews.com\/foxnews.com\/content\/uploads\/2025\/07\/720\/405\/zelenskyy-1.jpg?ve=1&amp;tl=1, https:\/\/a57.foxnews.com\/static.foxnews.com\/foxnews.com\/content\/uploads\/2025\/07\/1440\/810\/zelenskyy-1.jpg?ve=1&amp;tl=1 2x\" height=\"405\" width=\"720\"><img loading=\"lazy\" decoding=\"async\" src=\"https:\/\/a57.foxnews.com\/static.foxnews.com\/foxnews.com\/content\/uploads\/2025\/07\/1200\/675\/zelenskyy-1.jpg?ve=1&amp;tl=1\" alt=\"Presidente ucraniano Volodymyr Zelenskyy\" width=\"1200\" height=\"675\"\/><\/source><\/source><\/source><\/source><\/picture><\/div>\n<div class=\"info\">\n<div class=\"caption\">\n<p><span>El presidente ucraniano, Volodymyr Zelensky, habla durante una conferencia de prensa durante la Conferencia de Recuperaci\u00f3n de Ucrania 2025 en el Centro de Convenciones Roma La Nuvola el 10 de julio de 2025 en Roma.<\/span> <span>(Imagen Antonio Masiello\/Getty)<\/span><\/p>\n<\/div>\n<\/div>\n<\/div>\n<p>Trump no detallar\u00eda exactamente lo que espera salir de la reuni\u00f3n con Putin y lo describi\u00f3 como una \u00abreuni\u00f3n sentirse\u00bb, diciendo \u00ablos primeros dos minutos [he\u2019ll] Sepa exactamente si se puede hacer o no un trato \u00ab.<\/p>\n<p>\u00abVoy a hablar con Vladimir Putin, y voy a decirle que tienes que terminar esta guerra, tienes que terminarla\u00bb, dijo Trump, reiterando su creencia de que si hubiera ganado las elecciones de 2020, Putin no habr\u00eda invadido Ucrania, diciendo \u00abno iba a meterse conmigo\u00bb.<\/p>\n<div class=\"image-ct inline\">\n<div class=\"m\"><picture><source media=\"(max-width: 767px)\" srcset=\"https:\/\/a57.foxnews.com\/static.foxnews.com\/foxnews.com\/content\/uploads\/2025\/08\/343\/192\/donald-trump-vladimir-putin-shake-hands-2018.jpg?ve=1&amp;tl=1, https:\/\/a57.foxnews.com\/static.foxnews.com\/foxnews.com\/content\/uploads\/2025\/08\/686\/384\/donald-trump-vladimir-putin-shake-hands-2018.jpg?ve=1&amp;tl=1 2x\" height=\"192\" width=\"343\"><source media=\"(min-width: 768px) and (max-width: 1023px)\" srcset=\"https:\/\/a57.foxnews.com\/static.foxnews.com\/foxnews.com\/content\/uploads\/2025\/08\/672\/378\/donald-trump-vladimir-putin-shake-hands-2018.jpg?ve=1&amp;tl=1, https:\/\/a57.foxnews.com\/static.foxnews.com\/foxnews.com\/content\/uploads\/2025\/08\/1344\/756\/donald-trump-vladimir-putin-shake-hands-2018.jpg?ve=1&amp;tl=1 2x\" height=\"378\" width=\"672\"><source media=\"(min-width: 1024px) and (max-width: 1279px)\" srcset=\"https:\/\/a57.foxnews.com\/static.foxnews.com\/foxnews.com\/content\/uploads\/2025\/08\/931\/523\/donald-trump-vladimir-putin-shake-hands-2018.jpg?ve=1&amp;tl=1, https:\/\/a57.foxnews.com\/static.foxnews.com\/foxnews.com\/content\/uploads\/2025\/08\/1862\/1046\/donald-trump-vladimir-putin-shake-hands-2018.jpg?ve=1&amp;tl=1 2x\" height=\"523\" width=\"931\"><source media=\"(min-width: 1280px)\" srcset=\"https:\/\/a57.foxnews.com\/static.foxnews.com\/foxnews.com\/content\/uploads\/2025\/08\/720\/405\/donald-trump-vladimir-putin-shake-hands-2018.jpg?ve=1&amp;tl=1, https:\/\/a57.foxnews.com\/static.foxnews.com\/foxnews.com\/content\/uploads\/2025\/08\/1440\/810\/donald-trump-vladimir-putin-shake-hands-2018.jpg?ve=1&amp;tl=1 2x\" height=\"405\" width=\"720\"><img loading=\"lazy\" decoding=\"async\" src=\"https:\/\/a57.foxnews.com\/static.foxnews.com\/foxnews.com\/content\/uploads\/2025\/08\/1200\/675\/donald-trump-vladimir-putin-shake-hands-2018.jpg?ve=1&amp;tl=1\" alt=\"Donald Trump Vladimir Putin Shake Hands 2018\" width=\"1200\" height=\"675\"\/><\/source><\/source><\/source><\/source><\/picture><\/div>\n<div class=\"info\">\n<div class=\"caption\">\n<p><span>El presidente Donald Trump, a la izquierda, y el presidente ruso, Vladimir Putin, se dieron la mano al comienzo de una reuni\u00f3n en el Palacio Presidencial en Helsinki, Finlandia, el 16 de julio de 2018.<\/span> <span>(AP Photo\/Pablo Martinez Monsivais, File)<\/span><\/p>\n<\/div>\n<\/div>\n<\/div>\n<p><strong>Haga clic aqu\u00ed para obtener la aplicaci\u00f3n Fox News<\/strong><\/p>\n<p>\u00abEntro en esa cosa completamente cargada all\u00ed arriba, y vamos a ver qu\u00e9 sucede\u00bb, continu\u00f3. \u00abPodr\u00eda ser una buena reuni\u00f3n, y iremos un paso m\u00e1s. Lo haremos. <\/p>\n<p>\u00abMe gustar\u00eda ver un alto el fuego muy, muy r\u00e1pido, muy r\u00e1pido\u00bb, continu\u00f3. \u00abY vamos a tratar con los l\u00edderes europeos y vamos a tratar con el presidente Zelensky y esperamos que vamos a tener un gran \u00e9xito\u00bb.<\/p>\n<p> <!----> <\/p>\n<div class=\"article-meta\">\n<div class=\"author-bio\">\n<p>Caitlin McFall es reportero de Fox News Digital Cubting Politics, US y World News.<\/p>\n<\/div>\n<\/div>\n<\/div>\n\n","protected":false},"excerpt":{"rendered":"<p>NUEVO\u00a1Ahora puedes escuchar art\u00edculos de Fox News! El presidente Donald Trump apunt\u00f3 al presidente ucraniano Volodymyr Zelenskyy en un evento de prensa el lunes por su frustraci\u00f3n con la objeci\u00f3n del l\u00edder ucraniano al \u00abintercambio de tierras\u00bb. \u00abMe llevo bien con Zelenskyy, pero, ya sabes, no estoy de acuerdo con lo que ha hecho, muy, &hellip;<\/p>\n","protected":false},"author":1,"featured_media":39935,"comment_status":"open","ping_status":"open","sticky":false,"template":"","format":"standard","meta":{"fifu_image_url":"https:\/\/static.foxnews.com\/foxnews.com\/content\/uploads\/2025\/08\/volodymyr-zelenskyy-national-referendum.jpg","fifu_image_alt":"","footnotes":""},"categories":[13],"tags":[],"class_list":["post-39933","post","type-post","status-publish","format-standard","has-post-thumbnail","","category-mundo"],"_links":{"self":[{"href":"https:\/\/noticiasveraces.com\/index.php?rest_route=\/wp\/v2\/posts\/39933","targetHints":{"allow":["GET"]}}],"collection":[{"href":"https:\/\/noticiasveraces.com\/index.php?rest_route=\/wp\/v2\/posts"}],"about":[{"href":"https:\/\/noticiasveraces.com\/index.php?rest_route=\/wp\/v2\/types\/post"}],"author":[{"embeddable":true,"href":"https:\/\/noticiasveraces.com\/index.php?rest_route=\/wp\/v2\/users\/1"}],"replies":[{"embeddable":true,"href":"https:\/\/noticiasveraces.com\/index.php?rest_route=%2Fwp%2Fv2%2Fcomments&post=39933"}],"version-history":[{"count":0,"href":"https:\/\/noticiasveraces.com\/index.php?rest_route=\/wp\/v2\/posts\/39933\/revisions"}],"wp:featuredmedia":[{"embeddable":true,"href":"https:\/\/noticiasveraces.com\/index.php?rest_route=\/wp\/v2\/media\/39935"}],"wp:attachment":[{"href":"https:\/\/noticiasveraces.com\/index.php?rest_route=%2Fwp%2Fv2%2Fmedia&parent=39933"}],"wp:term":[{"taxonomy":"category","embeddable":true,"href":"https:\/\/noticiasveraces.com\/index.php?rest_route=%2Fwp%2Fv2%2Fcategories&post=39933"},{"taxonomy":"post_tag","embeddable":true,"href":"https:\/\/noticiasveraces.com\/index.php?rest_route=%2Fwp%2Fv2%2Ftags&post=39933"}],"curies":[{"name":"wp","href":"https:\/\/api.w.org\/{rel}","templated":true}]}}