{"id":39922,"date":"2025-08-11T12:39:13","date_gmt":"2025-08-11T16:39:13","guid":{"rendered":"https:\/\/noticiasveraces.com\/?p=39922"},"modified":"2025-08-11T12:39:13","modified_gmt":"2025-08-11T16:39:13","slug":"trump-desplegara-la-guardia-nacional-en-washington-dw-11-08-2025","status":"publish","type":"post","link":"https:\/\/noticiasveraces.com\/?p=39922","title":{"rendered":"Trump desplegar\u00e1 la Guardia Nacional en Washington \u2013 DW \u2013 11\/08\/2025"},"content":{"rendered":"<p> \n<\/p>\n<div data-tracking-name=\"rich-text\" data-tracking-skip=\"true\">\n<p>El presidente de Estados Unidos, Donald Trump, anunci\u00f3 este lunes (11.08.2025) que el gobierno federal tomar\u00e1 el control de la seguridad de Washington y desplegar\u00e1 a la guardia nacional para combatir la delincuencia porque, seg\u00fan \u00e9l, la capital est\u00e1 \u00abinvadida por pandillas violentas\u00bb.<\/p>\n<p>Los republicanos aseguran que Washington, gobernada por los dem\u00f3cratas, tiene \u00edndices elevados de delincuencia y de personas sin hogar. Las estad\u00edsticas oficiales muestran por el contrario una disminuci\u00f3n de los delitos violentos.<\/p>\n<p>\u00abHoy es el D\u00eda de la Liberaci\u00f3n en Washington D.C. y vamos a recuperar nuestra capital\u00bb, declar\u00f3 el presidente en rueda de prensa.<\/p>\n<p>\u00abDespliego a la guardia nacional para ayudar a restablecer el orden p\u00fablico en Washington\u00bb, declar\u00f3.<\/p>\n<p>A\u00f1adi\u00f3 que movilizar\u00e1 a los militares \u00absi es necesario\u00bb. \u00abNo creo que los necesitemos\u00bb, matiz\u00f3 no obstante.<\/p>\n<p>Trump afirm\u00f3 que la capital es un lugar m\u00e1s peligroso para vivir que Bagdad, Ciudad de Panam\u00e1, Brasilia, San Jos\u00e9, Bogot\u00e1, Ciudad de M\u00e9xico o Lima. \u00ab\u00bfQuieres vivir en lugares as\u00ed? No lo creo. No lo creo\u00bb, dijo.<\/p>\n<p>Trump, quien indult\u00f3 a unas 1.500 personas involucradas en el asalto al Capitolio en 2021, considera que la polic\u00eda y los fiscales no son lo suficientemente duros y la delincuencia en Washington est\u00e1 \u00abtotalmente fuera de control\u00bb.<\/p>\n<p>El anuncio recuerda a las medidas aplicadas en la frontera con M\u00e9xico para combatir la migraci\u00f3n ilegal. Trump tambi\u00e9n orden\u00f3 enviar a Los \u00c1ngeles a efectivos de la guardia nacional contra los manifestantes que denunciaban las redadas migratorias.<\/p>\n<p>El presidente republicano de 79 a\u00f1os tiene la intenci\u00f3n de llevar a cabo esta pol\u00edtica en otras ciudades como Nueva York y Chicago.<\/p>\n<p>Washington D.C. no es un estado, sino un distrito federal. Se rige por una ley especial y est\u00e1 bajo el control directo del Congreso.<\/p>\n<p>RR AFP\/AP\/DPA\/Fox News<\/p>\n<\/p>\n<\/div>\n\n","protected":false},"excerpt":{"rendered":"<p>El presidente de Estados Unidos, Donald Trump, anunci\u00f3 este lunes (11.08.2025) que el gobierno federal tomar\u00e1 el control de la seguridad de Washington y desplegar\u00e1 a la guardia nacional para combatir la delincuencia porque, seg\u00fan \u00e9l, la capital est\u00e1 \u00abinvadida por pandillas violentas\u00bb. Los republicanos aseguran que Washington, gobernada por los dem\u00f3cratas, tiene \u00edndices elevados &hellip;<\/p>\n","protected":false},"author":1,"featured_media":39923,"comment_status":"open","ping_status":"open","sticky":false,"template":"","format":"standard","meta":{"fifu_image_url":"https:\/\/static.dw.com\/image\/73604720_6.jpg","fifu_image_alt":"","footnotes":""},"categories":[13],"tags":[],"class_list":["post-39922","post","type-post","status-publish","format-standard","has-post-thumbnail","","category-mundo"],"_links":{"self":[{"href":"https:\/\/noticiasveraces.com\/index.php?rest_route=\/wp\/v2\/posts\/39922","targetHints":{"allow":["GET"]}}],"collection":[{"href":"https:\/\/noticiasveraces.com\/index.php?rest_route=\/wp\/v2\/posts"}],"about":[{"href":"https:\/\/noticiasveraces.com\/index.php?rest_route=\/wp\/v2\/types\/post"}],"author":[{"embeddable":true,"href":"https:\/\/noticiasveraces.com\/index.php?rest_route=\/wp\/v2\/users\/1"}],"replies":[{"embeddable":true,"href":"https:\/\/noticiasveraces.com\/index.php?rest_route=%2Fwp%2Fv2%2Fcomments&post=39922"}],"version-history":[{"count":0,"href":"https:\/\/noticiasveraces.com\/index.php?rest_route=\/wp\/v2\/posts\/39922\/revisions"}],"wp:featuredmedia":[{"embeddable":true,"href":"https:\/\/noticiasveraces.com\/index.php?rest_route=\/wp\/v2\/media\/39923"}],"wp:attachment":[{"href":"https:\/\/noticiasveraces.com\/index.php?rest_route=%2Fwp%2Fv2%2Fmedia&parent=39922"}],"wp:term":[{"taxonomy":"category","embeddable":true,"href":"https:\/\/noticiasveraces.com\/index.php?rest_route=%2Fwp%2Fv2%2Fcategories&post=39922"},{"taxonomy":"post_tag","embeddable":true,"href":"https:\/\/noticiasveraces.com\/index.php?rest_route=%2Fwp%2Fv2%2Ftags&post=39922"}],"curies":[{"name":"wp","href":"https:\/\/api.w.org\/{rel}","templated":true}]}}