{"id":39917,"date":"2025-08-11T11:41:51","date_gmt":"2025-08-11T15:41:51","guid":{"rendered":"https:\/\/noticiasveraces.com\/?p=39917"},"modified":"2025-08-11T11:41:51","modified_gmt":"2025-08-11T15:41:51","slug":"se-espera-que-la-inflacion-aumente-en-la-liberacion-del-ipc-de-julio-ya-que-los-aranceles-afectan-los-precios-del-consumidor","status":"publish","type":"post","link":"https:\/\/noticiasveraces.com\/?p=39917","title":{"rendered":"Se espera que la inflaci\u00f3n aumente en la liberaci\u00f3n del IPC de julio, ya que los aranceles afectan los precios del consumidor"},"content":{"rendered":"<p> \n<\/p>\n<div><!----> <!----> <\/p>\n<div class=\"featured featured-video video-ct\">\n<div class=\"contain\">\n<div class=\"info\">\n<div class=\"caption\">\n<p>Los panelistas de la cuenta regresiva de clam\u00e1n David Kudla y David Seif discuten el estado de la econom\u00eda bajo el presidente Donald Trump.<\/p>\n<\/div>\n<\/div>\n<\/div>\n<\/div>\n<p>El Departamento de Trabajo publicar\u00e1 su \u00faltimo informe de inflaci\u00f3n mensual el martes en un momento cr\u00edtico para la econom\u00eda, ya que la Reserva Federal har\u00e1 un balance del impacto de los aranceles en los precios del consumidor antes de su decisi\u00f3n de tasa de inter\u00e9s el pr\u00f3ximo mes.<\/p>\n<p>La Oficina de Estad\u00edsticas Laborales (BLS) liberar\u00e1 el \u00edndice de precios al consumidor (IPC) para julio del martes por la ma\u00f1ana, lo que se espera que muestre una inflaci\u00f3n m\u00e1s alta del mes anterior y se alejar\u00e1 m\u00e1s del objetivo m\u00e1s largo de la Reserva Federal.<\/p>\n<p>Los economistas de Goldman Sachs liderados por Jan Hatzius proyectaron que la inflaci\u00f3n del IPC principal aumentar\u00e1 al 2,8% anualmente, en l\u00ednea con el consenso y por encima del 2.7% reportado el mes pasado. Se proyecta que la inflaci\u00f3n central, que excluye costos vol\u00e1tiles como los de alimentos y energ\u00eda, aumenta al 3.08%, en comparaci\u00f3n con el 2.9% reportado el mes pasado.<\/p>\n<p>El pron\u00f3stico de Goldman tambi\u00e9n proyect\u00f3 que varias categor\u00edas de productos afectadas por la tarifa contribuir\u00e1n al aumento de la inflaci\u00f3n, contribuyendo alrededor del 0,12% al aumento mensual del IPC proyectado. Las categor\u00edas con aumentos de precios relacionados con la tarifa en julio incluyen muebles, autopartes, ropa, recreaci\u00f3n, cuidado personal, comunicaci\u00f3n y educaci\u00f3n.<\/p>\n<p><strong>Fed Official llama al informe de empleos de julio &#8216;preocupante&#8217; a medida que la econom\u00eda llega a un posible punto de inflexi\u00f3n<\/strong><\/p>\n<div class=\"inline image-ct\">\n<div class=\"m\"><picture><source media=\"(max-width: 767px)\" srcset=\"https:\/\/a57.foxnews.com\/static.foxbusiness.com\/foxbusiness.com\/content\/uploads\/2025\/08\/343\/192\/shopper-dept-store-toys-outdoor.jpg?ve=1&amp;tl=1, https:\/\/a57.foxnews.com\/static.foxbusiness.com\/foxbusiness.com\/content\/uploads\/2025\/08\/686\/384\/shopper-dept-store-toys-outdoor.jpg?ve=1&amp;tl=1 2x\"><source media=\"(min-width: 768px) and (max-width: 1023px)\" srcset=\"https:\/\/a57.foxnews.com\/static.foxbusiness.com\/foxbusiness.com\/content\/uploads\/2025\/08\/672\/378\/shopper-dept-store-toys-outdoor.jpg?ve=1&amp;tl=1, https:\/\/a57.foxnews.com\/static.foxbusiness.com\/foxbusiness.com\/content\/uploads\/2025\/08\/1344\/756\/shopper-dept-store-toys-outdoor.jpg?ve=1&amp;tl=1 2x\"><source media=\"(min-width: 1024px) and (max-width: 1279px)\" srcset=\"https:\/\/a57.foxnews.com\/static.foxbusiness.com\/foxbusiness.com\/content\/uploads\/2025\/08\/931\/523\/shopper-dept-store-toys-outdoor.jpg?ve=1&amp;tl=1, https:\/\/a57.foxnews.com\/static.foxbusiness.com\/foxbusiness.com\/content\/uploads\/2025\/08\/1862\/1046\/shopper-dept-store-toys-outdoor.jpg?ve=1&amp;tl=1 2x\"><source media=\"(min-width: 1280px)\" srcset=\"https:\/\/a57.foxnews.com\/static.foxbusiness.com\/foxbusiness.com\/content\/uploads\/2025\/08\/720\/405\/shopper-dept-store-toys-outdoor.jpg?ve=1&amp;tl=1, https:\/\/a57.foxnews.com\/static.foxbusiness.com\/foxbusiness.com\/content\/uploads\/2025\/08\/1440\/810\/shopper-dept-store-toys-outdoor.jpg?ve=1&amp;tl=1 2x\"><img decoding=\"async\" src=\"https:\/\/a57.foxnews.com\/static.foxbusiness.com\/foxbusiness.com\/content\/uploads\/2025\/08\/931\/523\/shopper-dept-store-toys-outdoor.jpg?ve=1&amp;tl=1\" alt=\"Un comprador mira art\u00edculos en una tienda minorista\"\/><\/source><\/source><\/source><\/source><\/picture><\/div>\n<div class=\"caption\">\n<p><span>Se espera que el informe del IPC de julio muestre que la inflaci\u00f3n contin\u00faa aumentando a medida que los aranceles se abren camino a trav\u00e9s de la econom\u00eda.<\/span><span>  (Spencer Platt \/ Getty Images \/ Getty Images)<\/span><\/p>\n<\/div>\n<\/div>\n<p>En el futuro, los economistas de Goldman Sachs escribieron que \u00abesperan que los aranceles contin\u00faen aumentando la inflaci\u00f3n mensual y pronosticen la inflaci\u00f3n mensual del IPC central entre 0.3-0.4%\u00bb. <\/p>\n<p>A finales de 2025, esperan que la inflaci\u00f3n del CPI central a\u00f1o tras a\u00f1o aumente al 3.3% en diciembre, que los economistas se\u00f1alaron que ser\u00eda un 2.5% al excluir los efectos de los aranceles, mientras que la inflaci\u00f3n del IPC principal aumentar\u00e1 al 2.9% anual al final del a\u00f1o en su pron\u00f3stico. <\/p>\n<p>Los analistas econ\u00f3micos de JP Morgan proyectaron que el IPC aumentar\u00eda un 0,3% mensualmente en julio, lo que lleva la cifra de inflaci\u00f3n del IPC principal a una tasa anual del 2.8%, tambi\u00e9n en l\u00ednea con el consenso. Tambi\u00e9n estimaron que la inflaci\u00f3n del IPC central aumentar\u00e1 un 0,34% para el mes de julio y hasta el 3.1% en comparaci\u00f3n con hace un a\u00f1o, ligeramente mayor que las estimaciones de consenso. Escribieron en una nota de inversionista que el CPI central podr\u00eda llegar m\u00e1s caliente si el \u00abproceso hasta ahora gradual de transferencia para los consumidores comienza a acelerar\u00bb.<\/p>\n<p>\u00abLos tarifas y los anuncios comerciales el mes pasado pueden haber llevado a algunas empresas a reevaluar la probabilidad de que las tasas de tarifas vuelvan a bajar, lo que les lleva a considerar pasar m\u00e1s del aumento de los costos\u00bb, escribieron los economistas de JP Morgan.<\/p>\n<p><strong>Los mercados que ahora apostan a la alimentaci\u00f3n reducir\u00e1n las tasas en septiembre despu\u00e9s de un informe decepcionante de empleos<\/strong><\/p>\n<p>Gregory Daco, economista jefe de EY-Parthenon, dijo en un bolet\u00edn reciente que los costos m\u00e1s altos de las empresas de los aranceles est\u00e1n comenzando a afectar la inflaci\u00f3n este verano, escribiendo que las \u00abmaniobras log\u00edsticas de las empresas y las estrategias de precios proactivos nos han comprado tiempo, pero ese coj\u00edn est\u00e1 erosionando\u00bb.<\/p>\n<p>\u00abSi bien los impactos de inflaci\u00f3n de las tareas a\u00fan est\u00e1n surgiendo, son cada vez m\u00e1s visibles. En junio, los aranceles representaron aproximadamente un cuarto a un tercio del aumento del \u00edndice de precios del consumidor (IPC)\u00bb, escribi\u00f3 Daco.<\/p>\n<p>\u00abDado que los precios de la importaci\u00f3n no est\u00e1n disminuyendo materialmente, esto sugiere que los exportadores extranjeros est\u00e1n pasando los costos en lugar de absorberlos\u00bb, agreg\u00f3 Daco. \u00abMientras tanto, las empresas estadounidenses informan impactos severos en sus ganancias, redujeron los planes de inversi\u00f3n y la contrataci\u00f3n m\u00e1s lenta\u00bb.<\/p>\n<div class=\"inline image-ct\">\n<div class=\"m\"><picture><source media=\"(max-width: 767px)\" srcset=\"https:\/\/a57.foxnews.com\/static.foxbusiness.com\/foxbusiness.com\/content\/uploads\/2024\/09\/343\/192\/Port-of-Charleston-operations.jpg?ve=1&amp;tl=1, https:\/\/a57.foxnews.com\/static.foxbusiness.com\/foxbusiness.com\/content\/uploads\/2024\/09\/686\/384\/Port-of-Charleston-operations.jpg?ve=1&amp;tl=1 2x\"><source media=\"(min-width: 768px) and (max-width: 1023px)\" srcset=\"https:\/\/a57.foxnews.com\/static.foxbusiness.com\/foxbusiness.com\/content\/uploads\/2024\/09\/672\/378\/Port-of-Charleston-operations.jpg?ve=1&amp;tl=1, https:\/\/a57.foxnews.com\/static.foxbusiness.com\/foxbusiness.com\/content\/uploads\/2024\/09\/1344\/756\/Port-of-Charleston-operations.jpg?ve=1&amp;tl=1 2x\"><source media=\"(min-width: 1024px) and (max-width: 1279px)\" srcset=\"https:\/\/a57.foxnews.com\/static.foxbusiness.com\/foxbusiness.com\/content\/uploads\/2024\/09\/931\/523\/Port-of-Charleston-operations.jpg?ve=1&amp;tl=1, https:\/\/a57.foxnews.com\/static.foxbusiness.com\/foxbusiness.com\/content\/uploads\/2024\/09\/1862\/1046\/Port-of-Charleston-operations.jpg?ve=1&amp;tl=1 2x\"><source media=\"(min-width: 1280px)\" srcset=\"https:\/\/a57.foxnews.com\/static.foxbusiness.com\/foxbusiness.com\/content\/uploads\/2024\/09\/720\/405\/Port-of-Charleston-operations.jpg?ve=1&amp;tl=1, https:\/\/a57.foxnews.com\/static.foxbusiness.com\/foxbusiness.com\/content\/uploads\/2024\/09\/1440\/810\/Port-of-Charleston-operations.jpg?ve=1&amp;tl=1 2x\"><img decoding=\"async\" src=\"https:\/\/a57.foxnews.com\/static.foxbusiness.com\/foxbusiness.com\/content\/uploads\/2024\/09\/931\/523\/Port-of-Charleston-operations.jpg?ve=1&amp;tl=1\" alt=\"Puerto de Charleston\"\/><\/source><\/source><\/source><\/source><\/picture><\/div>\n<div class=\"caption\">\n<p><span>Los aranceles son impuestos sobre los bienes importados que el importador pagan, que tienden a transmitir algunos o todos los costos m\u00e1s altos para los consumidores a trav\u00e9s de precios m\u00e1s altos.<\/span><span>  (Fot\u00f3grafo: Sam Wolfe \/ Bloomberg a trav\u00e9s de Getty Images \/ Getty Images)<\/span><\/p>\n<\/div>\n<\/div>\n<p><strong>Problemas de economista l\u00edderes Severa advertencia para luchar con la econom\u00eda estadounidense<\/strong><\/p>\n<p>Si los datos de inflaci\u00f3n del IPC de julio muestran que los precios del consumidor contin\u00faan con una tendencia m\u00e1s alta a medida que aumentan m\u00e1s tarifas, podr\u00eda complicar las perspectivas de la Fed para reducir las tasas de inter\u00e9s cuando el Comit\u00e9 de Pol\u00edtica Monetaria del Banco Central se re\u00fane a mediados de septiembre.<\/p>\n<p>El presidente de la Fed, Jerome Powell, ha dicho que el banco central est\u00e1 bien posicionado para responder a los signos de deterioro de las condiciones econ\u00f3micas, aunque \u00e9l y la mayor\u00eda de los responsables pol\u00edticos han optado por mantener las tasas estables en lo que va del a\u00f1o, mientras esperan para ver si los aranceles conducen a un solo aumento en los aumentos de precios o m\u00e1s presiones infracciones persistentes.<\/p>\n<div class=\"inline image-ct\">\n<div class=\"m\"><picture><source media=\"(max-width: 767px)\" srcset=\"https:\/\/a57.foxnews.com\/static.foxbusiness.com\/foxbusiness.com\/content\/uploads\/2025\/07\/343\/192\/fed-chair-jerome-powell-11.jpg?ve=1&amp;tl=1, https:\/\/a57.foxnews.com\/static.foxbusiness.com\/foxbusiness.com\/content\/uploads\/2025\/07\/686\/384\/fed-chair-jerome-powell-11.jpg?ve=1&amp;tl=1 2x\"><source media=\"(min-width: 768px) and (max-width: 1023px)\" srcset=\"https:\/\/a57.foxnews.com\/static.foxbusiness.com\/foxbusiness.com\/content\/uploads\/2025\/07\/672\/378\/fed-chair-jerome-powell-11.jpg?ve=1&amp;tl=1, https:\/\/a57.foxnews.com\/static.foxbusiness.com\/foxbusiness.com\/content\/uploads\/2025\/07\/1344\/756\/fed-chair-jerome-powell-11.jpg?ve=1&amp;tl=1 2x\"><source media=\"(min-width: 1024px) and (max-width: 1279px)\" srcset=\"https:\/\/a57.foxnews.com\/static.foxbusiness.com\/foxbusiness.com\/content\/uploads\/2025\/07\/931\/523\/fed-chair-jerome-powell-11.jpg?ve=1&amp;tl=1, https:\/\/a57.foxnews.com\/static.foxbusiness.com\/foxbusiness.com\/content\/uploads\/2025\/07\/1862\/1046\/fed-chair-jerome-powell-11.jpg?ve=1&amp;tl=1 2x\"><source media=\"(min-width: 1280px)\" srcset=\"https:\/\/a57.foxnews.com\/static.foxbusiness.com\/foxbusiness.com\/content\/uploads\/2025\/07\/720\/405\/fed-chair-jerome-powell-11.jpg?ve=1&amp;tl=1, https:\/\/a57.foxnews.com\/static.foxbusiness.com\/foxbusiness.com\/content\/uploads\/2025\/07\/1440\/810\/fed-chair-jerome-powell-11.jpg?ve=1&amp;tl=1 2x\"><img decoding=\"async\" src=\"https:\/\/a57.foxnews.com\/static.foxbusiness.com\/foxbusiness.com\/content\/uploads\/2025\/07\/931\/523\/fed-chair-jerome-powell-11.jpg?ve=1&amp;tl=1\" alt=\"Presidente de Fed Jerome Powell\"\/><\/source><\/source><\/source><\/source><\/picture><\/div>\n<div class=\"caption\">\n<p><span>El presidente de la Fed, Jerome Powell, y la mayor\u00eda de los responsables pol\u00edticos del Comit\u00e9 Federal de Mercado Abierto Optaron contra los recortes de tasas el mes pasado con inflaci\u00f3n obstinada por encima del objetivo y la incertidumbre sobre el impacto de la inflaci\u00f3n de los aranceles.<\/span><span>  (Kent Nishimura \/ Getty Images \/ Getty Images)<\/span><\/p>\n<\/div>\n<\/div>\n<p>Dos gobernadores de la Fed, Michelle Bowman y Christopher Waller, disintieron de la decisi\u00f3n m\u00e1s reciente de mantener las tasas estables, argumentando que el impacto de los aranceles en la inflaci\u00f3n probablemente sea de corta duraci\u00f3n, y el mercado laboral est\u00e1 mostrando signos de desaceleraci\u00f3n, por lo que ambos favorecieron los cortes de 25 puntos de base. Fue la primera disidencia de dos gobernadores de la Fed en apoyo de los recortes de tarifas desde 1993.<\/p>\n<p>Los miembros del Comit\u00e9 Federal de Mercado Abierto (FOMC), que toma las decisiones de pol\u00edtica monetaria de la Reserva Federal, obtendr\u00e1n m\u00faltiples miradas a los datos de inflaci\u00f3n antes de su pr\u00f3xima reuni\u00f3n del 16 al 17 de septiembre.<\/p>\n<p><strong>Obtenga el negocio de Fox sobre la marcha haciendo clic aqu\u00ed<\/strong><\/p>\n<p>Adem\u00e1s del lanzamiento del martes del Informe CPI para julio, los datos del IPC para agosto se publicar\u00e1n una semana antes de la pr\u00f3xima reuni\u00f3n de FOMC. <\/p>\n<p>Adem\u00e1s, el medidor de inflaci\u00f3n preferido de la Fed, el \u00edndice de gastos de consumo personal, ser\u00e1 publicado por el Departamento de Comercio con los datos de julio a fines de este mes.<\/p>\n<\/div>\n\n","protected":false},"excerpt":{"rendered":"<p>Los panelistas de la cuenta regresiva de clam\u00e1n David Kudla y David Seif discuten el estado de la econom\u00eda bajo el presidente Donald Trump. El Departamento de Trabajo publicar\u00e1 su \u00faltimo informe de inflaci\u00f3n mensual el martes en un momento cr\u00edtico para la econom\u00eda, ya que la Reserva Federal har\u00e1 un balance del impacto de &hellip;<\/p>\n","protected":false},"author":1,"featured_media":39919,"comment_status":"open","ping_status":"open","sticky":false,"template":"","format":"standard","meta":{"fifu_image_url":"https:\/\/a57.foxnews.com\/static.foxbusiness.com\/foxbusiness.com\/content\/uploads\/2025\/08\/0\/0\/shopper-dept-store-toys-outdoor.jpg?ve=1&tl=1","fifu_image_alt":"","footnotes":""},"categories":[3],"tags":[],"class_list":["post-39917","post","type-post","status-publish","format-standard","has-post-thumbnail","","category-negocio"],"_links":{"self":[{"href":"https:\/\/noticiasveraces.com\/index.php?rest_route=\/wp\/v2\/posts\/39917","targetHints":{"allow":["GET"]}}],"collection":[{"href":"https:\/\/noticiasveraces.com\/index.php?rest_route=\/wp\/v2\/posts"}],"about":[{"href":"https:\/\/noticiasveraces.com\/index.php?rest_route=\/wp\/v2\/types\/post"}],"author":[{"embeddable":true,"href":"https:\/\/noticiasveraces.com\/index.php?rest_route=\/wp\/v2\/users\/1"}],"replies":[{"embeddable":true,"href":"https:\/\/noticiasveraces.com\/index.php?rest_route=%2Fwp%2Fv2%2Fcomments&post=39917"}],"version-history":[{"count":0,"href":"https:\/\/noticiasveraces.com\/index.php?rest_route=\/wp\/v2\/posts\/39917\/revisions"}],"wp:featuredmedia":[{"embeddable":true,"href":"https:\/\/noticiasveraces.com\/index.php?rest_route=\/wp\/v2\/media\/39919"}],"wp:attachment":[{"href":"https:\/\/noticiasveraces.com\/index.php?rest_route=%2Fwp%2Fv2%2Fmedia&parent=39917"}],"wp:term":[{"taxonomy":"category","embeddable":true,"href":"https:\/\/noticiasveraces.com\/index.php?rest_route=%2Fwp%2Fv2%2Fcategories&post=39917"},{"taxonomy":"post_tag","embeddable":true,"href":"https:\/\/noticiasveraces.com\/index.php?rest_route=%2Fwp%2Fv2%2Ftags&post=39917"}],"curies":[{"name":"wp","href":"https:\/\/api.w.org\/{rel}","templated":true}]}}