{"id":39914,"date":"2025-08-11T11:38:36","date_gmt":"2025-08-11T15:38:36","guid":{"rendered":"https:\/\/noticiasveraces.com\/?p=39914"},"modified":"2025-08-11T11:38:36","modified_gmt":"2025-08-11T15:38:36","slug":"el-periodista-de-al-jazeera-asesinado-en-airstrike-fue-miembro-de-hamas-dice-idf","status":"publish","type":"post","link":"https:\/\/noticiasveraces.com\/?p=39914","title":{"rendered":"El periodista de Al Jazeera asesinado en Airstrike fue miembro de Hamas, dice IDF"},"content":{"rendered":"<p> \n<\/p>\n<div>\n<div id=\"beyondwords-wrapper\" class=\"beyondwords-wrapper\">\n<p><span class=\"label-bg\">NUEVO<\/span>\u00a1Ahora puedes escuchar art\u00edculos de Fox News!\n  <\/p>\n<\/div>\n<p class=\"speakable\">Un periodista de Al Jazeera que fue asesinado por un ataque a\u00e9reo israel\u00ed en la Franja de Gaza fue el l\u00edder de una \u00abc\u00e9lula terrorista\u00bb de Hamas, anunciaron las Fuerzas de Defensa de Israel. <\/p>\n<p class=\"speakable\">Anas al-Sharif y cuatro de sus colegas, identificados por Al Jazeera como el corresponsal Mohammed Qreiqeh y los operadores de c\u00e1mara Ibrahim Zaher, Mohammed Noufal y Moamen Aliwa, murieron el domingo en lo que la red con sede en Qatari llam\u00f3 un \u00abataque israel\u00ed dirigido\u00bb en un presupuesto a periodistas en la ciudad de Gaza. <\/p>\n<p>\u00abLa FDI golpe\u00f3 al terrorista Anas al-Sharif, quien se hizo pasar por periodista para la red de Al Jazeera\u00bb, dijo el ej\u00e9rcito israel\u00ed en un comunicado. \u00abAnas al-Sharif sirvi\u00f3 como jefe de una c\u00e9lula terrorista en la organizaci\u00f3n terrorista de Hamas y fue responsable de avanzar en los ataques de cohetes contra los civiles israel\u00edes y las tropas de las FDI. <\/p>\n<p>La FDI tambi\u00e9n dijo que \u00abrevel\u00f3 la informaci\u00f3n de inteligencia previamente y muchos documentos encontrados en la Franja de Gaza\u00bb que confirma la afiliaci\u00f3n militar de Al-Sharif con Hamas, de las cuales \u00abla red de Al Jazeera ha intentado disociarse\u00bb. <\/p>\n<p><strong>La foto err\u00f3nea de la portada de Ny Times de Gazan Child se une a la serie de errores de medios enmarcar historias contra Israel<\/strong><strong> <\/strong><\/p>\n<div class=\"image-ct inline\">\n<div class=\"m\"><picture><source media=\"(max-width: 767px)\" srcset=\"https:\/\/a57.foxnews.com\/static.foxnews.com\/foxnews.com\/content\/uploads\/2025\/08\/343\/192\/anas-al-sharif.jpg?ve=1&amp;tl=1, https:\/\/a57.foxnews.com\/static.foxnews.com\/foxnews.com\/content\/uploads\/2025\/08\/686\/384\/anas-al-sharif.jpg?ve=1&amp;tl=1 2x\" height=\"192\" width=\"343\"><source media=\"(min-width: 768px) and (max-width: 1023px)\" srcset=\"https:\/\/a57.foxnews.com\/static.foxnews.com\/foxnews.com\/content\/uploads\/2025\/08\/672\/378\/anas-al-sharif.jpg?ve=1&amp;tl=1, https:\/\/a57.foxnews.com\/static.foxnews.com\/foxnews.com\/content\/uploads\/2025\/08\/1344\/756\/anas-al-sharif.jpg?ve=1&amp;tl=1 2x\" height=\"378\" width=\"672\"><source media=\"(min-width: 1024px) and (max-width: 1279px)\" srcset=\"https:\/\/a57.foxnews.com\/static.foxnews.com\/foxnews.com\/content\/uploads\/2025\/08\/931\/523\/anas-al-sharif.jpg?ve=1&amp;tl=1, https:\/\/a57.foxnews.com\/static.foxnews.com\/foxnews.com\/content\/uploads\/2025\/08\/1862\/1046\/anas-al-sharif.jpg?ve=1&amp;tl=1 2x\" height=\"523\" width=\"931\"><source media=\"(min-width: 1280px)\" srcset=\"https:\/\/a57.foxnews.com\/static.foxnews.com\/foxnews.com\/content\/uploads\/2025\/08\/720\/405\/anas-al-sharif.jpg?ve=1&amp;tl=1, https:\/\/a57.foxnews.com\/static.foxnews.com\/foxnews.com\/content\/uploads\/2025\/08\/1440\/810\/anas-al-sharif.jpg?ve=1&amp;tl=1 2x\" height=\"405\" width=\"720\"><img loading=\"lazy\" decoding=\"async\" src=\"https:\/\/a57.foxnews.com\/static.foxnews.com\/foxnews.com\/content\/uploads\/2025\/08\/1200\/675\/anas-al-sharif.jpg?ve=1&amp;tl=1\" alt=\"Anas al-Sharif en Gaza\" width=\"1200\" height=\"675\"\/><\/source><\/source><\/source><\/source><\/picture><\/div>\n<div class=\"info\">\n<div class=\"caption\">\n<p><span>Esta imagen reciente sin fecha, tomada de videos transmitidos por la estaci\u00f3n de televisi\u00f3n con sede en Qatar, Al Jazeera, muestra al corresponsal de Gaza en el lenguaje \u00e1rabe de la red, Anas al-Sharif, que informa a la c\u00e1mara en Gaza. Al-Sharif y otros cuatro miembros del personal de Al Jazeera fueron encontrados muertos despu\u00e9s de una huelga de aviones no tripulados israel\u00ed en su tienda en la ciudad de Gaza poco antes de la medianoche del domingo. <\/span> <span>(Al Jazeera via AP)<\/span><\/p>\n<\/div>\n<\/div>\n<\/div>\n<p>\u00abLa inteligencia y los documentos de Gaza, incluidas las listas, las listas de capacitaci\u00f3n terrorista y los registros salariales, demuestran que era un agente de Hamas integrado en Al Jazeera\u00bb, public\u00f3 la FDI en X. \u00abUna insignia de prensa no es un escudo para el terrorismo\u00bb.<\/p>\n<p>Al Jazeera y Al-Sharif rechazaron previamente las afirmaciones de su afiliaci\u00f3n con Hamas, seg\u00fan Reuters. <\/p>\n<p>\u00abLa red de medios de Al Jazeera condena en los t\u00e9rminos m\u00e1s fuertes el asesinato objetivo de sus corresponsales Anas al-Sharif y Mohammed Qreiqeh &#8230; por las fuerzas de ocupaci\u00f3n israel\u00edes en otro ataque flagrante y premeditado contra la libertad de prensa\u00bb, dijo la red. <\/p>\n<p><strong>Los medios de comunicaci\u00f3n \u00abpreocupados desesperadamente\u00bb por sus periodistas en Gaza, instan a las autoridades israel\u00edes a ayudar<\/strong><strong> <\/strong><\/p>\n<div class=\"image-ct inline\">\n<div class=\"m\"><picture><source media=\"(max-width: 767px)\" srcset=\"https:\/\/a57.foxnews.com\/static.foxnews.com\/foxnews.com\/content\/uploads\/2025\/08\/343\/192\/gaza-city-airstrike-kills-journalists.jpg?ve=1&amp;tl=1, https:\/\/a57.foxnews.com\/static.foxnews.com\/foxnews.com\/content\/uploads\/2025\/08\/686\/384\/gaza-city-airstrike-kills-journalists.jpg?ve=1&amp;tl=1 2x\" height=\"192\" width=\"343\"><source media=\"(min-width: 768px) and (max-width: 1023px)\" srcset=\"https:\/\/a57.foxnews.com\/static.foxnews.com\/foxnews.com\/content\/uploads\/2025\/08\/672\/378\/gaza-city-airstrike-kills-journalists.jpg?ve=1&amp;tl=1, https:\/\/a57.foxnews.com\/static.foxnews.com\/foxnews.com\/content\/uploads\/2025\/08\/1344\/756\/gaza-city-airstrike-kills-journalists.jpg?ve=1&amp;tl=1 2x\" height=\"378\" width=\"672\"><source media=\"(min-width: 1024px) and (max-width: 1279px)\" srcset=\"https:\/\/a57.foxnews.com\/static.foxnews.com\/foxnews.com\/content\/uploads\/2025\/08\/931\/523\/gaza-city-airstrike-kills-journalists.jpg?ve=1&amp;tl=1, https:\/\/a57.foxnews.com\/static.foxnews.com\/foxnews.com\/content\/uploads\/2025\/08\/1862\/1046\/gaza-city-airstrike-kills-journalists.jpg?ve=1&amp;tl=1 2x\" height=\"523\" width=\"931\"><source media=\"(min-width: 1280px)\" srcset=\"https:\/\/a57.foxnews.com\/static.foxnews.com\/foxnews.com\/content\/uploads\/2025\/08\/720\/405\/gaza-city-airstrike-kills-journalists.jpg?ve=1&amp;tl=1, https:\/\/a57.foxnews.com\/static.foxnews.com\/foxnews.com\/content\/uploads\/2025\/08\/1440\/810\/gaza-city-airstrike-kills-journalists.jpg?ve=1&amp;tl=1 2x\" height=\"405\" width=\"720\"><img loading=\"lazy\" decoding=\"async\" src=\"https:\/\/a57.foxnews.com\/static.foxnews.com\/foxnews.com\/content\/uploads\/2025\/08\/1200\/675\/gaza-city-airstrike-kills-journalists.jpg?ve=1&amp;tl=1\" alt=\"La tienda fue que los periodistas fueron asesinados en la ciudad de Gaza\" width=\"1200\" height=\"675\"\/><\/source><\/source><\/source><\/source><\/picture><\/div>\n<div class=\"info\">\n<div class=\"caption\">\n<p><span>Los palestinos inspeccionan la tienda destruida donde los periodistas, incluidos los corresponsales de Al Jazeera, Anas al-Sharif y Mohammed Qreiqeh, fueron encontrados muertos despu\u00e9s de un ataque a\u00e9reo israel\u00ed fuera del complejo Hospital Shifa de la ciudad de Gaza el lunes 11 de agosto de 2025.<\/span> <span>(AP\/Jehad Alshrafi)<\/span><\/p>\n<\/div>\n<\/div>\n<\/div>\n<p>\u00abAnas y sus colegas se encontraban entre las \u00faltimas voces restantes dentro de Gaza, proporcionando al mundo una cobertura sin filtro y en el terreno de las devastadoras realidades soportadas por su gente. Mientras que los medios internacionales se les prohibi\u00f3 entrar, los periodistas de Al Jazaera remitieron a Gaza, experimentando el hambre y el sufrimiento que documentaron a trav\u00e9s de sus lentes\u00bb, agreg\u00f3. <\/p>\n<p>La Oficina de Derechos Humanos de la ONU tambi\u00e9n escribi\u00f3 en X que conden\u00f3 los asesinatos y pidi\u00f3 \u00abacceso inmediato, seguro y sin obst\u00e1culos a Gaza para todos los periodistas\u00bb. <\/p>\n<div class=\"image-ct inline\">\n<div class=\"m\"><picture><source media=\"(max-width: 767px)\" srcset=\"https:\/\/a57.foxnews.com\/static.foxnews.com\/foxnews.com\/content\/uploads\/2025\/08\/343\/192\/anas-al-sharif-2.jpg?ve=1&amp;tl=1, https:\/\/a57.foxnews.com\/static.foxnews.com\/foxnews.com\/content\/uploads\/2025\/08\/686\/384\/anas-al-sharif-2.jpg?ve=1&amp;tl=1 2x\" height=\"192\" width=\"343\"><source media=\"(min-width: 768px) and (max-width: 1023px)\" srcset=\"https:\/\/a57.foxnews.com\/static.foxnews.com\/foxnews.com\/content\/uploads\/2025\/08\/672\/378\/anas-al-sharif-2.jpg?ve=1&amp;tl=1, https:\/\/a57.foxnews.com\/static.foxnews.com\/foxnews.com\/content\/uploads\/2025\/08\/1344\/756\/anas-al-sharif-2.jpg?ve=1&amp;tl=1 2x\" height=\"378\" width=\"672\"><source media=\"(min-width: 1024px) and (max-width: 1279px)\" srcset=\"https:\/\/a57.foxnews.com\/static.foxnews.com\/foxnews.com\/content\/uploads\/2025\/08\/931\/523\/anas-al-sharif-2.jpg?ve=1&amp;tl=1, https:\/\/a57.foxnews.com\/static.foxnews.com\/foxnews.com\/content\/uploads\/2025\/08\/1862\/1046\/anas-al-sharif-2.jpg?ve=1&amp;tl=1 2x\" height=\"523\" width=\"931\"><source media=\"(min-width: 1280px)\" srcset=\"https:\/\/a57.foxnews.com\/static.foxnews.com\/foxnews.com\/content\/uploads\/2025\/08\/720\/405\/anas-al-sharif-2.jpg?ve=1&amp;tl=1, https:\/\/a57.foxnews.com\/static.foxnews.com\/foxnews.com\/content\/uploads\/2025\/08\/1440\/810\/anas-al-sharif-2.jpg?ve=1&amp;tl=1 2x\" height=\"405\" width=\"720\"><img loading=\"lazy\" decoding=\"async\" src=\"https:\/\/a57.foxnews.com\/static.foxnews.com\/foxnews.com\/content\/uploads\/2025\/08\/1200\/675\/anas-al-sharif-2.jpg?ve=1&amp;tl=1\" alt=\"El periodista de Al Jazeera se encuentra en el vertedero en Gaza\" width=\"1200\" height=\"675\"\/><\/source><\/source><\/source><\/source><\/picture><\/div>\n<div class=\"info\">\n<div class=\"caption\">\n<p><span>El periodista de Al Jazeera, Anas Al-Sharif, quien fue asesinado en una huelga israel\u00ed el 10 de agosto de 2025, se encuentra en un vertedero cuando informa las noticias en la ciudad de Gaza el 13 de agosto de 2024. <\/span> <span>(Reuters\/Dawoud ambos antojos)<\/span><\/p>\n<\/div>\n<\/div>\n<\/div>\n<p><strong>Haga clic aqu\u00ed para obtener la aplicaci\u00f3n Fox News<\/strong><strong> <\/strong><\/p>\n<p>Las FDI dijeron que los documentos que encontr\u00f3 en la Franja de Gaza \u00abincluyen listas de personal, listas de cursos de capacitaci\u00f3n terrorista, directorios telef\u00f3nicos y documentos salariales para el terrorista, y proporcionan pruebas inequ\u00edvocas de que [Al-Sharif] sirve como terrorista militar en Hamas en la Franja de Gaza. \u00ab<\/p>\n<p> <!----> <\/p>\n<div class=\"article-meta\">\n<div class=\"author-bio\">\n<p>Greg Norman es reportero de Fox News Digital.<\/p>\n<\/div>\n<\/div>\n<\/div>\n\n","protected":false},"excerpt":{"rendered":"<p>NUEVO\u00a1Ahora puedes escuchar art\u00edculos de Fox News! Un periodista de Al Jazeera que fue asesinado por un ataque a\u00e9reo israel\u00ed en la Franja de Gaza fue el l\u00edder de una \u00abc\u00e9lula terrorista\u00bb de Hamas, anunciaron las Fuerzas de Defensa de Israel. Anas al-Sharif y cuatro de sus colegas, identificados por Al Jazeera como el corresponsal &hellip;<\/p>\n","protected":false},"author":1,"featured_media":39916,"comment_status":"open","ping_status":"open","sticky":false,"template":"","format":"standard","meta":{"fifu_image_url":"https:\/\/static.foxnews.com\/foxnews.com\/content\/uploads\/2025\/08\/anas-al-sharif.jpg","fifu_image_alt":"","footnotes":""},"categories":[13],"tags":[],"class_list":["post-39914","post","type-post","status-publish","format-standard","has-post-thumbnail","","category-mundo"],"_links":{"self":[{"href":"https:\/\/noticiasveraces.com\/index.php?rest_route=\/wp\/v2\/posts\/39914","targetHints":{"allow":["GET"]}}],"collection":[{"href":"https:\/\/noticiasveraces.com\/index.php?rest_route=\/wp\/v2\/posts"}],"about":[{"href":"https:\/\/noticiasveraces.com\/index.php?rest_route=\/wp\/v2\/types\/post"}],"author":[{"embeddable":true,"href":"https:\/\/noticiasveraces.com\/index.php?rest_route=\/wp\/v2\/users\/1"}],"replies":[{"embeddable":true,"href":"https:\/\/noticiasveraces.com\/index.php?rest_route=%2Fwp%2Fv2%2Fcomments&post=39914"}],"version-history":[{"count":0,"href":"https:\/\/noticiasveraces.com\/index.php?rest_route=\/wp\/v2\/posts\/39914\/revisions"}],"wp:featuredmedia":[{"embeddable":true,"href":"https:\/\/noticiasveraces.com\/index.php?rest_route=\/wp\/v2\/media\/39916"}],"wp:attachment":[{"href":"https:\/\/noticiasveraces.com\/index.php?rest_route=%2Fwp%2Fv2%2Fmedia&parent=39914"}],"wp:term":[{"taxonomy":"category","embeddable":true,"href":"https:\/\/noticiasveraces.com\/index.php?rest_route=%2Fwp%2Fv2%2Fcategories&post=39914"},{"taxonomy":"post_tag","embeddable":true,"href":"https:\/\/noticiasveraces.com\/index.php?rest_route=%2Fwp%2Fv2%2Ftags&post=39914"}],"curies":[{"name":"wp","href":"https:\/\/api.w.org\/{rel}","templated":true}]}}