{"id":39905,"date":"2025-08-11T11:20:11","date_gmt":"2025-08-11T15:20:11","guid":{"rendered":"https:\/\/noticiasveraces.com\/?p=39905"},"modified":"2025-08-11T11:20:11","modified_gmt":"2025-08-11T15:20:11","slug":"la-enfermedad-de-alzheimer-vinculada-a-la-deficiencia-de-litio-en-el-estudio-de-new-harvard","status":"publish","type":"post","link":"https:\/\/noticiasveraces.com\/?p=39905","title":{"rendered":"La enfermedad de Alzheimer vinculada a la deficiencia de litio en el estudio de New Harvard"},"content":{"rendered":"<p> \n<\/p>\n<div>\n<div id=\"beyondwords-wrapper\" class=\"beyondwords-wrapper\">\n<p><span class=\"label-bg\">NUEVO<\/span>\u00a1Ahora puedes escuchar art\u00edculos de Fox News!\n  <\/p>\n<\/div>\n<p class=\"speakable\">Los investigadores han descubierto un nuevo factor que podr\u00eda contribuir al desarrollo de la enfermedad de Alzheimer.<\/p>\n<p class=\"speakable\">Un estudio de la Facultad de Medicina de Harvard ha identificado niveles bajos de litio en el cerebro como posible desencadenante para la demencia com\u00fan.<\/p>\n<p>Se sabe que el litio tiene muchas funciones en el cerebro, incluido el equilibrio de productos qu\u00edmicos reguladores del estado de \u00e1nimo, protegiendo las neuronas y el manejo del procesamiento emocional. Tambi\u00e9n se ha utilizado para tratar el trastorno bipolar y la depresi\u00f3n.<\/p>\n<p><strong><u>Los investigadores de Alzheimer dicen que dirigir el az\u00facar cerebral podr\u00eda ayudar a proteger contra la demencia<\/u><\/strong><\/p>\n<p>Ahora, los nuevos hallazgos muestran que el metal podr\u00eda ser un \u00abenlace faltante\u00bb en el riesgo de Alzheimer, seg\u00fan un comunicado de prensa de Harvard.<\/p>\n<p>Los investigadores probaron los efectos de litio en ratones, as\u00ed como muestras de tejido cerebral y sangre humana.<\/p>\n<div class=\"image-ct inline\">\n<div class=\"m\"><picture><source media=\"(max-width: 767px)\" srcset=\"https:\/\/a57.foxnews.com\/static.foxnews.com\/foxnews.com\/content\/uploads\/2025\/08\/343\/192\/mice-amyloid-beta-tau.jpg?ve=1&amp;tl=1, https:\/\/a57.foxnews.com\/static.foxnews.com\/foxnews.com\/content\/uploads\/2025\/08\/686\/384\/mice-amyloid-beta-tau.jpg?ve=1&amp;tl=1 2x\" height=\"192\" width=\"343\"><source media=\"(min-width: 768px) and (max-width: 1023px)\" srcset=\"https:\/\/a57.foxnews.com\/static.foxnews.com\/foxnews.com\/content\/uploads\/2025\/08\/672\/378\/mice-amyloid-beta-tau.jpg?ve=1&amp;tl=1, https:\/\/a57.foxnews.com\/static.foxnews.com\/foxnews.com\/content\/uploads\/2025\/08\/1344\/756\/mice-amyloid-beta-tau.jpg?ve=1&amp;tl=1 2x\" height=\"378\" width=\"672\"><source media=\"(min-width: 1024px) and (max-width: 1279px)\" srcset=\"https:\/\/a57.foxnews.com\/static.foxnews.com\/foxnews.com\/content\/uploads\/2025\/08\/931\/523\/mice-amyloid-beta-tau.jpg?ve=1&amp;tl=1, https:\/\/a57.foxnews.com\/static.foxnews.com\/foxnews.com\/content\/uploads\/2025\/08\/1862\/1046\/mice-amyloid-beta-tau.jpg?ve=1&amp;tl=1 2x\" height=\"523\" width=\"931\"><source media=\"(min-width: 1280px)\" srcset=\"https:\/\/a57.foxnews.com\/static.foxnews.com\/foxnews.com\/content\/uploads\/2025\/08\/720\/405\/mice-amyloid-beta-tau.jpg?ve=1&amp;tl=1, https:\/\/a57.foxnews.com\/static.foxnews.com\/foxnews.com\/content\/uploads\/2025\/08\/1440\/810\/mice-amyloid-beta-tau.jpg?ve=1&amp;tl=1 2x\" height=\"405\" width=\"720\"><img loading=\"lazy\" decoding=\"async\" src=\"https:\/\/a57.foxnews.com\/static.foxnews.com\/foxnews.com\/content\/uploads\/2025\/08\/1200\/675\/mice-amyloid-beta-tau.jpg?ve=1&amp;tl=1\" alt=\"Modelo de rat\u00f3n de la enfermedad de Alzheimer\" width=\"1200\" height=\"675\"\/><\/source><\/source><\/source><\/source><\/picture><\/div>\n<div class=\"info\">\n<div class=\"caption\">\n<p><span>En un modelo de rat\u00f3n de enfermedad de Alzheimer, la deficiencia de litio, derecha, aument\u00f3 dr\u00e1sticamente los dep\u00f3sitos beta amiloides en el cerebro en comparaci\u00f3n con los ratones que ten\u00edan niveles fisiol\u00f3gicos normales de litio, izquierda. Fila inferior: lo mismo era cierto para la prote\u00edna neurofibrilar de la prote\u00edna neurofibrilar de Alzheimer.<\/span> <span>(Laboratorio de Yankner)<\/span><\/p>\n<\/div>\n<\/div>\n<\/div>\n<p>Las muestras de cerebro humano se obtuvieron en asociaci\u00f3n con el proyecto de memoria y envejecimiento Rush en Chicago, que mantiene el tejido cerebral post mortem de miles de donantes. <\/p>\n<p>Las muestras representaron el espectro completo de la salud cognitiva, que va desde ning\u00fan signo de enfermedad hasta deterioro cognitivo leve hasta Alzheimer avanzado, seg\u00fan el lanzamiento.<\/p>\n<p><strong><u>Dos medicamentos contra el c\u00e1ncer son prometedores al revertir los efectos devastadores de Alzheimer<\/u><\/strong><\/p>\n<p>Descubrieron que los niveles de litio se redujeron a medida que aumentaban los signos de la enfermedad, mostrando como \u00abmuy disminuidos\u00bb en los pacientes avanzados de Alzheimer.<\/p>\n<blockquote class=\"pull-quote\">\n<p class=\"quote-text\">\u00abEs la primera vez que alguien ha demostrado que el litio existe a un nivel natural que es biol\u00f3gicamente significativo sin darlo como una droga\u00bb.<\/p>\n<p> <!----><\/p><\/blockquote>\n<p>A medida que las placas amiloides t\u00f3xicas se acumulan en el cerebro, un sello distintivo de Alzheimer, comienzan a unirse al litio, evitando que realice sus funciones protectoras.<\/p>\n<p>Cuando los ratones fueron alimentados con una \u00abdieta restringida de litio\u00bb, los niveles de litio de sus cerebros disminuyeron, causando el envejecimiento acelerado, la formaci\u00f3n de placas de amiloide-beta, mayor inflamaci\u00f3n, p\u00e9rdida de memoria y declive cognitivo.<\/p>\n<div class=\"image-ct inline\">\n<div class=\"m\"><picture><source media=\"(max-width: 767px)\" srcset=\"https:\/\/a57.foxnews.com\/static.foxnews.com\/foxnews.com\/content\/uploads\/2025\/08\/343\/192\/mouse-brain-cells-alzheimers-study.png?ve=1&amp;tl=1, https:\/\/a57.foxnews.com\/static.foxnews.com\/foxnews.com\/content\/uploads\/2025\/08\/686\/384\/mouse-brain-cells-alzheimers-study.png?ve=1&amp;tl=1 2x\" height=\"192\" width=\"343\"><source media=\"(min-width: 768px) and (max-width: 1023px)\" srcset=\"https:\/\/a57.foxnews.com\/static.foxnews.com\/foxnews.com\/content\/uploads\/2025\/08\/672\/378\/mouse-brain-cells-alzheimers-study.png?ve=1&amp;tl=1, https:\/\/a57.foxnews.com\/static.foxnews.com\/foxnews.com\/content\/uploads\/2025\/08\/1344\/756\/mouse-brain-cells-alzheimers-study.png?ve=1&amp;tl=1 2x\" height=\"378\" width=\"672\"><source media=\"(min-width: 1024px) and (max-width: 1279px)\" srcset=\"https:\/\/a57.foxnews.com\/static.foxnews.com\/foxnews.com\/content\/uploads\/2025\/08\/931\/523\/mouse-brain-cells-alzheimers-study.png?ve=1&amp;tl=1, https:\/\/a57.foxnews.com\/static.foxnews.com\/foxnews.com\/content\/uploads\/2025\/08\/1862\/1046\/mouse-brain-cells-alzheimers-study.png?ve=1&amp;tl=1 2x\" height=\"523\" width=\"931\"><source media=\"(min-width: 1280px)\" srcset=\"https:\/\/a57.foxnews.com\/static.foxnews.com\/foxnews.com\/content\/uploads\/2025\/08\/720\/405\/mouse-brain-cells-alzheimers-study.png?ve=1&amp;tl=1, https:\/\/a57.foxnews.com\/static.foxnews.com\/foxnews.com\/content\/uploads\/2025\/08\/1440\/810\/mouse-brain-cells-alzheimers-study.png?ve=1&amp;tl=1 2x\" height=\"405\" width=\"720\"><img loading=\"lazy\" decoding=\"async\" src=\"https:\/\/a57.foxnews.com\/static.foxnews.com\/foxnews.com\/content\/uploads\/2025\/08\/1200\/675\/mouse-brain-cells-alzheimers-study.png?ve=1&amp;tl=1\" alt=\"Estudio de Alzheimer de c\u00e9lulas cerebrales de rat\u00f3n\" width=\"1200\" height=\"675\"\/><\/source><\/source><\/source><\/source><\/picture><\/div>\n<div class=\"info\">\n<div class=\"caption\">\n<p><span>La deficiencia de litio diluy\u00f3 la mielina que cubre las neuronas, correcta, en comparaci\u00f3n con los ratones normales.<\/span> <span>(Laboratorio de Yankner)<\/span><\/p>\n<\/div>\n<\/div>\n<\/div>\n<p>\u00abEl litio resulta ser como otros nutrientes que obtenemos del medio ambiente, como el hierro y la vitamina C\u00bb, dijo el autor principal Bruce Yankner, profesor de gen\u00e9tica y neurolog\u00eda en el Instituto Blavatnik de la Escuela de Medicina de Harvard, en el comunicado.<\/p>\n<p>\u00abEs la primera vez que alguien ha demostrado que el litio existe a un nivel natural que es biol\u00f3gicamente significativo sin darlo como una droga\u00bb.<\/p>\n<p><strong><u>El riesgo de Alzheimer podr\u00eda aumentar con un patr\u00f3n de sue\u00f1o espec\u00edfico, los expertos advierten<\/u><\/strong><\/p>\n<p>Los investigadores tambi\u00e9n descubrieron un nuevo tipo de compuesto de litio, el orotado de litio, que no se un\u00eda al amiloide. Cuando los ratones bebieron agua que conten\u00eda este compuesto, ayud\u00f3 a restaurar la memoria y revertir el da\u00f1o cerebral, incluso para aquellos que ten\u00edan signos avanzados de enfermedad.<\/p>\n<p>Los hallazgos fueron publicados en la revista Nature.<\/p>\n<div class=\"image-ct inline\">\n<div class=\"m\"><picture><source media=\"(max-width: 767px)\" srcset=\"https:\/\/a57.foxnews.com\/static.foxnews.com\/foxnews.com\/content\/uploads\/2025\/08\/343\/192\/doctors-analyzing-mri.jpg?ve=1&amp;tl=1, https:\/\/a57.foxnews.com\/static.foxnews.com\/foxnews.com\/content\/uploads\/2025\/08\/686\/384\/doctors-analyzing-mri.jpg?ve=1&amp;tl=1 2x\" height=\"192\" width=\"343\"><source media=\"(min-width: 768px) and (max-width: 1023px)\" srcset=\"https:\/\/a57.foxnews.com\/static.foxnews.com\/foxnews.com\/content\/uploads\/2025\/08\/672\/378\/doctors-analyzing-mri.jpg?ve=1&amp;tl=1, https:\/\/a57.foxnews.com\/static.foxnews.com\/foxnews.com\/content\/uploads\/2025\/08\/1344\/756\/doctors-analyzing-mri.jpg?ve=1&amp;tl=1 2x\" height=\"378\" width=\"672\"><source media=\"(min-width: 1024px) and (max-width: 1279px)\" srcset=\"https:\/\/a57.foxnews.com\/static.foxnews.com\/foxnews.com\/content\/uploads\/2025\/08\/931\/523\/doctors-analyzing-mri.jpg?ve=1&amp;tl=1, https:\/\/a57.foxnews.com\/static.foxnews.com\/foxnews.com\/content\/uploads\/2025\/08\/1862\/1046\/doctors-analyzing-mri.jpg?ve=1&amp;tl=1 2x\" height=\"523\" width=\"931\"><source media=\"(min-width: 1280px)\" srcset=\"https:\/\/a57.foxnews.com\/static.foxnews.com\/foxnews.com\/content\/uploads\/2025\/08\/720\/405\/doctors-analyzing-mri.jpg?ve=1&amp;tl=1, https:\/\/a57.foxnews.com\/static.foxnews.com\/foxnews.com\/content\/uploads\/2025\/08\/1440\/810\/doctors-analyzing-mri.jpg?ve=1&amp;tl=1 2x\" height=\"405\" width=\"720\"><img loading=\"lazy\" decoding=\"async\" src=\"https:\/\/a57.foxnews.com\/static.foxnews.com\/foxnews.com\/content\/uploads\/2025\/08\/1200\/675\/doctors-analyzing-mri.jpg?ve=1&amp;tl=1\" alt=\"M\u00e9dicos discutiendo MRI\" width=\"1200\" height=\"675\"\/><\/source><\/source><\/source><\/source><\/picture><\/div>\n<div class=\"info\">\n<div class=\"caption\">\n<p><span>Las muestras de tejido cerebral representaban el espectro completo de la salud cognitiva, desde ning\u00fan signo de enfermedad hasta deterioro cognitivo leve hasta enfermedad de Alzheimer avanzada.<\/span> <span>(Istock)<\/span><\/p>\n<\/div>\n<\/div>\n<\/div>\n<p>\u00abLo que m\u00e1s me impresiona del litio es el efecto generalizado que tiene en las diversas manifestaciones de Alzheimer\u00bb, dijo Yanker. \u00abRealmente no he visto nada similar en todos mis a\u00f1os de trabajar en esta enfermedad\u00bb.<\/p>\n<p>\u00abLa idea de que la deficiencia de litio podr\u00eda ser una causa de la enfermedad de Alzheimer es nueva y sugiere un enfoque terap\u00e9utico diferente\u00bb.<\/p>\n<h2><strong>Limitaciones potenciales<\/strong><\/h2>\n<p>Si bien el estudio sugiri\u00f3 que la cantidad de litio en el cerebro podr\u00eda estar relacionada con la acumulaci\u00f3n de beta amiloide, ten\u00eda algunas limitaciones obvias, seg\u00fan Ozama Ismail, Ph.D., director de programas cient\u00edficos de la Asociaci\u00f3n de Alzheimer en Chicago.<\/p>\n<div class=\"image-ct inline\">\n<div class=\"m\"><picture><source media=\"(max-width: 767px)\" srcset=\"https:\/\/a57.foxnews.com\/static.foxnews.com\/foxnews.com\/content\/uploads\/2025\/01\/343\/192\/mouse-study.jpg?ve=1&amp;tl=1, https:\/\/a57.foxnews.com\/static.foxnews.com\/foxnews.com\/content\/uploads\/2025\/01\/686\/384\/mouse-study.jpg?ve=1&amp;tl=1 2x\" height=\"192\" width=\"343\"><source media=\"(min-width: 768px) and (max-width: 1023px)\" srcset=\"https:\/\/a57.foxnews.com\/static.foxnews.com\/foxnews.com\/content\/uploads\/2025\/01\/672\/378\/mouse-study.jpg?ve=1&amp;tl=1, https:\/\/a57.foxnews.com\/static.foxnews.com\/foxnews.com\/content\/uploads\/2025\/01\/1344\/756\/mouse-study.jpg?ve=1&amp;tl=1 2x\" height=\"378\" width=\"672\"><source media=\"(min-width: 1024px) and (max-width: 1279px)\" srcset=\"https:\/\/a57.foxnews.com\/static.foxnews.com\/foxnews.com\/content\/uploads\/2025\/01\/931\/523\/mouse-study.jpg?ve=1&amp;tl=1, https:\/\/a57.foxnews.com\/static.foxnews.com\/foxnews.com\/content\/uploads\/2025\/01\/1862\/1046\/mouse-study.jpg?ve=1&amp;tl=1 2x\" height=\"523\" width=\"931\"><source media=\"(min-width: 1280px)\" srcset=\"https:\/\/a57.foxnews.com\/static.foxnews.com\/foxnews.com\/content\/uploads\/2025\/01\/720\/405\/mouse-study.jpg?ve=1&amp;tl=1, https:\/\/a57.foxnews.com\/static.foxnews.com\/foxnews.com\/content\/uploads\/2025\/01\/1440\/810\/mouse-study.jpg?ve=1&amp;tl=1 2x\" height=\"405\" width=\"720\"><img loading=\"lazy\" decoding=\"async\" src=\"https:\/\/a57.foxnews.com\/static.foxnews.com\/foxnews.com\/content\/uploads\/2025\/01\/1200\/675\/mouse-study.jpg?ve=1&amp;tl=1\" alt=\"Estudio del rat\u00f3n\" width=\"1200\" height=\"675\"\/><\/source><\/source><\/source><\/source><\/picture><\/div>\n<div class=\"info\">\n<div class=\"caption\">\n<p><span>Si bien los estudios en los modelos de ratones son un \u00abpaso temprano vital\u00bb en la investigaci\u00f3n terap\u00e9utica, el autor del estudio principal enfatiz\u00f3 que se necesitan mucha m\u00e1s investigaci\u00f3n para comprender los efectos de la salud de los niveles de litio en el cerebro.<\/span> <span>(Istock)<\/span><\/p>\n<\/div>\n<\/div>\n<\/div>\n<p>\u00abLos modelos animales no replican directamente el Alzheimer en humanos; m\u00e1s bien, pueden proporcionar algunas ideas sobre la biolog\u00eda del progresi\u00f3n y el desarrollo de la enfermedad\u00bb, dijo Ismail, quien no particip\u00f3 en el estudio, a Fox News Digital.<\/p>\n<p>\u00abLos modelos de ratones se han modificado para acumular beta amiloide, una prote\u00edna distintiva que se acumula en el cerebro de las personas con Alzheimer\u00bb.<\/p>\n<p><strong><u>Haga clic aqu\u00ed para obtener la aplicaci\u00f3n Fox News<\/u><\/strong><\/p>\n<p>Si bien los estudios en los modelos de ratones son un \u00abpaso temprano vital\u00bb en la investigaci\u00f3n terap\u00e9utica, Ismail enfatiz\u00f3 que se necesitan mucha m\u00e1s investigaci\u00f3n para comprender los efectos en la salud de los niveles de litio en el cerebro.<\/p>\n<p>\u00abComprender si el litio puede ser terap\u00e9utico para el Alzheimer requiere grandes ensayos cl\u00ednicos en poblaciones representativas\u00bb, dijo.<\/p>\n<div class=\"image-ct inline\">\n<div class=\"m\"><picture><source media=\"(max-width: 767px)\" srcset=\"https:\/\/a57.foxnews.com\/static.foxnews.com\/foxnews.com\/content\/uploads\/2025\/08\/343\/192\/older-woman-alzheimers.jpg?ve=1&amp;tl=1, https:\/\/a57.foxnews.com\/static.foxnews.com\/foxnews.com\/content\/uploads\/2025\/08\/686\/384\/older-woman-alzheimers.jpg?ve=1&amp;tl=1 2x\" height=\"192\" width=\"343\"><source media=\"(min-width: 768px) and (max-width: 1023px)\" srcset=\"https:\/\/a57.foxnews.com\/static.foxnews.com\/foxnews.com\/content\/uploads\/2025\/08\/672\/378\/older-woman-alzheimers.jpg?ve=1&amp;tl=1, https:\/\/a57.foxnews.com\/static.foxnews.com\/foxnews.com\/content\/uploads\/2025\/08\/1344\/756\/older-woman-alzheimers.jpg?ve=1&amp;tl=1 2x\" height=\"378\" width=\"672\"><source media=\"(min-width: 1024px) and (max-width: 1279px)\" srcset=\"https:\/\/a57.foxnews.com\/static.foxnews.com\/foxnews.com\/content\/uploads\/2025\/08\/931\/523\/older-woman-alzheimers.jpg?ve=1&amp;tl=1, https:\/\/a57.foxnews.com\/static.foxnews.com\/foxnews.com\/content\/uploads\/2025\/08\/1862\/1046\/older-woman-alzheimers.jpg?ve=1&amp;tl=1 2x\" height=\"523\" width=\"931\"><source media=\"(min-width: 1280px)\" srcset=\"https:\/\/a57.foxnews.com\/static.foxnews.com\/foxnews.com\/content\/uploads\/2025\/08\/720\/405\/older-woman-alzheimers.jpg?ve=1&amp;tl=1, https:\/\/a57.foxnews.com\/static.foxnews.com\/foxnews.com\/content\/uploads\/2025\/08\/1440\/810\/older-woman-alzheimers.jpg?ve=1&amp;tl=1 2x\" height=\"405\" width=\"720\"><img loading=\"lazy\" decoding=\"async\" src=\"https:\/\/a57.foxnews.com\/static.foxnews.com\/foxnews.com\/content\/uploads\/2025\/08\/1200\/675\/older-woman-alzheimers.jpg?ve=1&amp;tl=1\" alt=\"Mujer mayor Alzheimer\" width=\"1200\" height=\"675\"\/><\/source><\/source><\/source><\/source><\/picture><\/div>\n<div class=\"info\">\n<div class=\"caption\">\n<p><span>Si los estudios futuros confirman estos hallazgos, los cient\u00edficos dicen que los an\u00e1lisis de sangre de rutina podr\u00edan detectar los niveles de litio e identificar a las personas en riesgo.<\/span> <span>(Istock)<\/span><\/p>\n<\/div>\n<\/div>\n<\/div>\n<p>Al igual que otras enfermedades importantes, es probable que el tratamiento de Alzheimer requiera m\u00faltiples enfoques que combinen medicamentos y cambios en el estilo de vida, predijo Ismail.<\/p>\n<p>Los investigadores acordaron que se necesita m\u00e1s investigaci\u00f3n en ensayos cl\u00ednicos en humanos.<\/p>\n<p><strong><u>Haga clic aqu\u00ed para registrarse en nuestro bolet\u00edn de salud<\/u><\/strong><\/p>\n<p>\u00abDebe tener cuidado al extrapolar de los modelos de ratones, y nunca se sabe hasta que lo pruebe en un ensayo cl\u00ednico humano controlado\u00bb, se\u00f1al\u00f3 Yankner. \u00abPero hasta ahora, los resultados son muy alentadores\u00bb.<\/p>\n<p>Si los estudios futuros confirman estos hallazgos, los cient\u00edficos dicen que los an\u00e1lisis de sangre de rutina podr\u00edan detectar los niveles de litio e identificar a las personas en riesgo.<\/p>\n<blockquote class=\"pull-quote\">\n<p class=\"quote-text\">\u00abEspero que el litio haga algo m\u00e1s fundamental que las terapias anti-amiloides o anti-tau\u00bb.<\/p>\n<p> <!----><\/p><\/blockquote>\n<p>Mientras tanto, Yankner advirti\u00f3 contra las personas que toman compuestos de litio \u00abpor su cuenta\u00bb.<\/p>\n<p>\u00abEspero que el litio haga algo m\u00e1s fundamental que las terapias anti-amiloides o anti-tau, no solo disminuyendo sino revertir el deterioro cognitivo y mejorar la vida de los pacientes\u00bb, dijo.<\/p>\n<p><i><strong><u>Para m\u00e1s art\u00edculos de salud, visite <\/u><\/strong><\/i><i><strong><u>www.foxnews.com\/Health<\/u><\/strong><\/i><\/p>\n<p>El estudio fue apoyado por los Institutos Nacionales de Salud, la Fundaci\u00f3n de la Familia Ludwig, la Fundaci\u00f3n Glenn para la Investigaci\u00f3n M\u00e9dica y la Fundaci\u00f3n Mind envejecida.<\/p>\n<p> <!----> <\/p>\n<div class=\"article-meta\">\n<div class=\"author-bio\">\n<p>Melissa Rudy es editora de salud senior y miembro del equipo de estilo de vida en Fox News Digital. Los consejos de la historia se pueden enviar a melissa.rudy@fox.com.<\/p>\n<\/div>\n<\/div>\n<\/div>\n\n","protected":false},"excerpt":{"rendered":"<p>NUEVO\u00a1Ahora puedes escuchar art\u00edculos de Fox News! Los investigadores han descubierto un nuevo factor que podr\u00eda contribuir al desarrollo de la enfermedad de Alzheimer. Un estudio de la Facultad de Medicina de Harvard ha identificado niveles bajos de litio en el cerebro como posible desencadenante para la demencia com\u00fan. Se sabe que el litio tiene &hellip;<\/p>\n","protected":false},"author":1,"featured_media":39907,"comment_status":"open","ping_status":"open","sticky":false,"template":"","format":"standard","meta":{"fifu_image_url":"https:\/\/a57.foxnews.com\/static.foxnews.com\/foxnews.com\/content\/uploads\/2025\/08\/1200\/675\/mice-amyloid-beta-tau.jpg?ve=1&tl=1","fifu_image_alt":"","footnotes":""},"categories":[8],"tags":[],"class_list":["post-39905","post","type-post","status-publish","format-standard","has-post-thumbnail","","category-salud"],"_links":{"self":[{"href":"https:\/\/noticiasveraces.com\/index.php?rest_route=\/wp\/v2\/posts\/39905","targetHints":{"allow":["GET"]}}],"collection":[{"href":"https:\/\/noticiasveraces.com\/index.php?rest_route=\/wp\/v2\/posts"}],"about":[{"href":"https:\/\/noticiasveraces.com\/index.php?rest_route=\/wp\/v2\/types\/post"}],"author":[{"embeddable":true,"href":"https:\/\/noticiasveraces.com\/index.php?rest_route=\/wp\/v2\/users\/1"}],"replies":[{"embeddable":true,"href":"https:\/\/noticiasveraces.com\/index.php?rest_route=%2Fwp%2Fv2%2Fcomments&post=39905"}],"version-history":[{"count":0,"href":"https:\/\/noticiasveraces.com\/index.php?rest_route=\/wp\/v2\/posts\/39905\/revisions"}],"wp:featuredmedia":[{"embeddable":true,"href":"https:\/\/noticiasveraces.com\/index.php?rest_route=\/wp\/v2\/media\/39907"}],"wp:attachment":[{"href":"https:\/\/noticiasveraces.com\/index.php?rest_route=%2Fwp%2Fv2%2Fmedia&parent=39905"}],"wp:term":[{"taxonomy":"category","embeddable":true,"href":"https:\/\/noticiasveraces.com\/index.php?rest_route=%2Fwp%2Fv2%2Fcategories&post=39905"},{"taxonomy":"post_tag","embeddable":true,"href":"https:\/\/noticiasveraces.com\/index.php?rest_route=%2Fwp%2Fv2%2Ftags&post=39905"}],"curies":[{"name":"wp","href":"https:\/\/api.w.org\/{rel}","templated":true}]}}