{"id":39852,"date":"2025-08-11T01:26:05","date_gmt":"2025-08-11T05:26:05","guid":{"rendered":"https:\/\/noticiasveraces.com\/?p=39852"},"modified":"2025-08-11T01:26:05","modified_gmt":"2025-08-11T05:26:05","slug":"dean-henderson-el-heroe-con-gorra-del-crystal-palace","status":"publish","type":"post","link":"https:\/\/noticiasveraces.com\/?p=39852","title":{"rendered":"Dean Henderson, el &#8216;h\u00e9roe con gorra&#8217; del Crystal Palace"},"content":{"rendered":"<p> \n<\/p>\n<div>\n<p data-mrf-recirculation=\"Links P\u00e1rrafos\" class=\"ue-c-article__paragraph paragraph ue-c-article--first-letter-highlighted\">Hay h\u00e9roes que no llevan capa&#8230; <strong>pero s\u00ed una gorra<\/strong>. Ese es el caso de <strong>Dean Henderson<\/strong>portero de 28 a\u00f1os que pas\u00f3 de ser el &#8216;eterno cedido&#8217; por el <strong>Manchester United<\/strong> a convertirse en una figura trascendente en el <strong>Palacio de cristal<\/strong>que tras 120 a\u00f1os sin festejar ning\u00fan t\u00edtulo en 2025 ha levantado sus dos primeros trofeos en <strong>Wembley<\/strong> teniendo al nacido en Whitehaven como su salvador bajo palos.<\/p>\n<p data-mrf-recirculation=\"Links P\u00e1rrafos\" class=\"ue-c-article__paragraph paragraph\">Primero fue en la <strong>Fin de la Copa FA<\/strong> de la temporada 24-25 ante el <strong>Manchester City<\/strong>en donde Henderson le detuvo un penalti a<strong> Omar Marmoush<\/strong> y luego se luci\u00f3 en porter\u00eda con heroicas atajadas para asegurar la victoria. Y ahora este domingo el hombre de los guantes respondi\u00f3 cuando su equipo m\u00e1s lo necesitaba durante el tiempo regular y posteriormente en la tanda de penaltis parando dos lanzamientos para que Palace pueda ser considerado como el &#8216;<strong>Mataje de Wembley<\/strong> tras arrebatarle la Community Shield al <strong>&#8216;Superliverpool&#8217; <\/strong>de Salah, Wirtz, Ekitik\u00e9 y compa\u00f1\u00eda.<\/p>\n<p data-mrf-recirculation=\"Links P\u00e1rrafos\" class=\"ue-c-article__paragraph paragraph\">Pero todo esto ha tenido un factor en com\u00fan; <strong>la ic\u00f3nica gorra color negro que ha utilizado el portero en ambas ocasiones.<\/strong> Al m\u00e1s puro estilo de <strong>Lev Yazin de Oliver Kahn<\/strong>cuando es necesario Henderson luce este accesorio para protegerse de los rayos solares. Coincidencia o no (o superstici\u00f3n), tal parece que el guardi\u00e1n ofrece su mejor versi\u00f3n bajo palos con el accesorio cubriendo su cabeza, llegando a convertirse en una especie &#8216;superh\u00e9roe&#8217; que defiende al Palace de cualquier ataque rival.<\/p>\n<p data-mrf-recirculation=\"Links P\u00e1rrafos\" class=\"ue-c-article__paragraph paragraph\">Si bien ya hab\u00eda dado grandes exhbiciones con la gorra puesta durante sus cesiones al <strong>Sheffield United y Nottingham Forest<\/strong>con &#8216;The Eagles&#8217; ha cobrado otra dimensi\u00f3n al permenecer con ella en el cierre de la final contra el City en mayo y sobre todo en los penaltis contra el Liverpool de este domingo, en donde vio como<strong> Salah <\/strong>mand\u00f3 su penalti a las nubes y posteriormente ataj\u00f3 los lanzamientos de <strong>Alexis Mac Allister y Harvey Elliott. <\/strong><\/p>\n<figure class=\"ue-c-article__media ue-c-article__media--image\">\n<div class=\"ue-c-article__media-img-container ue-l-article--expand-edge-right-until-tablet ue-l-article--expand-edge-left-until-tablet\"><picture><source type=\"image\/webp\" sizes=\"(min-width: 1010px) 660px, (min-width: 980px) calc(100vw - 350px), (min-width: 740px) calc(100vw - 320px), 100vw\" srcset=\"https:\/\/e00-xlk-ue-marca.uecdn.es\/files\/article_360_widen_webp\/uploads\/2025\/08\/10\/6898de46e54b0.webp 360w,https:\/\/e00-xlk-ue-marca.uecdn.es\/files\/article_375_widen_webp\/uploads\/2025\/08\/10\/6898de46e54b0.webp 375w,https:\/\/e00-xlk-ue-marca.uecdn.es\/files\/article_414_widen_webp\/uploads\/2025\/08\/10\/6898de46e54b0.webp 414w,https:\/\/e00-xlk-ue-marca.uecdn.es\/files\/article_660_widen_webp\/uploads\/2025\/08\/10\/6898de46e54b0.webp 660w,https:\/\/e00-xlk-ue-marca.uecdn.es\/files\/article_720_widen_webp\/uploads\/2025\/08\/10\/6898de46e54b0.webp 720w,https:\/\/e00-xlk-ue-marca.uecdn.es\/files\/article_750_widen_webp\/uploads\/2025\/08\/10\/6898de46e54b0.webp 750w,https:\/\/e00-xlk-ue-marca.uecdn.es\/files\/article_828_widen_webp\/uploads\/2025\/08\/10\/6898de46e54b0.webp 828w,https:\/\/e00-xlk-ue-marca.uecdn.es\/files\/article_1320_widen_webp\/uploads\/2025\/08\/10\/6898de46e54b0.webp 1320w\"><source type=\"image\/jpeg\" sizes=\"(min-width: 1010px) 660px, (min-width: 980px) calc(100vw - 350px), (min-width: 740px) calc(100vw - 320px), 100vw\" srcset=\"https:\/\/e00-xlk-ue-marca.uecdn.es\/files\/article_360_widen\/uploads\/2025\/08\/10\/6898de46e54b0.jpeg 360w,https:\/\/e00-xlk-ue-marca.uecdn.es\/files\/article_375_widen\/uploads\/2025\/08\/10\/6898de46e54b0.jpeg 375w,https:\/\/e00-xlk-ue-marca.uecdn.es\/files\/article_414_widen\/uploads\/2025\/08\/10\/6898de46e54b0.jpeg 414w,https:\/\/e00-xlk-ue-marca.uecdn.es\/files\/article_660_widen\/uploads\/2025\/08\/10\/6898de46e54b0.jpeg 660w,https:\/\/e00-xlk-ue-marca.uecdn.es\/files\/article_720_widen\/uploads\/2025\/08\/10\/6898de46e54b0.jpeg 720w,https:\/\/e00-xlk-ue-marca.uecdn.es\/files\/article_750_widen\/uploads\/2025\/08\/10\/6898de46e54b0.jpeg 750w,https:\/\/e00-xlk-ue-marca.uecdn.es\/files\/article_828_widen\/uploads\/2025\/08\/10\/6898de46e54b0.jpeg 828w,https:\/\/e00-xlk-ue-marca.uecdn.es\/files\/article_1320_widen\/uploads\/2025\/08\/10\/6898de46e54b0.jpeg 1320w\"><img decoding=\"async\" width=\"1024\" height=\"682\" class=\"ue-c-article__image lazyload\" alt=\"La gorra de Henderson permaneci\u00f3 intacta durante los penaltis.\" loading=\"lazy\" src=\"https:\/\/e00-xlk-ue-marca.uecdn.es\/uploads\/2025\/08\/10\/6898de46e54b0.jpeg\"\/><\/source><\/source><\/picture><\/div><figcaption class=\"ue-c-article__media-caption\">\n<p><span class=\"ue-c-article__media-description\">La gorra de Henderson permaneci\u00f3 intacta durante los penaltis.<\/span><span class=\"ue-c-article__media-source\"><span class=\"ue-c-article__media-author\">AP<\/span><\/span><\/p>\n<\/figcaption><\/figure>\n<p data-mrf-recirculation=\"Links P\u00e1rrafos\" class=\"ue-c-article__paragraph paragraph\">El hombre de la gorra lo volvi\u00f3 a hacer una vez m\u00e1s en la catedral del f\u00fatbol ingl\u00e9s, lugar en donde ha mostrado su m\u00e1ximo potencial para que el Crystal Palace haya vivido los momentos m\u00e1s especiales en su historia celebrando dos t\u00edtulos ante los millonarios integrantes del &#8216;big six&#8217;. En Londres, <strong>Henderson ha dejado atr\u00e1s la oscuridad de Manchester y ha brillado como una estrella con los de Selhurst Park,<\/strong> levantando la mano para que<strong> Thomas Tuchel<\/strong> lo tome en cuenta para la selecci\u00f3n de Inglaterra a menos de un a\u00f1o para la disputa del Mundial 2026.<\/p>\n<\/div>\n\n","protected":false},"excerpt":{"rendered":"<p>Hay h\u00e9roes que no llevan capa&#8230; pero s\u00ed una gorra. Ese es el caso de Dean Hendersonportero de 28 a\u00f1os que pas\u00f3 de ser el &#8216;eterno cedido&#8217; por el Manchester United a convertirse en una figura trascendente en el Palacio de cristalque tras 120 a\u00f1os sin festejar ning\u00fan t\u00edtulo en 2025 ha levantado sus dos &hellip;<\/p>\n","protected":false},"author":1,"featured_media":39854,"comment_status":"open","ping_status":"open","sticky":false,"template":"","format":"standard","meta":{"fifu_image_url":"https:\/\/e00-xlk-ue-marca.uecdn.es\/files\/phantom_desktop_1200w\/uploads\/2025\/08\/10\/6898de178be38.jpeg","fifu_image_alt":"","footnotes":""},"categories":[6],"tags":[],"class_list":["post-39852","post","type-post","status-publish","format-standard","has-post-thumbnail","","category-deportes"],"_links":{"self":[{"href":"https:\/\/noticiasveraces.com\/index.php?rest_route=\/wp\/v2\/posts\/39852","targetHints":{"allow":["GET"]}}],"collection":[{"href":"https:\/\/noticiasveraces.com\/index.php?rest_route=\/wp\/v2\/posts"}],"about":[{"href":"https:\/\/noticiasveraces.com\/index.php?rest_route=\/wp\/v2\/types\/post"}],"author":[{"embeddable":true,"href":"https:\/\/noticiasveraces.com\/index.php?rest_route=\/wp\/v2\/users\/1"}],"replies":[{"embeddable":true,"href":"https:\/\/noticiasveraces.com\/index.php?rest_route=%2Fwp%2Fv2%2Fcomments&post=39852"}],"version-history":[{"count":0,"href":"https:\/\/noticiasveraces.com\/index.php?rest_route=\/wp\/v2\/posts\/39852\/revisions"}],"wp:featuredmedia":[{"embeddable":true,"href":"https:\/\/noticiasveraces.com\/index.php?rest_route=\/wp\/v2\/media\/39854"}],"wp:attachment":[{"href":"https:\/\/noticiasveraces.com\/index.php?rest_route=%2Fwp%2Fv2%2Fmedia&parent=39852"}],"wp:term":[{"taxonomy":"category","embeddable":true,"href":"https:\/\/noticiasveraces.com\/index.php?rest_route=%2Fwp%2Fv2%2Fcategories&post=39852"},{"taxonomy":"post_tag","embeddable":true,"href":"https:\/\/noticiasveraces.com\/index.php?rest_route=%2Fwp%2Fv2%2Ftags&post=39852"}],"curies":[{"name":"wp","href":"https:\/\/api.w.org\/{rel}","templated":true}]}}