{"id":39845,"date":"2025-08-11T00:26:06","date_gmt":"2025-08-11T04:26:06","guid":{"rendered":"https:\/\/noticiasveraces.com\/?p=39845"},"modified":"2025-08-11T00:26:06","modified_gmt":"2025-08-11T04:26:06","slug":"australia-reconocera-al-estado-palestino-en-la-onu-dw-11-08-2025","status":"publish","type":"post","link":"https:\/\/noticiasveraces.com\/?p=39845","title":{"rendered":"Australia reconocer\u00e1 al Estado palestino en la ONU \u2013 DW \u2013 11\/08\/2025"},"content":{"rendered":"<p> \n<\/p>\n<div data-tracking-name=\"rich-text\" data-tracking-skip=\"true\">\n<p>Australia reconocer\u00e1 al Estado palestino en la Asamblea General de Naciones Unidas en septiembre, anunci\u00f3 este lunes (11.08.2025) el primer ministro, Anthony Albanese.<\/p>\n<p>\u00abLa paz solo ser\u00e1 temporal\u00bb mientras los israel\u00edes y los palestinos no dispongan de sus respectivos estados permanentes, declar\u00f3 a periodistas el jefe del gobierno laborista.<\/p>\n<p>\u00abAustralia reconocer\u00e1 el derecho del pueblo palestino a tener su Estado propio\u00bb, agreg\u00f3.<\/p>\n<p>La decisi\u00f3n de Australia es una iniciativa similar a la anunciada por pa\u00edses como Francia, Canad\u00e1 y Reino Unido.<\/p>\n<p>Mg (AFP, Efe, Reuters)<\/p>\n<\/p>\n<\/div>\n\n","protected":false},"excerpt":{"rendered":"<p>Australia reconocer\u00e1 al Estado palestino en la Asamblea General de Naciones Unidas en septiembre, anunci\u00f3 este lunes (11.08.2025) el primer ministro, Anthony Albanese. \u00abLa paz solo ser\u00e1 temporal\u00bb mientras los israel\u00edes y los palestinos no dispongan de sus respectivos estados permanentes, declar\u00f3 a periodistas el jefe del gobierno laborista. \u00abAustralia reconocer\u00e1 el derecho del pueblo &hellip;<\/p>\n","protected":false},"author":1,"featured_media":39846,"comment_status":"open","ping_status":"open","sticky":false,"template":"","format":"standard","meta":{"fifu_image_url":"https:\/\/static.dw.com\/image\/72065100_6.jpg","fifu_image_alt":"","footnotes":""},"categories":[13],"tags":[],"class_list":["post-39845","post","type-post","status-publish","format-standard","has-post-thumbnail","","category-mundo"],"_links":{"self":[{"href":"https:\/\/noticiasveraces.com\/index.php?rest_route=\/wp\/v2\/posts\/39845","targetHints":{"allow":["GET"]}}],"collection":[{"href":"https:\/\/noticiasveraces.com\/index.php?rest_route=\/wp\/v2\/posts"}],"about":[{"href":"https:\/\/noticiasveraces.com\/index.php?rest_route=\/wp\/v2\/types\/post"}],"author":[{"embeddable":true,"href":"https:\/\/noticiasveraces.com\/index.php?rest_route=\/wp\/v2\/users\/1"}],"replies":[{"embeddable":true,"href":"https:\/\/noticiasveraces.com\/index.php?rest_route=%2Fwp%2Fv2%2Fcomments&post=39845"}],"version-history":[{"count":0,"href":"https:\/\/noticiasveraces.com\/index.php?rest_route=\/wp\/v2\/posts\/39845\/revisions"}],"wp:featuredmedia":[{"embeddable":true,"href":"https:\/\/noticiasveraces.com\/index.php?rest_route=\/wp\/v2\/media\/39846"}],"wp:attachment":[{"href":"https:\/\/noticiasveraces.com\/index.php?rest_route=%2Fwp%2Fv2%2Fmedia&parent=39845"}],"wp:term":[{"taxonomy":"category","embeddable":true,"href":"https:\/\/noticiasveraces.com\/index.php?rest_route=%2Fwp%2Fv2%2Fcategories&post=39845"},{"taxonomy":"post_tag","embeddable":true,"href":"https:\/\/noticiasveraces.com\/index.php?rest_route=%2Fwp%2Fv2%2Ftags&post=39845"}],"curies":[{"name":"wp","href":"https:\/\/api.w.org\/{rel}","templated":true}]}}