{"id":39843,"date":"2025-08-10T23:25:07","date_gmt":"2025-08-11T03:25:07","guid":{"rendered":"https:\/\/noticiasveraces.com\/?p=39843"},"modified":"2025-08-10T23:25:07","modified_gmt":"2025-08-11T03:25:07","slug":"zelenski-podria-asistir-a-cumbre-trump-putin-dw-11-08-2025","status":"publish","type":"post","link":"https:\/\/noticiasveraces.com\/?p=39843","title":{"rendered":"Zelenski podr\u00eda asistir a cumbre Trump-Putin \u2013 DW \u2013 11\/08\/2025"},"content":{"rendered":"<p> \n<\/p>\n<div data-tracking-name=\"rich-text\" data-tracking-skip=\"true\">\n<p>El embajador de Estados Unidos ante la OTAN, Matthew Whitaker,\u00a0dijo el domingo (10.08.2025) que el presidente ucraniano Volodimir Zelenski\u00a0podr\u00eda asistir a la cita entre Rusia y Estados Unidos en Alaska, mientras l\u00edderes europeos presionan para que Kiev participe en las negociaciones.<\/p>\n<p>Whitaker respondi\u00f3 a una pregunta en CNN sobre si Zelenski podr\u00eda o no estar el viernes con el presidente estadounidense, Donald Trump, y su par ruso, Vladimir Putin.<\/p>\n<p>\u00abSi, yo ciertamente creo que es posible\u00bb, dijo. \u00abNo puede haber un acuerdo en el que cada una de las partes involucradas no est\u00e9 de acuerdo. Y obviamente terminar con esta guerra es una alta prioridad\u00bb.<\/p>\n<p>La cumbre entre Trump y Putin, sin Zelenski, ha generado inquietud\u00a0sobre si un acuerdo exigir\u00eda a Kiev hacer concesiones territoriales, lo que rechaza la Uni\u00f3n Europea.<\/p>\n<p>En una intensa agenda diplom\u00e1tica, Zelenski habl\u00f3 por tel\u00e9fono con 13 mandatarios en tres d\u00edas, incluyendo los principales apoyos de Kiev: Alemania, Francia y Reino Unido.<\/p>\n<p>El canciller alem\u00e1n, Friedrich Merz, dijo el domingo que \u00e9l espera y asume que Zelenski ir\u00eda a la cita en Alaska.<\/p>\n<h2>L\u00edderes europeos presionan a Rusia<\/h2>\n<p>Decenas de miles de personas han muerto en la guerra Ucrania desde que Rusia lanz\u00f3 una invasi\u00f3n en febrero de 2022, y millones han tenido que huir de sus hogares.<\/p>\n<p>El domingo, los principales l\u00edderes europeos firmaron una declaraci\u00f3n afirmando que \u00absolo un enfoque que combina diplomacia activa, apoyo a Ucrania y presi\u00f3n sobre la Federaci\u00f3n Rusa\u00bb podr\u00e1 poner fin a la guerra.<\/p>\n<p>\u00abAplaudimos el trabajo del presidente Trump por detener la masacre en Ucrania\u00bb y \u00abestamos listos para apoyar ese trabajo en el plano diplom\u00e1tico, adem\u00e1s de mantener nuestro sustancial apoyo militar y financiero a Ucrania\u00bb as\u00ed como \u00abmanteniendo e imponiendo medidas restrictivas contra la Federaci\u00f3n Rusa\u00bb, indicaron los l\u00edderes europeos.<\/p>\n<p>Entre los firmantes de la declaraci\u00f3n figuran el franc\u00e9s Emmanuel Macron, la italiana Giorgia Meloni, el alem\u00e1n Fiedrich Merz, el polaco Donald Tusk y el brit\u00e1nico Keir Starmer, adem\u00e1s de la presidenta de la Comisi\u00f3n Europea, Ursula von der Leyen.<\/p>\n<p>GS (AFP, DPA)<\/p>\n<\/div>\n\n","protected":false},"excerpt":{"rendered":"<p>El embajador de Estados Unidos ante la OTAN, Matthew Whitaker,\u00a0dijo el domingo (10.08.2025) que el presidente ucraniano Volodimir Zelenski\u00a0podr\u00eda asistir a la cita entre Rusia y Estados Unidos en Alaska, mientras l\u00edderes europeos presionan para que Kiev participe en las negociaciones. Whitaker respondi\u00f3 a una pregunta en CNN sobre si Zelenski podr\u00eda o no estar &hellip;<\/p>\n","protected":false},"author":1,"featured_media":39844,"comment_status":"open","ping_status":"open","sticky":false,"template":"","format":"standard","meta":{"fifu_image_url":"https:\/\/static.dw.com\/image\/73165968_6.jpg","fifu_image_alt":"","footnotes":""},"categories":[13],"tags":[],"class_list":["post-39843","post","type-post","status-publish","format-standard","has-post-thumbnail","","category-mundo"],"_links":{"self":[{"href":"https:\/\/noticiasveraces.com\/index.php?rest_route=\/wp\/v2\/posts\/39843","targetHints":{"allow":["GET"]}}],"collection":[{"href":"https:\/\/noticiasveraces.com\/index.php?rest_route=\/wp\/v2\/posts"}],"about":[{"href":"https:\/\/noticiasveraces.com\/index.php?rest_route=\/wp\/v2\/types\/post"}],"author":[{"embeddable":true,"href":"https:\/\/noticiasveraces.com\/index.php?rest_route=\/wp\/v2\/users\/1"}],"replies":[{"embeddable":true,"href":"https:\/\/noticiasveraces.com\/index.php?rest_route=%2Fwp%2Fv2%2Fcomments&post=39843"}],"version-history":[{"count":0,"href":"https:\/\/noticiasveraces.com\/index.php?rest_route=\/wp\/v2\/posts\/39843\/revisions"}],"wp:featuredmedia":[{"embeddable":true,"href":"https:\/\/noticiasveraces.com\/index.php?rest_route=\/wp\/v2\/media\/39844"}],"wp:attachment":[{"href":"https:\/\/noticiasveraces.com\/index.php?rest_route=%2Fwp%2Fv2%2Fmedia&parent=39843"}],"wp:term":[{"taxonomy":"category","embeddable":true,"href":"https:\/\/noticiasveraces.com\/index.php?rest_route=%2Fwp%2Fv2%2Fcategories&post=39843"},{"taxonomy":"post_tag","embeddable":true,"href":"https:\/\/noticiasveraces.com\/index.php?rest_route=%2Fwp%2Fv2%2Ftags&post=39843"}],"curies":[{"name":"wp","href":"https:\/\/api.w.org\/{rel}","templated":true}]}}