{"id":39841,"date":"2025-08-10T22:24:22","date_gmt":"2025-08-11T02:24:22","guid":{"rendered":"https:\/\/noticiasveraces.com\/?p=39841"},"modified":"2025-08-10T22:24:22","modified_gmt":"2025-08-11T02:24:22","slug":"mas-de-1-000-evacuados-en-espana-por-incendios-dw-11-08-2025","status":"publish","type":"post","link":"https:\/\/noticiasveraces.com\/?p=39841","title":{"rendered":"M\u00e1s de 1.000 evacuados en Espa\u00f1a por incendios \u2013 DW \u2013 11\/08\/2025"},"content":{"rendered":"<p> \n<\/p>\n<div data-tracking-name=\"rich-text\" data-tracking-skip=\"true\">\n<p>M\u00e1s de 1.000 personas fueron evacuadas este domingo (10.08.2025) en el norte de Espa\u00f1a por incendios forestales impulsados por altas temperaturas y fuertes vientos, indicaron autoridades locales.<\/p>\n<p>Unas 400 personas fueron desplazadas en y alrededor del pueblo de Carucedo, y otras 700 de varios pueblos y en el sitio de las M\u00e9dulas, reconocido por la UNESCO, una antigua mina de oro de\u00a0 los tiempos romanos, indicaron oficiales locales.<\/p>\n<p>El jefe del gobierno regional de Castilla y Le\u00f3n, Alfonso Manueco, dijo que expertos sospechan que varios focos fueron provocados por pir\u00f3manos.<\/p>\n<p>\u00abSeg\u00fan apuntan los expertos, varios de ellos podr\u00edan ser provocados. Vamos a ser implacables con los autores de estos atentados contra la vida y la seguridad de las personas y de nuestro patrimonio\u00bb, a\u00f1adi\u00f3 en X.<\/p>\n<p>Se desplegaron 60 soldados y 20 veh\u00edculos en el \u00e1rea, que se unieron a una amplia operaci\u00f3n que incluye aviones y excavadoras.<\/p>\n<p>Tambi\u00e9n se registran incendios en Galicia y Navarra, en el norte del pa\u00eds, que experimenta altas temperaturas de hasta 40 grados en algunas regiones.<\/p>\n<p>El jefe de gobierno espa\u00f1ol, Pedro S\u00e1nchez, dijo en X que sigue de cerca los incendios y agradeci\u00f3 el esfuerzo de los equipos de emergencia.<\/p>\n<p>Mg (AFP, El Mundo)<\/p>\n<\/p>\n<\/div>\n\n","protected":false},"excerpt":{"rendered":"<p>M\u00e1s de 1.000 personas fueron evacuadas este domingo (10.08.2025) en el norte de Espa\u00f1a por incendios forestales impulsados por altas temperaturas y fuertes vientos, indicaron autoridades locales. Unas 400 personas fueron desplazadas en y alrededor del pueblo de Carucedo, y otras 700 de varios pueblos y en el sitio de las M\u00e9dulas, reconocido por la &hellip;<\/p>\n","protected":false},"author":1,"featured_media":39842,"comment_status":"open","ping_status":"open","sticky":false,"template":"","format":"standard","meta":{"fifu_image_url":"https:\/\/static.dw.com\/image\/73480640_6.jpg","fifu_image_alt":"","footnotes":""},"categories":[13],"tags":[],"class_list":["post-39841","post","type-post","status-publish","format-standard","has-post-thumbnail","","category-mundo"],"_links":{"self":[{"href":"https:\/\/noticiasveraces.com\/index.php?rest_route=\/wp\/v2\/posts\/39841","targetHints":{"allow":["GET"]}}],"collection":[{"href":"https:\/\/noticiasveraces.com\/index.php?rest_route=\/wp\/v2\/posts"}],"about":[{"href":"https:\/\/noticiasveraces.com\/index.php?rest_route=\/wp\/v2\/types\/post"}],"author":[{"embeddable":true,"href":"https:\/\/noticiasveraces.com\/index.php?rest_route=\/wp\/v2\/users\/1"}],"replies":[{"embeddable":true,"href":"https:\/\/noticiasveraces.com\/index.php?rest_route=%2Fwp%2Fv2%2Fcomments&post=39841"}],"version-history":[{"count":0,"href":"https:\/\/noticiasveraces.com\/index.php?rest_route=\/wp\/v2\/posts\/39841\/revisions"}],"wp:featuredmedia":[{"embeddable":true,"href":"https:\/\/noticiasveraces.com\/index.php?rest_route=\/wp\/v2\/media\/39842"}],"wp:attachment":[{"href":"https:\/\/noticiasveraces.com\/index.php?rest_route=%2Fwp%2Fv2%2Fmedia&parent=39841"}],"wp:term":[{"taxonomy":"category","embeddable":true,"href":"https:\/\/noticiasveraces.com\/index.php?rest_route=%2Fwp%2Fv2%2Fcategories&post=39841"},{"taxonomy":"post_tag","embeddable":true,"href":"https:\/\/noticiasveraces.com\/index.php?rest_route=%2Fwp%2Fv2%2Ftags&post=39841"}],"curies":[{"name":"wp","href":"https:\/\/api.w.org\/{rel}","templated":true}]}}