{"id":39819,"date":"2025-08-10T19:18:09","date_gmt":"2025-08-10T23:18:09","guid":{"rendered":"https:\/\/noticiasveraces.com\/?p=39819"},"modified":"2025-08-10T19:18:09","modified_gmt":"2025-08-10T23:18:09","slug":"james-van-der-beek-revela-la-primera-senal-de-advertencia-de-cancer-de-colon-que-ignoro","status":"publish","type":"post","link":"https:\/\/noticiasveraces.com\/?p=39819","title":{"rendered":"James van der Beek revela la primera se\u00f1al de advertencia de c\u00e1ncer de colon que ignor\u00f3"},"content":{"rendered":"<p> \n<\/p>\n<div>\n<div id=\"beyondwords-wrapper\" class=\"beyondwords-wrapper\">\n<p><span class=\"label-bg\">NUEVO<\/span>\u00a1Ahora puedes escuchar art\u00edculos de Fox News!\n  <\/p>\n<\/div>\n<p class=\"speakable\">James van der Beek ha revelado la primera se\u00f1al de advertencia de su c\u00e1ncer de colon, y es una que no parec\u00eda alarmante en ese momento.<\/p>\n<p class=\"speakable\">El actor \u00abDawson&#8217;s Creek\u00bb, de 48 a\u00f1os, que anunci\u00f3 su diagn\u00f3stico de c\u00e1ncer colorrectal en noviembre de 2024, dijo recientemente a Healthline que \u00abno hab\u00eda ninguna bandera roja o algo evidente\u00bb.<\/p>\n<p>\u00abEstaba sano. Estaba haciendo la ca\u00edda del fr\u00edo\u00bb, dijo. \u00abEstaba en incre\u00edble forma cardiovascular, y ten\u00eda c\u00e1ncer en etapa 3, y no ten\u00eda idea\u00bb.<\/p>\n<p><strong><u>Los diagn\u00f3sticos de c\u00e1ncer colorrectal se disparan entre los adultos m\u00e1s j\u00f3venes por una raz\u00f3n clave<\/u><\/strong><\/p>\n<p>El \u00fanico s\u00edntoma que experiment\u00f3 fue un cambio en los movimientos intestinales, que el actor atribuy\u00f3 a un efecto de su consumo de caf\u00e9.<\/p>\n<p>\u00abAntes de mi diagn\u00f3stico, no sab\u00eda mucho sobre el c\u00e1ncer colorrectal\u00bb, dijo Van Der Beek. \u00abNi siquiera me di cuenta de la edad de proyecci\u00f3n [had] cay\u00f3 a 45; Pens\u00e9 que todav\u00eda era 50 \u00ab.<\/p>\n<p>Finalmente se someti\u00f3 a una colonoscopia, que revel\u00f3 que el actor ten\u00eda c\u00e1ncer de colon en estadio 3.<\/p>\n<div class=\"image-ct inline\">\n<div class=\"m\"><picture><source media=\"(max-width: 767px)\" srcset=\"https:\/\/a57.foxnews.com\/static.foxnews.com\/foxnews.com\/content\/uploads\/2025\/08\/343\/192\/james-van-der-beek-colon-cancer.jpg?ve=1&amp;tl=1, https:\/\/a57.foxnews.com\/static.foxnews.com\/foxnews.com\/content\/uploads\/2025\/08\/686\/384\/james-van-der-beek-colon-cancer.jpg?ve=1&amp;tl=1 2x\" height=\"192\" width=\"343\"><source media=\"(min-width: 768px) and (max-width: 1023px)\" srcset=\"https:\/\/a57.foxnews.com\/static.foxnews.com\/foxnews.com\/content\/uploads\/2025\/08\/672\/378\/james-van-der-beek-colon-cancer.jpg?ve=1&amp;tl=1, https:\/\/a57.foxnews.com\/static.foxnews.com\/foxnews.com\/content\/uploads\/2025\/08\/1344\/756\/james-van-der-beek-colon-cancer.jpg?ve=1&amp;tl=1 2x\" height=\"378\" width=\"672\"><source media=\"(min-width: 1024px) and (max-width: 1279px)\" srcset=\"https:\/\/a57.foxnews.com\/static.foxnews.com\/foxnews.com\/content\/uploads\/2025\/08\/931\/523\/james-van-der-beek-colon-cancer.jpg?ve=1&amp;tl=1, https:\/\/a57.foxnews.com\/static.foxnews.com\/foxnews.com\/content\/uploads\/2025\/08\/1862\/1046\/james-van-der-beek-colon-cancer.jpg?ve=1&amp;tl=1 2x\" height=\"523\" width=\"931\"><source media=\"(min-width: 1280px)\" srcset=\"https:\/\/a57.foxnews.com\/static.foxnews.com\/foxnews.com\/content\/uploads\/2025\/08\/720\/405\/james-van-der-beek-colon-cancer.jpg?ve=1&amp;tl=1, https:\/\/a57.foxnews.com\/static.foxnews.com\/foxnews.com\/content\/uploads\/2025\/08\/1440\/810\/james-van-der-beek-colon-cancer.jpg?ve=1&amp;tl=1 2x\" height=\"405\" width=\"720\"><img loading=\"lazy\" decoding=\"async\" src=\"https:\/\/a57.foxnews.com\/static.foxnews.com\/foxnews.com\/content\/uploads\/2025\/08\/1200\/675\/james-van-der-beek-colon-cancer.jpg?ve=1&amp;tl=1\" alt=\"James van der Beek\" width=\"1200\" height=\"675\"\/><\/source><\/source><\/source><\/source><\/picture><\/div>\n<div class=\"info\">\n<div class=\"caption\">\n<p><span>James van der Beek ha revelado la primera se\u00f1al de advertencia de su c\u00e1ncer de colon, y es una que no parec\u00eda alarmante en ese momento.<\/span> <span>(Getty Images)<\/span><\/p>\n<\/div>\n<\/div>\n<\/div>\n<p>El profesor Eitan Friedman, MD, Ph.D., un onc\u00f3logo y fundador de la Unidad de Oncogen\u00e9tica de Suzanne Levy-Gertner en el Centro M\u00e9dico Sheba en Israel, confirm\u00f3 que los cambios en los h\u00e1bitos intestinales son la bandera roja principal que deber\u00eda elevar la sospecha de c\u00e1ncer colorrectal.<\/p>\n<p>Otros incluyen fatiga como resultado de la anemia, la sangre en las heces, la p\u00e9rdida de peso, la p\u00e9rdida de apetito y la incomodidad abdominal, dijo Friedman, que no ha tratado a Van der Beek, a Fox News Digital.<\/p>\n<blockquote class=\"pull-quote\">\n<p class=\"quote-text\">\u00abEstaba en incre\u00edble forma cardiovascular, y ten\u00eda c\u00e1ncer en etapa 3, y no ten\u00eda idea\u00bb.<\/p>\n<p> <!----><\/p><\/blockquote>\n<p>La Dra. Erica Barnell, MD, Ph.D., un m\u00e9dico-cient\u00edfico de la Facultad de Medicina de la Universidad de Washington, y cofundadora y directora m\u00e9dica de Geneoscopy, se\u00f1al\u00f3 que la experiencia de Van der Beek de no tener signos \u00abevidentes\u00bb es com\u00fan.<\/p>\n<p><strong><u>Haga clic aqu\u00ed para obtener la aplicaci\u00f3n Fox News<\/u><\/strong><\/p>\n<p>\u00abMuchos c\u00e1nceres colorrectales se desarrollan en silencio, sin s\u00edntomas obvios\u00bb, dijo Barnell, quien tampoco trat\u00f3 al actor, a Fox News Digital. \u00abPara el momento en que aparecen los s\u00edntomas, la enfermedad ya puede ser avanzada\u00bb.<\/p>\n<div class=\"image-ct inline\">\n<div class=\"m\"><picture><source media=\"(max-width: 767px)\" srcset=\"https:\/\/a57.foxnews.com\/static.foxnews.com\/foxnews.com\/content\/uploads\/2025\/08\/343\/192\/james-van-der-beek-interview.jpg?ve=1&amp;tl=1, https:\/\/a57.foxnews.com\/static.foxnews.com\/foxnews.com\/content\/uploads\/2025\/08\/686\/384\/james-van-der-beek-interview.jpg?ve=1&amp;tl=1 2x\" height=\"192\" width=\"343\"><source media=\"(min-width: 768px) and (max-width: 1023px)\" srcset=\"https:\/\/a57.foxnews.com\/static.foxnews.com\/foxnews.com\/content\/uploads\/2025\/08\/672\/378\/james-van-der-beek-interview.jpg?ve=1&amp;tl=1, https:\/\/a57.foxnews.com\/static.foxnews.com\/foxnews.com\/content\/uploads\/2025\/08\/1344\/756\/james-van-der-beek-interview.jpg?ve=1&amp;tl=1 2x\" height=\"378\" width=\"672\"><source media=\"(min-width: 1024px) and (max-width: 1279px)\" srcset=\"https:\/\/a57.foxnews.com\/static.foxnews.com\/foxnews.com\/content\/uploads\/2025\/08\/931\/523\/james-van-der-beek-interview.jpg?ve=1&amp;tl=1, https:\/\/a57.foxnews.com\/static.foxnews.com\/foxnews.com\/content\/uploads\/2025\/08\/1862\/1046\/james-van-der-beek-interview.jpg?ve=1&amp;tl=1 2x\" height=\"523\" width=\"931\"><source media=\"(min-width: 1280px)\" srcset=\"https:\/\/a57.foxnews.com\/static.foxnews.com\/foxnews.com\/content\/uploads\/2025\/08\/720\/405\/james-van-der-beek-interview.jpg?ve=1&amp;tl=1, https:\/\/a57.foxnews.com\/static.foxnews.com\/foxnews.com\/content\/uploads\/2025\/08\/1440\/810\/james-van-der-beek-interview.jpg?ve=1&amp;tl=1 2x\" height=\"405\" width=\"720\"><img loading=\"lazy\" decoding=\"async\" src=\"https:\/\/a57.foxnews.com\/static.foxnews.com\/foxnews.com\/content\/uploads\/2025\/08\/1200\/675\/james-van-der-beek-interview.jpg?ve=1&amp;tl=1\" alt=\"James van der Beek\" width=\"1200\" height=\"675\"\/><\/source><\/source><\/source><\/source><\/picture><\/div>\n<div class=\"info\">\n<div class=\"caption\">\n<p><span>El actor \u00abDawson&#8217;s Creek\u00bb, de 48 a\u00f1os, que anunci\u00f3 su diagn\u00f3stico de c\u00e1ncer colorrectal en noviembre de 2024, dijo recientemente a Healthline que \u00abno hab\u00eda ninguna bandera roja o algo evidente\u00bb.<\/span> <span>(Getty Images)<\/span><\/p>\n<\/div>\n<\/div>\n<\/div>\n<p>Los s\u00edntomas son \u00abespecialmente preocupantes\u00bb para los de 45 a\u00f1os o m\u00e1s que tienen al menos un pariente de primer grado con c\u00e1ncer de colon u otras neoplasias malignas gastrointestinales, y aquellos con enfermedad inflamatoria activa inflamatoria, como colitis ulcerosa o enfermedad de Crohn, agreg\u00f3 Friedman, que tambi\u00e9n es miembro de la junta asesora en la junta directiva, una startup que ofrece una prueba de respiraci\u00f3n en el inicio de la detenci\u00f3n de los primeros en cuenta.<\/p>\n<h2><strong>La detecci\u00f3n temprana es clave<\/strong><\/h2>\n<p>Seg\u00fan Friedman, la posibilidad general de que una persona de riesgo promedio que obtenga c\u00e1ncer colorrectal es del 4% al 5%, seg\u00fan Friedman.<\/p>\n<p>\u00abSe ha demostrado que la colonoscopia a los 45 a\u00f1os, a intervalos de cinco a 10 a\u00f1os, conduce a la detecci\u00f3n temprana de p\u00f3lipos que tienen el potencial de volverse malignos y para permitir su eliminaci\u00f3n como un medio efectivo para minimizar el riesgo de transformaci\u00f3n maligna\u00bb, dijo. <\/p>\n<p><strong><u>Haga clic aqu\u00ed para registrarse en nuestro bolet\u00edn de salud<\/u><\/strong><\/p>\n<p>Desafortunadamente, Barnell se\u00f1al\u00f3: \u00abEl cumplimiento de la detecci\u00f3n en los Estados Unidos permanece por debajo de los objetivos nacionales, y las brechas son m\u00e1s amplias en las comunidades rurales, de bajos ingresos y minoritarios\u00bb.<\/p>\n<p>Para ayudar a cerrar esas brechas, pidi\u00f3 un mayor acceso a \u00abtecnolog\u00edas de detecci\u00f3n precisas y no invasivas\u00bb, junto con los esfuerzos para aumentar la conciencia p\u00fablica.<\/p>\n<div class=\"image-ct inline\">\n<div class=\"m\"><picture><source media=\"(max-width: 767px)\" srcset=\"https:\/\/a57.foxnews.com\/static.foxnews.com\/foxnews.com\/content\/uploads\/2023\/04\/343\/192\/colon-cancer.jpg?ve=1&amp;tl=1, https:\/\/a57.foxnews.com\/static.foxnews.com\/foxnews.com\/content\/uploads\/2023\/04\/686\/384\/colon-cancer.jpg?ve=1&amp;tl=1 2x\" height=\"192\" width=\"343\"><source media=\"(min-width: 768px) and (max-width: 1023px)\" srcset=\"https:\/\/a57.foxnews.com\/static.foxnews.com\/foxnews.com\/content\/uploads\/2023\/04\/672\/378\/colon-cancer.jpg?ve=1&amp;tl=1, https:\/\/a57.foxnews.com\/static.foxnews.com\/foxnews.com\/content\/uploads\/2023\/04\/1344\/756\/colon-cancer.jpg?ve=1&amp;tl=1 2x\" height=\"378\" width=\"672\"><source media=\"(min-width: 1024px) and (max-width: 1279px)\" srcset=\"https:\/\/a57.foxnews.com\/static.foxnews.com\/foxnews.com\/content\/uploads\/2023\/04\/931\/523\/colon-cancer.jpg?ve=1&amp;tl=1, https:\/\/a57.foxnews.com\/static.foxnews.com\/foxnews.com\/content\/uploads\/2023\/04\/1862\/1046\/colon-cancer.jpg?ve=1&amp;tl=1 2x\" height=\"523\" width=\"931\"><source media=\"(min-width: 1280px)\" srcset=\"https:\/\/a57.foxnews.com\/static.foxnews.com\/foxnews.com\/content\/uploads\/2023\/04\/720\/405\/colon-cancer.jpg?ve=1&amp;tl=1, https:\/\/a57.foxnews.com\/static.foxnews.com\/foxnews.com\/content\/uploads\/2023\/04\/1440\/810\/colon-cancer.jpg?ve=1&amp;tl=1 2x\" height=\"405\" width=\"720\"><img loading=\"lazy\" decoding=\"async\" src=\"https:\/\/a57.foxnews.com\/static.foxnews.com\/foxnews.com\/content\/uploads\/2023\/04\/1200\/675\/colon-cancer.jpg?ve=1&amp;tl=1\" alt=\"C\u00e1ncer de colon\" width=\"1200\" height=\"675\"\/><\/source><\/source><\/source><\/source><\/picture><\/div>\n<div class=\"info\">\n<div class=\"caption\">\n<p><span>\u00abSe ha demostrado que la colonoscopia a los 45 a\u00f1os, a intervalos de cinco a 10 a\u00f1os, conduce a la detecci\u00f3n temprana de p\u00f3lipos que tienen el potencial de volverse malignos y para permitir su eliminaci\u00f3n como un medio efectivo para minimizar el riesgo de transformaci\u00f3n maligna\u00bb, dijo un experto. <\/span> <span>(Istock)<\/span><\/p>\n<\/div>\n<\/div>\n<\/div>\n<p>\u00abA la mayor\u00eda de las personas no les gusta hablar de los h\u00e1bitos intestinales, pero prestar atenci\u00f3n a los cambios puede salvarle la vida\u00bb, dijo Barnell. \u00abLa detecci\u00f3n nos da la oportunidad de encontrar problemas temprano, a menudo antes de sentirse enfermo, y eso puede marcar la diferencia\u00bb.<\/p>\n<p><i><strong><u>Para m\u00e1s art\u00edculos de salud, visite <\/u><\/strong><\/i><i><strong><u>www.foxnews.com\/Health<\/u><\/strong><\/i><\/p>\n<p>Fox News Digital se comunic\u00f3 con el representante de Van Der Beek para hacer comentarios.<\/p>\n<p> <!----> <\/p>\n<div class=\"article-meta\">\n<div class=\"author-bio\">\n<p>Melissa Rudy es editora de salud senior y miembro del equipo de estilo de vida en Fox News Digital. Los consejos de la historia se pueden enviar a melissa.rudy@fox.com.<\/p>\n<\/div>\n<\/div>\n<\/div>\n\n","protected":false},"excerpt":{"rendered":"<p>NUEVO\u00a1Ahora puedes escuchar art\u00edculos de Fox News! James van der Beek ha revelado la primera se\u00f1al de advertencia de su c\u00e1ncer de colon, y es una que no parec\u00eda alarmante en ese momento. El actor \u00abDawson&#8217;s Creek\u00bb, de 48 a\u00f1os, que anunci\u00f3 su diagn\u00f3stico de c\u00e1ncer colorrectal en noviembre de 2024, dijo recientemente a Healthline &hellip;<\/p>\n","protected":false},"author":1,"featured_media":39821,"comment_status":"open","ping_status":"open","sticky":false,"template":"","format":"standard","meta":{"fifu_image_url":"https:\/\/a57.foxnews.com\/static.foxnews.com\/foxnews.com\/content\/uploads\/2025\/08\/1200\/675\/james-van-der-beek-colon-cancer.jpg?ve=1&tl=1","fifu_image_alt":"","footnotes":""},"categories":[8],"tags":[],"class_list":["post-39819","post","type-post","status-publish","format-standard","has-post-thumbnail","","category-salud"],"_links":{"self":[{"href":"https:\/\/noticiasveraces.com\/index.php?rest_route=\/wp\/v2\/posts\/39819","targetHints":{"allow":["GET"]}}],"collection":[{"href":"https:\/\/noticiasveraces.com\/index.php?rest_route=\/wp\/v2\/posts"}],"about":[{"href":"https:\/\/noticiasveraces.com\/index.php?rest_route=\/wp\/v2\/types\/post"}],"author":[{"embeddable":true,"href":"https:\/\/noticiasveraces.com\/index.php?rest_route=\/wp\/v2\/users\/1"}],"replies":[{"embeddable":true,"href":"https:\/\/noticiasveraces.com\/index.php?rest_route=%2Fwp%2Fv2%2Fcomments&post=39819"}],"version-history":[{"count":0,"href":"https:\/\/noticiasveraces.com\/index.php?rest_route=\/wp\/v2\/posts\/39819\/revisions"}],"wp:featuredmedia":[{"embeddable":true,"href":"https:\/\/noticiasveraces.com\/index.php?rest_route=\/wp\/v2\/media\/39821"}],"wp:attachment":[{"href":"https:\/\/noticiasveraces.com\/index.php?rest_route=%2Fwp%2Fv2%2Fmedia&parent=39819"}],"wp:term":[{"taxonomy":"category","embeddable":true,"href":"https:\/\/noticiasveraces.com\/index.php?rest_route=%2Fwp%2Fv2%2Fcategories&post=39819"},{"taxonomy":"post_tag","embeddable":true,"href":"https:\/\/noticiasveraces.com\/index.php?rest_route=%2Fwp%2Fv2%2Ftags&post=39819"}],"curies":[{"name":"wp","href":"https:\/\/api.w.org\/{rel}","templated":true}]}}