{"id":39802,"date":"2025-08-10T16:18:26","date_gmt":"2025-08-10T20:18:26","guid":{"rendered":"https:\/\/noticiasveraces.com\/?p=39802"},"modified":"2025-08-10T16:18:26","modified_gmt":"2025-08-10T20:18:26","slug":"merz-defiende-la-suspension-de-envios-de-armas-a-israel-dw-10-08-2025","status":"publish","type":"post","link":"https:\/\/noticiasveraces.com\/?p=39802","title":{"rendered":"Merz defiende la suspensi\u00f3n de env\u00edos de armas a Israel \u2013 DW \u2013 10\/08\/2025"},"content":{"rendered":"<p> \n<\/p>\n<div data-tracking-name=\"rich-text\" data-tracking-skip=\"true\">\n<p>El canciller de Alemania, el cristianodem\u00f3crata Friedrich Merz, asegur\u00f3 este domingo (10.08.2025) que la pol\u00edtica del pa\u00eds europeo respecto a Israel no ha cambiado sustancialmente, tras las cr\u00edticas recibidas, sobre todo desde su propio bloque conservador, a la decisi\u00f3n, anunciada el viernes, de suspender parcialmente los permisos de exportaci\u00f3n de material militar a Israel.<\/p>\n<p>\u00abQuiero evitar los malentendidos, como el de que ha habido un giro en la pol\u00edtica de Alemania hacia Israel. No lo hay, seguimos sin ninguna duda firmes al lado de este pa\u00eds\u00bb, dijo en una entrevista con la televisi\u00f3n p\u00fablica ARD. Alemania \u00abha estado al lado de Israel durante 80 a\u00f1os\u00bb, declar\u00f3 Merz. \u00abNada de eso va a cambiar (\u2026) Seguiremos ayudando a este pa\u00eds a defenderse\u00bb, a\u00f1adi\u00f3.<\/p>\n<p>Sin embargo, apunt\u00f3 el canciller, \u00abtenemos un disenso con el Gobierno (israel\u00ed), lo repito, pero una amistad puede aguantar algo as\u00ed y tiene que aguantarlo. La solidaridad con Israel no significa dar por buena cualquier acci\u00f3n de un Gobierno y apoyarla, apoyarla incluso militarmente con armas\u00bb, asegur\u00f3. Merz ha sido cr\u00edtico con Netanyahu por las acciones contra la poblaci\u00f3n civil en Gaza.<\/p>\n<h2>\u00abNo podemos hacerlo\u00bb<\/h2>\n<p>Merz argument\u00f3 que la suspensi\u00f3n en la entrega de armas tiene una raz\u00f3n. \u00abNo podemos suministrar armas a un conflicto que intenta resolverse por medios estrictamente militares, que podr\u00eda costar cientos de miles de victimas civiles, que tiene como prerrequisito la evacuaci\u00f3n de Ciudad de Gaza. \u00bfA d\u00f3nde van a ir estas personas? No podemos hacerlo, no vamos a hacerlo\u00bb, se\u00f1al\u00f3.<\/p>\n<p>Merz explic\u00f3 que el detonante de la medida de no suministrar m\u00e1s armas fue la decisi\u00f3n \u00absorprendente\u00bb del gabinete de seguridad israel\u00ed de intensificar el conflicto con la toma de Ciudad de Gaza, y se\u00f1al\u00f3 que influy\u00f3 en su decisi\u00f3n el hecho de que incluso el jefe del Estado mayor israel\u00ed o varios cientos de exempleados de los servicios de inteligencia israel\u00edes, hayan puesto en duda el plan.<\/p>\n<p>La ofensiva israel\u00ed, iniciada hace 22 meses tras un ataque del grupo Ham\u00e1s, considerado terrorista por la UE, ha matado a m\u00e1s de 61.000 personas en la Franja de Gaza, seg\u00fan datos del Ministerio de Salud del territorio, que la ONU considera fiables.<\/p>\n<p>DZC (EFE, AFP)<\/p>\n<\/div>\n\n","protected":false},"excerpt":{"rendered":"<p>El canciller de Alemania, el cristianodem\u00f3crata Friedrich Merz, asegur\u00f3 este domingo (10.08.2025) que la pol\u00edtica del pa\u00eds europeo respecto a Israel no ha cambiado sustancialmente, tras las cr\u00edticas recibidas, sobre todo desde su propio bloque conservador, a la decisi\u00f3n, anunciada el viernes, de suspender parcialmente los permisos de exportaci\u00f3n de material militar a Israel. \u00abQuiero &hellip;<\/p>\n","protected":false},"author":1,"featured_media":39803,"comment_status":"open","ping_status":"open","sticky":false,"template":"","format":"standard","meta":{"fifu_image_url":"https:\/\/static.dw.com\/image\/73592401_6.jpg","fifu_image_alt":"","footnotes":""},"categories":[13],"tags":[],"class_list":["post-39802","post","type-post","status-publish","format-standard","has-post-thumbnail","","category-mundo"],"_links":{"self":[{"href":"https:\/\/noticiasveraces.com\/index.php?rest_route=\/wp\/v2\/posts\/39802","targetHints":{"allow":["GET"]}}],"collection":[{"href":"https:\/\/noticiasveraces.com\/index.php?rest_route=\/wp\/v2\/posts"}],"about":[{"href":"https:\/\/noticiasveraces.com\/index.php?rest_route=\/wp\/v2\/types\/post"}],"author":[{"embeddable":true,"href":"https:\/\/noticiasveraces.com\/index.php?rest_route=\/wp\/v2\/users\/1"}],"replies":[{"embeddable":true,"href":"https:\/\/noticiasveraces.com\/index.php?rest_route=%2Fwp%2Fv2%2Fcomments&post=39802"}],"version-history":[{"count":0,"href":"https:\/\/noticiasveraces.com\/index.php?rest_route=\/wp\/v2\/posts\/39802\/revisions"}],"wp:featuredmedia":[{"embeddable":true,"href":"https:\/\/noticiasveraces.com\/index.php?rest_route=\/wp\/v2\/media\/39803"}],"wp:attachment":[{"href":"https:\/\/noticiasveraces.com\/index.php?rest_route=%2Fwp%2Fv2%2Fmedia&parent=39802"}],"wp:term":[{"taxonomy":"category","embeddable":true,"href":"https:\/\/noticiasveraces.com\/index.php?rest_route=%2Fwp%2Fv2%2Fcategories&post=39802"},{"taxonomy":"post_tag","embeddable":true,"href":"https:\/\/noticiasveraces.com\/index.php?rest_route=%2Fwp%2Fv2%2Ftags&post=39802"}],"curies":[{"name":"wp","href":"https:\/\/api.w.org\/{rel}","templated":true}]}}