{"id":39765,"date":"2025-08-10T10:11:17","date_gmt":"2025-08-10T14:11:17","guid":{"rendered":"https:\/\/noticiasveraces.com\/?p=39765"},"modified":"2025-08-10T10:11:17","modified_gmt":"2025-08-10T14:11:17","slug":"el-papa-pide-no-ignorar-el-deseo-universal-de-paz-dw-10-08-2025","status":"publish","type":"post","link":"https:\/\/noticiasveraces.com\/?p=39765","title":{"rendered":"El Papa pide no ignorar \u00abel deseo universal de paz\u00bb \u2013 DW \u2013 10\/08\/2025"},"content":{"rendered":"<p> \n<\/p>\n<div data-tracking-name=\"rich-text\" data-tracking-skip=\"true\">\n<p>El papa Le\u00f3n XIV\u00a0pidi\u00f3 a los responsables del mundo que sean \u00abconscientes de su responsabilidad\u00bb, en un llamamiento tras el rezo dominical del \u00c1ngelus en la Plaza de San Pedro en pro del \u00abdeseo universal de paz\u00bb. \u00abQueridos hermanos y hermanas, sigamos orando por el fin de la guerra\u00bb, dijo el pont\u00edfice este domingo (10.08.2025) desde la ventana del palacio pontificio ante cientos de fieles.<\/p>\n<p>Record\u00f3 que en estos d\u00edas la conmemoraci\u00f3n del 80 aniversario de los bombardeos de Hiroshima y Nagasaki \u00abha reavivado en todo el mundo el necesario rechazo a la guerra como medio para resolver conflictos\u00bb. Y agreg\u00f3: \u00abQuienes toman las decisiones deben ser siempre conscientes de su responsabilidad por las consecuencias de sus decisiones en las poblaciones, sin ignorar las necesidades de los m\u00e1s vulnerables ni el anhelo universal de paz\u00bb.<\/p>\n<p>Al respecto, felicit\u00f3 a Armenia y Azerbaiy\u00e1n por la reciente declaraci\u00f3n de paz y dese\u00f3 que \u00abeste evento contribuya a una paz estable y duradera en el C\u00e1ucaso\u00bb. Durante su reflexi\u00f3n antes del \u00e1ngelus, Le\u00f3n XIV se encomend\u00f3 a la virgen Mar\u00eda para que \u00abnos ayude a ser, en un mundo marcado por tantas divisiones, centinelas de la misericordia y de la paz, como nos ense\u00f1\u00f3 San Juan Pablo II y como nos mostraron de manera tan hermosa los j\u00f3venes que vinieron a Roma para el Jubileo\u00bb.<\/p>\n<p><span data-slot-id=\"Article_InContent-1\" class=\"rich-text-ad\"\/><\/p>\n<h2>\u00bfUna Jornada Mundial de la Juventud en Alemania?<\/h2>\n<p>El arzobispo de Berl\u00edn, Heiner Koch, aspira a celebrar una pr\u00f3xima Jornada Mundial de la Juventud en Alemania. \u00abEspecialmente aqu\u00ed en Berl\u00edn, deber\u00eda estar dirigida a toda la sociedad\u00bb, declar\u00f3 Koch a la Agencia de Noticias Cat\u00f3lica alemana (KNA).<\/p>\n<figure class=\"placeholder-image master_landscape big\"><img data-format=\"MASTER_LANDSCAPE\" data-id=\"70852049\" data-url=\"https:\/\/static.dw.com\/image\/70852049_${formatId}.jpg\" data-aspect-ratio=\"16\/9\" alt=\"El arzobispo, retratado para una entrevista con la agencia alemana de prensa dpa, en marzo del a\u00f1o pasado.\" style=\"padding-bottom: 56.25%; height: 0; max-height: 0;\"\/><figcaption class=\"img-caption\">Monse\u00f1or Heiner Koch, arzobispo de Berl\u00edn, en una imagen de archivo.<small class=\"copyright\">Imagen: picture alliance\/dpa<\/small><\/figcaption><\/figure>\n<p>Una nueva Jornada Mundial de la Juventud en Alemania no podr\u00eda ser una copia del gran evento religioso celebrado en Colonia en el verano de 2005, afirm\u00f3 Koch, quien desempe\u00f1\u00f3 un papel clave en la organizaci\u00f3n en esa ocasi\u00f3n como secretario general. En 2005, m\u00e1s de un mill\u00f3n de j\u00f3venes de todo el mundo viajaron a Renania con el reci\u00e9n elegido Papa Benedicto XVI. \u00ab\u00a1Dios m\u00edo, qu\u00e9 ambiente, qu\u00e9 entusiasmo!\u00bb, record\u00f3 Koch.<\/p>\n<p>Koch quisiera organizarla esta vez en Berl\u00edn y con \u00abdiferentes influencias y nuevos di\u00e1logos\u00bb. \u00abSomos una minor\u00eda absoluta aqu\u00ed; por lo tanto, deber\u00edamos ser muy modestos en nuestro comportamiento y organizar una Jornada Mundial de la Juventud especialmente para quienes a\u00fan no creen en Dios\u00bb, dijo Koch. \u00abNo debemos ser de los que creen saberlo todo mejor o que podemos ense\u00f1arles\u00bb. En cambio, le gustar\u00eda ver una peregrinaci\u00f3n conjunta de muchas personas y grupos fuera de la Iglesia.<\/p>\n<p>El principal evento cat\u00f3lico se celebra cada pocos a\u00f1os en diferentes ciudades, y el pr\u00f3ximo est\u00e1 programado para agosto de 2027 en Se\u00fal, Corea del Sur, despu\u00e9s del celebrado en Portugal. Seg\u00fan Koch, hasta el momento no se han mantenido conversaciones con el Vaticano sobre la organizaci\u00f3n del evento en Alemania. \u00abTengo la impresi\u00f3n de que, como Iglesia en Alemania, estamos muy preocupados por nosotros mismos en este momento\u00bb. Por lo tanto, surge la pregunta: \u00ab\u00bfTenemos la fuerza mental y espiritual, la vitalidad y la voluntad de esforzarnos por una Jornada Mundial de la Juventud?\u00bb. Koch afirma estar convencido de que \u00abnos vendr\u00eda bien\u00bb.<\/p>\n<p>LGC (EFE, KNA)<\/p>\n<\/div>\n\n","protected":false},"excerpt":{"rendered":"<p>El papa Le\u00f3n XIV\u00a0pidi\u00f3 a los responsables del mundo que sean \u00abconscientes de su responsabilidad\u00bb, en un llamamiento tras el rezo dominical del \u00c1ngelus en la Plaza de San Pedro en pro del \u00abdeseo universal de paz\u00bb. \u00abQueridos hermanos y hermanas, sigamos orando por el fin de la guerra\u00bb, dijo el pont\u00edfice este domingo (10.08.2025) &hellip;<\/p>\n","protected":false},"author":1,"featured_media":39766,"comment_status":"open","ping_status":"open","sticky":false,"template":"","format":"standard","meta":{"fifu_image_url":"https:\/\/static.dw.com\/image\/73591759_6.jpg","fifu_image_alt":"","footnotes":""},"categories":[13],"tags":[],"class_list":["post-39765","post","type-post","status-publish","format-standard","has-post-thumbnail","","category-mundo"],"_links":{"self":[{"href":"https:\/\/noticiasveraces.com\/index.php?rest_route=\/wp\/v2\/posts\/39765","targetHints":{"allow":["GET"]}}],"collection":[{"href":"https:\/\/noticiasveraces.com\/index.php?rest_route=\/wp\/v2\/posts"}],"about":[{"href":"https:\/\/noticiasveraces.com\/index.php?rest_route=\/wp\/v2\/types\/post"}],"author":[{"embeddable":true,"href":"https:\/\/noticiasveraces.com\/index.php?rest_route=\/wp\/v2\/users\/1"}],"replies":[{"embeddable":true,"href":"https:\/\/noticiasveraces.com\/index.php?rest_route=%2Fwp%2Fv2%2Fcomments&post=39765"}],"version-history":[{"count":0,"href":"https:\/\/noticiasveraces.com\/index.php?rest_route=\/wp\/v2\/posts\/39765\/revisions"}],"wp:featuredmedia":[{"embeddable":true,"href":"https:\/\/noticiasveraces.com\/index.php?rest_route=\/wp\/v2\/media\/39766"}],"wp:attachment":[{"href":"https:\/\/noticiasveraces.com\/index.php?rest_route=%2Fwp%2Fv2%2Fmedia&parent=39765"}],"wp:term":[{"taxonomy":"category","embeddable":true,"href":"https:\/\/noticiasveraces.com\/index.php?rest_route=%2Fwp%2Fv2%2Fcategories&post=39765"},{"taxonomy":"post_tag","embeddable":true,"href":"https:\/\/noticiasveraces.com\/index.php?rest_route=%2Fwp%2Fv2%2Ftags&post=39765"}],"curies":[{"name":"wp","href":"https:\/\/api.w.org\/{rel}","templated":true}]}}