{"id":39761,"date":"2025-08-10T08:09:04","date_gmt":"2025-08-10T12:09:04","guid":{"rendered":"https:\/\/noticiasveraces.com\/?p=39761"},"modified":"2025-08-10T08:09:04","modified_gmt":"2025-08-10T12:09:04","slug":"54-de-alemanes-apoya-reconocer-un-estado-palestino-dw-10-08-2025","status":"publish","type":"post","link":"https:\/\/noticiasveraces.com\/?p=39761","title":{"rendered":"54% de alemanes apoya reconocer un Estado palestino \u2013 DW \u2013 10\/08\/2025"},"content":{"rendered":"<p> \n<\/p>\n<div data-tracking-name=\"rich-text\" data-tracking-skip=\"true\">\n<p>Al cabo de los primeros cien d\u00edas de gobierno, que se cumplen el pr\u00f3ximo mi\u00e9rcoles, el canciller alem\u00e1n, Friedrich Merz, sufre una fuerte impopularidad, con s\u00f3lo un\u00a029 % de los alemanes satisfechos con el balance de su gesti\u00f3n al frente del Gobierno. El resultado del sondeo de la televisi\u00f3n p\u00fablica ARD publicado el jueves es el peor desde que Merz asumi\u00f3 la direcci\u00f3n del gobierno. E indicaba tambi\u00e9n que los alemanes demandaban m\u00e1s presi\u00f3n a Israel por Gaza.<\/p>\n<p>Seg\u00fan otra encuesta publicada este domingo (10.08.2025), la mayor\u00eda de los alemanes apoya el reconocimiento de un Estado palestino, todo un dilema para Alemania. En el sondeo, realizado por el Instituto Forsa para la revista de pol\u00edtica International\u00a0Politik, el 54\u00a0% de los encuestados respondi\u00f3 \u00abS\u00ed\u00bb a la pregunta: \u00ab\u00bfDeber\u00eda Alemania reconocer ahora a Palestina como Estado?\u00bb. El 31\u00a0% se opuso a la idea.<\/p>\n<h2>M\u00e1s apoyo entre los partidos de izquierda<\/h2>\n<p>La encuesta, realizada a 1.001 personas en Alemania, se realiz\u00f3 a finales de julio. El apoyo fue ligeramente mayor en el este de Alemania (59\u00a0%) que en el oeste (53\u00a0%). Tambi\u00e9n fue especialmente alto entre las personas de 18 a 29 a\u00f1os (60\u00a0%) y entre las personas de 60 a\u00f1os o m\u00e1s (58\u00a0%).<\/p>\n<p>Por ideolog\u00eda, entre los simpatizantes del partido La Izquierda, el 85\u00a0% se mostr\u00f3 a favor del reconocimiento. El respaldo tambi\u00e9n fue alto entre los votantes de Los Verdes (66\u00a0%) y los socialdem\u00f3cratas (52\u00a0%). El apoyo fue menor entre los simpatizantes de la alianza conservadora CDU\/CSU (48\u00a0%) y del partido ultraderechista Alternativa para Alemania (45\u00a0%).<\/p>\n<p>El gobierno alem\u00e1n afirma apoyar una soluci\u00f3n de dos Estados en la que israel\u00edes y palestinos convivan pac\u00edficamente. Sin embargo, considera el reconocimiento de Palestina como el \u00faltimo paso al t\u00e9rmino de un proceso de paz negociado y ha descartado hacerlo a corto plazo. El presidente Emmanuel Macron ha anunciado que Francia s\u00ed dar\u00e1 el paso en septiembre. Canad\u00e1\u00a0tambi\u00e9n se han comprometido a reconocer a Palestina en septiembre, con ciertas condiciones, as\u00ed como el Reino Unido.<\/p>\n<p>LGC (DPA, AFP)<\/p>\n<blockquote class=\"tweet embed\" data-id=\"1954327414235857198\"\/><\/div>\n\n","protected":false},"excerpt":{"rendered":"<p>Al cabo de los primeros cien d\u00edas de gobierno, que se cumplen el pr\u00f3ximo mi\u00e9rcoles, el canciller alem\u00e1n, Friedrich Merz, sufre una fuerte impopularidad, con s\u00f3lo un\u00a029 % de los alemanes satisfechos con el balance de su gesti\u00f3n al frente del Gobierno. El resultado del sondeo de la televisi\u00f3n p\u00fablica ARD publicado el jueves es &hellip;<\/p>\n","protected":false},"author":1,"featured_media":39762,"comment_status":"open","ping_status":"open","sticky":false,"template":"","format":"standard","meta":{"fifu_image_url":"https:\/\/static.dw.com\/image\/73394468_6.jpg","fifu_image_alt":"","footnotes":""},"categories":[13],"tags":[],"class_list":["post-39761","post","type-post","status-publish","format-standard","has-post-thumbnail","","category-mundo"],"_links":{"self":[{"href":"https:\/\/noticiasveraces.com\/index.php?rest_route=\/wp\/v2\/posts\/39761","targetHints":{"allow":["GET"]}}],"collection":[{"href":"https:\/\/noticiasveraces.com\/index.php?rest_route=\/wp\/v2\/posts"}],"about":[{"href":"https:\/\/noticiasveraces.com\/index.php?rest_route=\/wp\/v2\/types\/post"}],"author":[{"embeddable":true,"href":"https:\/\/noticiasveraces.com\/index.php?rest_route=\/wp\/v2\/users\/1"}],"replies":[{"embeddable":true,"href":"https:\/\/noticiasveraces.com\/index.php?rest_route=%2Fwp%2Fv2%2Fcomments&post=39761"}],"version-history":[{"count":0,"href":"https:\/\/noticiasveraces.com\/index.php?rest_route=\/wp\/v2\/posts\/39761\/revisions"}],"wp:featuredmedia":[{"embeddable":true,"href":"https:\/\/noticiasveraces.com\/index.php?rest_route=\/wp\/v2\/media\/39762"}],"wp:attachment":[{"href":"https:\/\/noticiasveraces.com\/index.php?rest_route=%2Fwp%2Fv2%2Fmedia&parent=39761"}],"wp:term":[{"taxonomy":"category","embeddable":true,"href":"https:\/\/noticiasveraces.com\/index.php?rest_route=%2Fwp%2Fv2%2Fcategories&post=39761"},{"taxonomy":"post_tag","embeddable":true,"href":"https:\/\/noticiasveraces.com\/index.php?rest_route=%2Fwp%2Fv2%2Ftags&post=39761"}],"curies":[{"name":"wp","href":"https:\/\/api.w.org\/{rel}","templated":true}]}}