{"id":39758,"date":"2025-08-10T07:23:05","date_gmt":"2025-08-10T11:23:05","guid":{"rendered":"https:\/\/noticiasveraces.com\/?p=39758"},"modified":"2025-08-10T07:23:05","modified_gmt":"2025-08-10T11:23:05","slug":"luto-en-el-periodismo-deportivo-fallecio-reconocido-periodista","status":"publish","type":"post","link":"https:\/\/noticiasveraces.com\/?p=39758","title":{"rendered":"Luto en el periodismo deportivo: falleci\u00f3 reconocido periodista"},"content":{"rendered":"<p> \n<br \/><img decoding=\"async\" src=\"https:\/\/www.futbolred.com\/files\/article_graphic\/uploads\/2025\/08\/08\/68961935bd311.jpeg\" \/><\/p>\n<header>\n<h3>Curiosidades de f\u00fatbol<br \/>\n            <\/h3>\n<h1>Luto en el periodismo deportivo: falleci\u00f3 reconocido periodista<br \/>\n        <\/h1>\n<address>\n            <a>Andres Julian Abril Gomez<br \/>\n        <\/address>\n<p>        08 de agosto de 2025, 10:35 a. metro.<\/p>\n<\/header>\n<p>En las \u00faltimas horas se dio conocer la muerte del periodista Eugenio Baena en Cartagena.&nbsp;<\/p>\n<p>Luto en el periodismo deportivo luego de que se conociera este viernes el fallecimiento del reconocido periodista Eugenio Baena que estaba hospitalizado debido a un procedimiento quir\u00fargico cardiaco.&nbsp;<\/p>\n<p>Seg\u00fan dio a conocer el medio Caracol Radio, el periodista falleci\u00f3 a los 71 a\u00f1os de edad en Cartagena m\u00e1s precisamente en la cl\u00ednica Neurodinamia donde fue remitido tras sufrir un fuerte dolor en el pecho.&nbsp;<\/p>\n<p>Baena era experto en temas como el b\u00e9isbol, f\u00fatbol y boxeo y era uno de los periodistas con m\u00e1s recorrido en Colombia ya que ten\u00eda m\u00e1s de 45 a\u00f1os de experiencia.&nbsp;<\/p>\n<p>Recordemos que el periodista era tambi\u00e9n el padre de una de las glorias del deporte colombiano como es Cecilia &#8216;Chechi&#8217; Baena, m\u00faltiple campeona mundial de patinaje.&nbsp;<\/p>\n<p>Tras la partida del reconocido comunicador, varios periodistas conocidos como Iv\u00e1n Mej\u00eda se despidieron de Baena con un sentido mensaje:&nbsp;\u00abA ese hombre bueno no le aguanto m\u00e1s el coraz\u00f3n, tan grande como su figura. El Pr\u00edncipe de Cartagena, Eugenio Baena, nos ha dejado. Paz en su tumba y un gran abrazo para la Chechi y toda la familia. Extra\u00f1ar\u00e9 las charlas beisboleras contigo y tu sentido de la amistad\u00bb.<\/p>\n<p>Por su parte, otros colegas recordaron a Baena por su carisma y su conocimiento en los deportes que lo caracterizaron a lo largo de su extensa carrera period\u00edstica.&nbsp;<\/p>\n\n","protected":false},"excerpt":{"rendered":"<p>Curiosidades de f\u00fatbol Luto en el periodismo deportivo: falleci\u00f3 reconocido periodista Andres Julian Abril Gomez 08 de agosto de 2025, 10:35 a. metro. En las \u00faltimas horas se dio conocer la muerte del periodista Eugenio Baena en Cartagena.&nbsp; Luto en el periodismo deportivo luego de que se conociera este viernes el fallecimiento del reconocido periodista &hellip;<\/p>\n","protected":false},"author":1,"featured_media":39760,"comment_status":"open","ping_status":"open","sticky":false,"template":"","format":"standard","meta":{"fifu_image_url":"https:\/\/www.futbolred.com\/files\/og_thumbnail\/uploads\/2025\/08\/08\/68961935bd311.jpeg","fifu_image_alt":"","footnotes":""},"categories":[6],"tags":[],"class_list":["post-39758","post","type-post","status-publish","format-standard","has-post-thumbnail","","category-deportes"],"_links":{"self":[{"href":"https:\/\/noticiasveraces.com\/index.php?rest_route=\/wp\/v2\/posts\/39758","targetHints":{"allow":["GET"]}}],"collection":[{"href":"https:\/\/noticiasveraces.com\/index.php?rest_route=\/wp\/v2\/posts"}],"about":[{"href":"https:\/\/noticiasveraces.com\/index.php?rest_route=\/wp\/v2\/types\/post"}],"author":[{"embeddable":true,"href":"https:\/\/noticiasveraces.com\/index.php?rest_route=\/wp\/v2\/users\/1"}],"replies":[{"embeddable":true,"href":"https:\/\/noticiasveraces.com\/index.php?rest_route=%2Fwp%2Fv2%2Fcomments&post=39758"}],"version-history":[{"count":0,"href":"https:\/\/noticiasveraces.com\/index.php?rest_route=\/wp\/v2\/posts\/39758\/revisions"}],"wp:featuredmedia":[{"embeddable":true,"href":"https:\/\/noticiasveraces.com\/index.php?rest_route=\/wp\/v2\/media\/39760"}],"wp:attachment":[{"href":"https:\/\/noticiasveraces.com\/index.php?rest_route=%2Fwp%2Fv2%2Fmedia&parent=39758"}],"wp:term":[{"taxonomy":"category","embeddable":true,"href":"https:\/\/noticiasveraces.com\/index.php?rest_route=%2Fwp%2Fv2%2Fcategories&post=39758"},{"taxonomy":"post_tag","embeddable":true,"href":"https:\/\/noticiasveraces.com\/index.php?rest_route=%2Fwp%2Fv2%2Ftags&post=39758"}],"curies":[{"name":"wp","href":"https:\/\/api.w.org\/{rel}","templated":true}]}}