{"id":39720,"date":"2025-08-10T01:22:22","date_gmt":"2025-08-10T05:22:22","guid":{"rendered":"https:\/\/noticiasveraces.com\/?p=39720"},"modified":"2025-08-10T01:22:22","modified_gmt":"2025-08-10T05:22:22","slug":"federico-gutierrez-anuncio-que-hay-via-libre-para-la-renovacion-del-estadio-atanasio-girardot-curiosidades-de-futbol","status":"publish","type":"post","link":"https:\/\/noticiasveraces.com\/?p=39720","title":{"rendered":"Federico Guti\u00e9rrez anunci\u00f3 que hay v\u00eda libre para la renovaci\u00f3n del estadio Atanasio Girardot | Curiosidades de f\u00fatbol"},"content":{"rendered":"<p> \n<br \/><img decoding=\"async\" src=\"https:\/\/www.futbolred.com\/files\/article_graphic\/uploads\/2024\/11\/26\/6746515350055.jpeg\" \/><\/p>\n<div id=\"cuerpoArticulo\">\n<p class=\"texto intro\" id=\"p253195-m393-392-394\">Hace unos d\u00edas, el alcalde de Bogot\u00e1, Carlos Fernando Gal\u00e1n anunci\u00f3 en una rueda de prensa la construcci\u00f3n de un nuevo estadio que reemplazar\u00e1 a <b>El Camp\u00edn,<\/b> pero que quedar\u00e1 ubicada en una zona cercana.  <\/p>\n<p>El estadio se empezar\u00e1 a construir en marzo de 2026 y se espera que est\u00e9 terminado en diciembre de 2027 en donde se contempla que la capacidad aumente a 50 mil espectadores.  <\/p>\n<p>Pues bien, ante el anuncio del nuevo estadio en Bogot\u00e1, en las \u00faltimas horas, el alcalde de Medell\u00edn,<b> Federico Guti\u00e9rrez<\/b> revel\u00f3 en di\u00e1logo con Caracol Radio que la remodelaci\u00f3n del estadio<b> Atanasio Girardot <\/b>ser\u00e1 una realidad.<\/p>\n<p class=\"texto contenido-parrafo-articulo\" id=\"p253195-m469-3-470\">\u201cOjal\u00e1 en menos de un mes, yo est\u00e9 d\u00e1ndole una buena noticia a la ciudad, frente a la renovaci\u00f3n del estadio Atanasio Girardot. Es un proyecto que venimos estructurando y es una noticia que viene y no es cualquier proyecto\u201d, mencion\u00f3 el mandatario local.  <\/p>\n<p>Por su parte, Guti\u00e9rrez revel\u00f3 que no encontrar una Alianza P\u00fablico Privada para construir un nuevo escenario deportivo por lo que la renovaci\u00f3n se le har\u00e1 a la casa de Atl\u00e9tico Nacional e Independiente Medell\u00edn.  <\/p>\n<p>\u201cDebe tener una renovaci\u00f3n total. Hay una APP, que es Alianza P\u00fablico-Privada que se ha buscado durante los \u00faltimos a\u00f1os y no ha habido realmente referente para la APP. Si usted fuera a hacer un estadio nuevo, eso ser\u00eda una inversi\u00f3n de billones de pesos, no est\u00e1n ni esos recursos, ni es necesario con lo que hemos encontrado y lo que se necesita\u201d, coment\u00f3.  <\/p>\n<p>Finalmente, el alcalde se\u00f1al\u00f3 que la capacidad ser\u00eda de 48.000 espectadores y que ser\u00e1 un estadio espectacular.  <\/p>\n<p>\u201cEste es un estadio con una capacidad de 46.000 a 48.000 espectadores, pero es b\u00e1sicamente, cuando la gente llegue al estadio, tenga una experiencia espectacular. No le puedo adelantar todo&#8230; Va a tener de todo y el estadio va a quedar divino y funcional\u201d, concluy\u00f3.<\/p>\n<\/div>\n\n","protected":false},"excerpt":{"rendered":"<p>Hace unos d\u00edas, el alcalde de Bogot\u00e1, Carlos Fernando Gal\u00e1n anunci\u00f3 en una rueda de prensa la construcci\u00f3n de un nuevo estadio que reemplazar\u00e1 a El Camp\u00edn, pero que quedar\u00e1 ubicada en una zona cercana. El estadio se empezar\u00e1 a construir en marzo de 2026 y se espera que est\u00e9 terminado en diciembre de 2027 &hellip;<\/p>\n","protected":false},"author":1,"featured_media":39722,"comment_status":"open","ping_status":"open","sticky":false,"template":"","format":"standard","meta":{"fifu_image_url":"https:\/\/www.futbolred.com\/files\/og_thumbnail\/uploads\/2024\/11\/26\/6746515350055.jpeg","fifu_image_alt":"","footnotes":""},"categories":[6],"tags":[],"class_list":["post-39720","post","type-post","status-publish","format-standard","has-post-thumbnail","","category-deportes"],"_links":{"self":[{"href":"https:\/\/noticiasveraces.com\/index.php?rest_route=\/wp\/v2\/posts\/39720","targetHints":{"allow":["GET"]}}],"collection":[{"href":"https:\/\/noticiasveraces.com\/index.php?rest_route=\/wp\/v2\/posts"}],"about":[{"href":"https:\/\/noticiasveraces.com\/index.php?rest_route=\/wp\/v2\/types\/post"}],"author":[{"embeddable":true,"href":"https:\/\/noticiasveraces.com\/index.php?rest_route=\/wp\/v2\/users\/1"}],"replies":[{"embeddable":true,"href":"https:\/\/noticiasveraces.com\/index.php?rest_route=%2Fwp%2Fv2%2Fcomments&post=39720"}],"version-history":[{"count":0,"href":"https:\/\/noticiasveraces.com\/index.php?rest_route=\/wp\/v2\/posts\/39720\/revisions"}],"wp:featuredmedia":[{"embeddable":true,"href":"https:\/\/noticiasveraces.com\/index.php?rest_route=\/wp\/v2\/media\/39722"}],"wp:attachment":[{"href":"https:\/\/noticiasveraces.com\/index.php?rest_route=%2Fwp%2Fv2%2Fmedia&parent=39720"}],"wp:term":[{"taxonomy":"category","embeddable":true,"href":"https:\/\/noticiasveraces.com\/index.php?rest_route=%2Fwp%2Fv2%2Fcategories&post=39720"},{"taxonomy":"post_tag","embeddable":true,"href":"https:\/\/noticiasveraces.com\/index.php?rest_route=%2Fwp%2Fv2%2Ftags&post=39720"}],"curies":[{"name":"wp","href":"https:\/\/api.w.org\/{rel}","templated":true}]}}