{"id":39704,"date":"2025-08-09T21:57:53","date_gmt":"2025-08-10T01:57:53","guid":{"rendered":"https:\/\/noticiasveraces.com\/?p=39704"},"modified":"2025-08-09T21:57:53","modified_gmt":"2025-08-10T01:57:53","slug":"las-cervecerias-al-aire-libre-son-tipicas-de-baviera-dw-08-08-2025","status":"publish","type":"post","link":"https:\/\/noticiasveraces.com\/?p=39704","title":{"rendered":"\u00bfLas cervecer\u00edas al aire libre son t\u00edpicas de Baviera? \u2013 DW \u2013 08\/08\/2025"},"content":{"rendered":"<p> \n<\/p>\n<div data-tracking-name=\"rich-text\" data-tracking-skip=\"true\">\n<p>\u00bfQu\u00e9 representa una cervecer\u00eda al aire libre para los b\u00e1varos y c\u00f3mo son? Les explicamos en que consiste el aut\u00e9ntico Biergarten b\u00e1varo.<\/p>\n<\/p>\n<figure class=\"placeholder-image master_landscape big\"><img data-format=\"MASTER_LANDSCAPE\" data-id=\"73560228\" data-url=\"https:\/\/static.dw.com\/image\/73560228_${formatId}.jpg\" data-aspect-ratio=\"16\/9\" alt=\"Gorizia y Nova Gorica, capitales europeas de la cultura\" style=\"padding-bottom: 56.25%; height: 0; max-height: 0;\"\/><figcaption class=\"img-caption\"><small class=\"copyright\">Imagen: DW<\/small><\/figcaption><\/figure>\n<p><strong>Gorizia y Nova Gorica, capitales europeas de la cultura<\/strong><\/p>\n<p>Las ciudades italiana Gorizia y la eslovena Nova Gorica estuvieron separadas durante la Guerra Fr\u00eda. En 2025 son capitales europeas de la cultura.<\/p>\n<\/p>\n<figure class=\"placeholder-image master_landscape big\"><img data-format=\"MASTER_LANDSCAPE\" data-id=\"73560053\" data-url=\"https:\/\/static.dw.com\/image\/73560053_${formatId}.jpg\" data-aspect-ratio=\"16\/9\" alt=\"Una joven a la izquierda y un joven a la derecha se encuentran frente a frente e intercambian rosas rojas.\" style=\"padding-bottom: 56.25%; height: 0; max-height: 0;\"\/><figcaption class=\"img-caption\"><small class=\"copyright\">Imagen: ArtList Ltd.\/andrii Nekrasov<\/small><\/figcaption><\/figure>\n<p><strong>Qu\u00e9 sigue a la primera cita<\/strong><\/p>\n<p>\u00bfC\u00f3mo evolucionan las relaciones de pareja? Hemos preguntado a j\u00f3venes europeos cu\u00e1ndo dan el siguiente paso en una relaci\u00f3n.<\/p>\n<\/p>\n<figure class=\"placeholder-image master_landscape big\"><img data-format=\"MASTER_LANDSCAPE\" data-id=\"73560097\" data-url=\"https:\/\/static.dw.com\/image\/73560097_${formatId}.jpg\" data-aspect-ratio=\"16\/9\" alt=\"La gran plaza \u00abPra\u00e7a do Com\u00e9rcio\u00bb en Lisboa con el Arco del Triunfo al fondo.\" style=\"padding-bottom: 56.25%; height: 0; max-height: 0;\"\/><figcaption class=\"img-caption\"><small class=\"copyright\">Imagen: DW<\/small><\/figcaption><\/figure>\n<p><strong>Destino Lisboa: \u00bfes tan hermosa como en las redes sociales?<\/strong><\/p>\n<p>En las redes sociales, los destinos tur\u00edsticos suelen parecer maravillosos. Pero, \u00bfson as\u00ed en realidad? Por ejemplo, \u00bfc\u00f3mo es Lisboa? Lo hemos averiguado.<\/p>\n<\/p>\n<figure class=\"placeholder-image master_landscape big\"><img data-format=\"MASTER_LANDSCAPE\" data-id=\"60511272\" data-url=\"https:\/\/static.dw.com\/image\/60511272_${formatId}.jpeg\" data-aspect-ratio=\"16\/9\" alt=\"Queso de cueva de Cabrales\" style=\"padding-bottom: 56.25%; height: 0; max-height: 0;\"\/><figcaption class=\"img-caption\"><small class=\"copyright\">Imagen: DW<\/small><\/figcaption><\/figure>\n<p><strong>Queso de cueva de Cabrales: una especialidad espa\u00f1ola<\/strong><\/p>\n<p>En Asturias, en el norte de Espa\u00f1a, el queso de Cabrales es una se\u00f1a de identidad. Se elabora de forma artesanal y se cura en las cuevas de monta\u00f1a.  <\/p>\n<\/p>\n<h2>Horarios de emisi\u00f3n: <\/h2>\n<h2>DW Espa\u00f1ol<\/h2>\n<p>S\u00e1 09.08.2025 &#8211; 04:00 UTC<br \/>S\u00e1 09.08.2025 &#8211; 11:30 UTC<br \/>S\u00e1 09.08.2025 &#8211; 14:30 UTC<br \/>Jue 10.08.2025 &#8211; 08:30 UTC<br \/>Jue 10.08.2025 &#8211; 4:30 p.m. UTC<br \/>Jue 10.08.2025 &#8211; 9:30 p.m. UTC<br \/>LU 11.08.2025 &#8211; 07:30 UTC <br \/>LU 11.08.2025 &#8211; 12:03 UTC<br \/>MA 12.08.2025 &#8211; 03:00 UTC<br \/>MA 12.08.2025 &#8211; 15:03 UTC<\/p>\n<p>La Paz UTC -4 | Buenos Aires UTC -3 | Ciudad de M\u00e9xico UTC -6<\/p>\n<\/div>\n\n","protected":false},"excerpt":{"rendered":"<p>\u00bfQu\u00e9 representa una cervecer\u00eda al aire libre para los b\u00e1varos y c\u00f3mo son? Les explicamos en que consiste el aut\u00e9ntico Biergarten b\u00e1varo. Imagen: DW Gorizia y Nova Gorica, capitales europeas de la cultura Las ciudades italiana Gorizia y la eslovena Nova Gorica estuvieron separadas durante la Guerra Fr\u00eda. En 2025 son capitales europeas de la &hellip;<\/p>\n","protected":false},"author":1,"featured_media":39705,"comment_status":"open","ping_status":"open","sticky":false,"template":"","format":"standard","meta":{"fifu_image_url":"https:\/\/static.dw.com\/image\/73562227_6.jpg","fifu_image_alt":"","footnotes":""},"categories":[13],"tags":[],"class_list":["post-39704","post","type-post","status-publish","format-standard","has-post-thumbnail","","category-mundo"],"_links":{"self":[{"href":"https:\/\/noticiasveraces.com\/index.php?rest_route=\/wp\/v2\/posts\/39704","targetHints":{"allow":["GET"]}}],"collection":[{"href":"https:\/\/noticiasveraces.com\/index.php?rest_route=\/wp\/v2\/posts"}],"about":[{"href":"https:\/\/noticiasveraces.com\/index.php?rest_route=\/wp\/v2\/types\/post"}],"author":[{"embeddable":true,"href":"https:\/\/noticiasveraces.com\/index.php?rest_route=\/wp\/v2\/users\/1"}],"replies":[{"embeddable":true,"href":"https:\/\/noticiasveraces.com\/index.php?rest_route=%2Fwp%2Fv2%2Fcomments&post=39704"}],"version-history":[{"count":0,"href":"https:\/\/noticiasveraces.com\/index.php?rest_route=\/wp\/v2\/posts\/39704\/revisions"}],"wp:featuredmedia":[{"embeddable":true,"href":"https:\/\/noticiasveraces.com\/index.php?rest_route=\/wp\/v2\/media\/39705"}],"wp:attachment":[{"href":"https:\/\/noticiasveraces.com\/index.php?rest_route=%2Fwp%2Fv2%2Fmedia&parent=39704"}],"wp:term":[{"taxonomy":"category","embeddable":true,"href":"https:\/\/noticiasveraces.com\/index.php?rest_route=%2Fwp%2Fv2%2Fcategories&post=39704"},{"taxonomy":"post_tag","embeddable":true,"href":"https:\/\/noticiasveraces.com\/index.php?rest_route=%2Fwp%2Fv2%2Ftags&post=39704"}],"curies":[{"name":"wp","href":"https:\/\/api.w.org\/{rel}","templated":true}]}}