{"id":39702,"date":"2025-08-09T20:56:31","date_gmt":"2025-08-10T00:56:31","guid":{"rendered":"https:\/\/noticiasveraces.com\/?p=39702"},"modified":"2025-08-09T20:56:31","modified_gmt":"2025-08-10T00:56:31","slug":"no-puede-haber-acuerdo-de-paz-sin-kiev-dw-10-08-2025","status":"publish","type":"post","link":"https:\/\/noticiasveraces.com\/?p=39702","title":{"rendered":"\u00abNo puede haber acuerdo de paz sin Kiev\u00bb \u2013 DW \u2013 10\/08\/2025"},"content":{"rendered":"<p> \n<\/p>\n<div data-tracking-name=\"rich-text\" data-tracking-skip=\"true\">\n<p>Los l\u00edderes de seis pa\u00edses europeos y la presidenta de la Comisi\u00f3n Europea, Ursula Von der Leyen, emitieron este s\u00e1bado (09.08.2025) un comunicado conjunto en el que advirtieron que el \u00abcamino a la paz en Ucrania no puede ser decidido sin Kiev\u00bb.<\/p>\n<p>El texto, firmado por Von der Leyen, junto a los mandatarios del Reino Unido, Francia, Alemania, Italia, Polonia y Finlandia, llega d\u00edas antes de la reuni\u00f3n prevista entre el presidente estadounidense, Donald Trump, y su hom\u00f3logo ruso, Vlad\u00edmir Putin, en Alaska el pr\u00f3ximo 15 de agosto para abordar un posible acuerdo que termine con la guerra en Ucrania.<\/p>\n<p>\u00abLas conversaciones fruct\u00edferas solo pueden tener lugar en un contexto de alto el fuego o de reducci\u00f3n de hostilidades. El camino a la paz en Ucrania no puede decidirse sin Ucrania. Estamos comprometidos al principio de que las fronteras internacionales no deben ser cambiadas a la fuerza y la l\u00ednea actual de contacto deber\u00eda ser el punto inicial de las negociaciones\u00bb, redactaron los l\u00edderes.<\/p>\n<p>Afirmaron que \u00absolo un enfoque que combina una diplomacia activa, el apoyo a Ucrania y la presi\u00f3n sobre la Federaci\u00f3n Rusa\u00bb podr\u00e1 poner fin a la guerra entre Ucrania y Rusia.<\/p>\n<p>\u00abAplaudimos el trabajo del presidente (estadounidense, Donald) Trump por detener la masacre en Ucrania\u00bb y \u00abestamos listos para apoyar ese trabajo en el plano diplom\u00e1tico, adem\u00e1s de mantener nuestro sustancial apoyo militar y financiero a Ucrania\u00bb as\u00ed como \u00abmanteniendo e imponiendo medidas restrictivas contra la Federaci\u00f3n Rusa\u00bb, indicaron los l\u00edderes europeos en su\u00a0declaraci\u00f3n.<\/p>\n<p>MG (EFE, AFP)<\/p>\n<\/p>\n<\/div>\n\n","protected":false},"excerpt":{"rendered":"<p>Los l\u00edderes de seis pa\u00edses europeos y la presidenta de la Comisi\u00f3n Europea, Ursula Von der Leyen, emitieron este s\u00e1bado (09.08.2025) un comunicado conjunto en el que advirtieron que el \u00abcamino a la paz en Ucrania no puede ser decidido sin Kiev\u00bb. El texto, firmado por Von der Leyen, junto a los mandatarios del Reino &hellip;<\/p>\n","protected":false},"author":1,"featured_media":39703,"comment_status":"open","ping_status":"open","sticky":false,"template":"","format":"standard","meta":{"fifu_image_url":"https:\/\/static.dw.com\/image\/71815898_6.jpg","fifu_image_alt":"","footnotes":""},"categories":[13],"tags":[],"class_list":["post-39702","post","type-post","status-publish","format-standard","has-post-thumbnail","","category-mundo"],"_links":{"self":[{"href":"https:\/\/noticiasveraces.com\/index.php?rest_route=\/wp\/v2\/posts\/39702","targetHints":{"allow":["GET"]}}],"collection":[{"href":"https:\/\/noticiasveraces.com\/index.php?rest_route=\/wp\/v2\/posts"}],"about":[{"href":"https:\/\/noticiasveraces.com\/index.php?rest_route=\/wp\/v2\/types\/post"}],"author":[{"embeddable":true,"href":"https:\/\/noticiasveraces.com\/index.php?rest_route=\/wp\/v2\/users\/1"}],"replies":[{"embeddable":true,"href":"https:\/\/noticiasveraces.com\/index.php?rest_route=%2Fwp%2Fv2%2Fcomments&post=39702"}],"version-history":[{"count":0,"href":"https:\/\/noticiasveraces.com\/index.php?rest_route=\/wp\/v2\/posts\/39702\/revisions"}],"wp:featuredmedia":[{"embeddable":true,"href":"https:\/\/noticiasveraces.com\/index.php?rest_route=\/wp\/v2\/media\/39703"}],"wp:attachment":[{"href":"https:\/\/noticiasveraces.com\/index.php?rest_route=%2Fwp%2Fv2%2Fmedia&parent=39702"}],"wp:term":[{"taxonomy":"category","embeddable":true,"href":"https:\/\/noticiasveraces.com\/index.php?rest_route=%2Fwp%2Fv2%2Fcategories&post=39702"},{"taxonomy":"post_tag","embeddable":true,"href":"https:\/\/noticiasveraces.com\/index.php?rest_route=%2Fwp%2Fv2%2Ftags&post=39702"}],"curies":[{"name":"wp","href":"https:\/\/api.w.org\/{rel}","templated":true}]}}