{"id":39687,"date":"2025-08-09T19:21:16","date_gmt":"2025-08-09T23:21:16","guid":{"rendered":"https:\/\/noticiasveraces.com\/?p=39687"},"modified":"2025-08-09T19:21:16","modified_gmt":"2025-08-09T23:21:16","slug":"falcao-garcia-envio-emotivo-mensaje-a-andres-llinas-por-su-lesion","status":"publish","type":"post","link":"https:\/\/noticiasveraces.com\/?p=39687","title":{"rendered":"Falcao Garc\u00eda envi\u00f3 emotivo mensaje a Andr\u00e9s Llin\u00e1s por su lesi\u00f3n"},"content":{"rendered":"<p> \n<br \/><img decoding=\"async\" src=\"https:\/\/www.futbolred.com\/files\/article_graphic\/files\/crop\/uploads\/2025\/06\/01\/683cea7a39287.r_1345697.0-26-1024-538.jpeg\" \/><\/p>\n<header>\n<h3>Liga betplay<br \/>\n            <\/h3>\n<h1>Falcao Garc\u00eda envi\u00f3 emotivo mensaje a Andr\u00e9s Llin\u00e1s por su lesi\u00f3n<br \/>\n        <\/h1>\n<address>\n            <a>Juan Pablo Ar\u00e9valo<br \/>\n        <\/address>\n<p>        09 de agosto de 2025, 04:43 p. metro.<\/p>\n<\/header>\n<p>El \u2018Tigre\u2019 se acord\u00f3 del que fuera su compa\u00f1ero en Millonarios y reaccion\u00f3 en redes sociales.<\/p>\n<p>El f\u00fatbol colombiano ha estado muy pendiente y solidario con Andr\u00e9s Llin\u00e1s, defensor de Millonarios, quien sufri\u00f3 una lamentable e impactante lesi\u00f3n este viernes 8 de agosto en el partido en el que el embajador empat\u00f3 3-3 contra Deportivo Cali en la jornada 6.<\/p>\n<p>El zaguero bogotano sufri\u00f3 una fractura del cuello de pie de su pierna izquierda, con afectaci\u00f3n en su peron\u00e9; as\u00ed que deber\u00e1 someterse a una cirug\u00eda y tendr\u00e1 una incapacidad de entre 3 y 4 meses por fuera de las canchas.<\/p>\n<p>As\u00ed, ante la mala noticia apareci\u00f3 Radamel Falcao Garc\u00eda, excompa\u00f1ero de Llin\u00e1s hasta hace unas semanas. El \u2018Tigre\u2019 estuvo un a\u00f1o defendiendo al albiazul y reconoci\u00f3 en el \u2018Mono\u2019 a un l\u00edder nato, un canterano que lo da todo por Millonarios.<\/p>\n<p>En sus redes sociales, Falcao envi\u00f3 un emotivo mensaje para Andr\u00e9s Llin\u00e1s y manifestarle todo su respaldo.<\/p>\n<p>\u201cK\u00e1iser, te deseo una pronta recuperaci\u00f3n, estamos contigo\u201d, public\u00f3 Radamel, junto a una foto en la que aparece el \u2018Tigre\u2019 junto a Llin\u00e1s.<\/p>\n<p>Los mensajes no han sobrado para enviarle fuerza y la mejor energ\u00eda al defensor de 28 a\u00f1os.<\/p>\n\n","protected":false},"excerpt":{"rendered":"<p>Liga betplay Falcao Garc\u00eda envi\u00f3 emotivo mensaje a Andr\u00e9s Llin\u00e1s por su lesi\u00f3n Juan Pablo Ar\u00e9valo 09 de agosto de 2025, 04:43 p. metro. El \u2018Tigre\u2019 se acord\u00f3 del que fuera su compa\u00f1ero en Millonarios y reaccion\u00f3 en redes sociales. El f\u00fatbol colombiano ha estado muy pendiente y solidario con Andr\u00e9s Llin\u00e1s, defensor de Millonarios, &hellip;<\/p>\n","protected":false},"author":1,"featured_media":39689,"comment_status":"open","ping_status":"open","sticky":false,"template":"","format":"standard","meta":{"fifu_image_url":"https:\/\/www.futbolred.com\/files\/og_thumbnail\/uploads\/2025\/06\/01\/683cea7a39287.jpeg","fifu_image_alt":"","footnotes":""},"categories":[6],"tags":[],"class_list":["post-39687","post","type-post","status-publish","format-standard","has-post-thumbnail","","category-deportes"],"_links":{"self":[{"href":"https:\/\/noticiasveraces.com\/index.php?rest_route=\/wp\/v2\/posts\/39687","targetHints":{"allow":["GET"]}}],"collection":[{"href":"https:\/\/noticiasveraces.com\/index.php?rest_route=\/wp\/v2\/posts"}],"about":[{"href":"https:\/\/noticiasveraces.com\/index.php?rest_route=\/wp\/v2\/types\/post"}],"author":[{"embeddable":true,"href":"https:\/\/noticiasveraces.com\/index.php?rest_route=\/wp\/v2\/users\/1"}],"replies":[{"embeddable":true,"href":"https:\/\/noticiasveraces.com\/index.php?rest_route=%2Fwp%2Fv2%2Fcomments&post=39687"}],"version-history":[{"count":0,"href":"https:\/\/noticiasveraces.com\/index.php?rest_route=\/wp\/v2\/posts\/39687\/revisions"}],"wp:featuredmedia":[{"embeddable":true,"href":"https:\/\/noticiasveraces.com\/index.php?rest_route=\/wp\/v2\/media\/39689"}],"wp:attachment":[{"href":"https:\/\/noticiasveraces.com\/index.php?rest_route=%2Fwp%2Fv2%2Fmedia&parent=39687"}],"wp:term":[{"taxonomy":"category","embeddable":true,"href":"https:\/\/noticiasveraces.com\/index.php?rest_route=%2Fwp%2Fv2%2Fcategories&post=39687"},{"taxonomy":"post_tag","embeddable":true,"href":"https:\/\/noticiasveraces.com\/index.php?rest_route=%2Fwp%2Fv2%2Ftags&post=39687"}],"curies":[{"name":"wp","href":"https:\/\/api.w.org\/{rel}","templated":true}]}}