{"id":39674,"date":"2025-08-09T18:54:11","date_gmt":"2025-08-09T22:54:11","guid":{"rendered":"https:\/\/noticiasveraces.com\/?p=39674"},"modified":"2025-08-09T18:54:11","modified_gmt":"2025-08-09T22:54:11","slug":"la-historica-mezquita-de-cordoba-reabre-tras-incendio-dw-09-08-2025","status":"publish","type":"post","link":"https:\/\/noticiasveraces.com\/?p=39674","title":{"rendered":"La hist\u00f3rica mezquita de C\u00f3rdoba reabre tras incendio \u2013 DW \u2013 09\/08\/2025"},"content":{"rendered":"<p> \n<\/p>\n<div data-tracking-name=\"rich-text\" data-tracking-skip=\"true\">\n<p>La famosa mezquita-catedral de C\u00f3rdoba, en el sur de Espa\u00f1a, reabri\u00f3 al p\u00fablico este s\u00e1bado (09.08.2025), un d\u00eda despu\u00e9s de que se viera afectada por un incendio que fue r\u00e1pidamente controlado por los bomberos, inform\u00f3 un portavoz.<\/p>\n<p>El lugar, un monumento declarado Patrimonio de la Humanidad por la Unesco y visitado por m\u00e1s de dos millones de personas, abri\u00f3 sus puertas a las 10:00 y cerrar\u00e1 a las 19:00, en su horario habitual, con solo la zona donde se produjo el incendio cerrada al p\u00fablico, inform\u00f3 el vocero por tel\u00e9fono a AFP.<\/p>\n<h2>Un techo derrumbado<\/h2>\n<p>Seg\u00fan destaca la prensa espa\u00f1ola, el techo de la capilla afectada, utilizada como almac\u00e9n, colaps\u00f3 hoy. \u00abEsa capilla no tiene ning\u00fan valor patrimonial\u00bb, declar\u00f3 a El Pa\u00eds el can\u00f3nigo del Cabildo que gestiona el edificio, Jos\u00e9 Juan Jim\u00e9nes G\u00fceto. El alcalde de la ciudad, Jos\u00e9 Mar\u00eda Bellido, ya adelant\u00f3, en declaraciones recogidas por el diario ABC, que aunque el fuego \u00abno va a ser una cat\u00e1strofe\u00bb, s\u00ed que \u00abha habido da\u00f1os\u00bb.<\/p>\n<p>El incendio se declar\u00f3 el viernes poco despu\u00e9s de las 21:00 en una capilla de la mezquita, reconvertida en templo cristiano tras la conquista cristiana de la ciudad en el siglo XIII. Apenas hab\u00eda empezado el incendio y ya circulaban numerosos videos en redes sociales mostrando el fuego alz\u00e1ndose por encima de una parte de los muros del templo, en escenas que recordaron al inicio del incendio que arras\u00f3 la catedral de Notre-Dame en Par\u00eds en 2019, reabierta en diciembre pasado, y que hicieron temer un desenlace similar.<\/p>\n<p>En 2001, un peque\u00f1o incendio ya hab\u00eda da\u00f1ado el monumento y, en particular, veinticinco documentos antiguos que se encontraban en la sala de archivos de los consejos de la catedral. Desde 2017 el monumento tiene un protocolo de prevenci\u00f3n y emergencias contra incendios.<\/p>\n<p>LGC (AFP, ABC)<\/p>\n<\/div>\n\n","protected":false},"excerpt":{"rendered":"<p>La famosa mezquita-catedral de C\u00f3rdoba, en el sur de Espa\u00f1a, reabri\u00f3 al p\u00fablico este s\u00e1bado (09.08.2025), un d\u00eda despu\u00e9s de que se viera afectada por un incendio que fue r\u00e1pidamente controlado por los bomberos, inform\u00f3 un portavoz. El lugar, un monumento declarado Patrimonio de la Humanidad por la Unesco y visitado por m\u00e1s de dos &hellip;<\/p>\n","protected":false},"author":1,"featured_media":39675,"comment_status":"open","ping_status":"open","sticky":false,"template":"","format":"standard","meta":{"fifu_image_url":"https:\/\/static.dw.com\/image\/73583055_6.jpg","fifu_image_alt":"","footnotes":""},"categories":[13],"tags":[],"class_list":["post-39674","post","type-post","status-publish","format-standard","has-post-thumbnail","","category-mundo"],"_links":{"self":[{"href":"https:\/\/noticiasveraces.com\/index.php?rest_route=\/wp\/v2\/posts\/39674","targetHints":{"allow":["GET"]}}],"collection":[{"href":"https:\/\/noticiasveraces.com\/index.php?rest_route=\/wp\/v2\/posts"}],"about":[{"href":"https:\/\/noticiasveraces.com\/index.php?rest_route=\/wp\/v2\/types\/post"}],"author":[{"embeddable":true,"href":"https:\/\/noticiasveraces.com\/index.php?rest_route=\/wp\/v2\/users\/1"}],"replies":[{"embeddable":true,"href":"https:\/\/noticiasveraces.com\/index.php?rest_route=%2Fwp%2Fv2%2Fcomments&post=39674"}],"version-history":[{"count":0,"href":"https:\/\/noticiasveraces.com\/index.php?rest_route=\/wp\/v2\/posts\/39674\/revisions"}],"wp:featuredmedia":[{"embeddable":true,"href":"https:\/\/noticiasveraces.com\/index.php?rest_route=\/wp\/v2\/media\/39675"}],"wp:attachment":[{"href":"https:\/\/noticiasveraces.com\/index.php?rest_route=%2Fwp%2Fv2%2Fmedia&parent=39674"}],"wp:term":[{"taxonomy":"category","embeddable":true,"href":"https:\/\/noticiasveraces.com\/index.php?rest_route=%2Fwp%2Fv2%2Fcategories&post=39674"},{"taxonomy":"post_tag","embeddable":true,"href":"https:\/\/noticiasveraces.com\/index.php?rest_route=%2Fwp%2Fv2%2Ftags&post=39674"}],"curies":[{"name":"wp","href":"https:\/\/api.w.org\/{rel}","templated":true}]}}