{"id":39663,"date":"2025-08-09T16:52:25","date_gmt":"2025-08-09T20:52:25","guid":{"rendered":"https:\/\/noticiasveraces.com\/?p=39663"},"modified":"2025-08-09T16:52:25","modified_gmt":"2025-08-09T20:52:25","slug":"bolivia-ocho-aspirantes-en-carrera-hacia-la-presidencia-quienes-destacan-y-que-proponen","status":"publish","type":"post","link":"https:\/\/noticiasveraces.com\/?p=39663","title":{"rendered":"Bolivia: ocho aspirantes en carrera hacia la presidencia, \u00bfqui\u00e9nes destacan y qu\u00e9 proponen?"},"content":{"rendered":"<p> \n<br \/><img decoding=\"async\" src=\"https:\/\/s.france24.com\/media\/display\/c62a8a78-7536-11f0-aa3c-005056a90284\/w:1024\/p:16x9\/2025-08-08T203836Z-466283957-RC243GATC74H-RTRMADP-3-BOLIVIA-ELECTION.jpg\" \/><br \/>Ocho candidatos se disputar\u00e1n la presidencia de Bolivia el pr\u00f3ximo 17 de agosto. La lista oficial, que en un inicio inclu\u00eda 10 nombres, qued\u00f3 reducida tras la renuncia de dos postulantes y est\u00e1 marcada por la exclusi\u00f3n de Evo Morales, que provoc\u00f3 bloqueos y amenazas de sus seguidores. En su ausencia, \u00bfqui\u00e9nes encabezan la carrera y qu\u00e9 proponen? \u00bfSe acerca Bolivia al fin de dos d\u00e9cadas de hegemon\u00eda socialista? France 24 se lo cuenta.<br \/>\n<br \/>\n","protected":false},"excerpt":{"rendered":"<p>Ocho candidatos se disputar\u00e1n la presidencia de Bolivia el pr\u00f3ximo 17 de agosto. La lista oficial, que en un inicio inclu\u00eda 10 nombres, qued\u00f3 reducida tras la renuncia de dos postulantes y est\u00e1 marcada por la exclusi\u00f3n de Evo Morales, que provoc\u00f3 bloqueos y amenazas de sus seguidores. En su ausencia, \u00bfqui\u00e9nes encabezan la carrera &hellip;<\/p>\n","protected":false},"author":1,"featured_media":39665,"comment_status":"open","ping_status":"open","sticky":false,"template":"","format":"standard","meta":{"fifu_image_url":"https:\/\/s.france24.com\/media\/display\/c62a8a78-7536-11f0-aa3c-005056a90284\/w:1024\/p:16x9\/2025-08-08T203836Z-466283957-RC243GATC74H-RTRMADP-3-BOLIVIA-ELECTION.jpg","fifu_image_alt":"","footnotes":""},"categories":[13],"tags":[],"class_list":["post-39663","post","type-post","status-publish","format-standard","has-post-thumbnail","","category-mundo"],"_links":{"self":[{"href":"https:\/\/noticiasveraces.com\/index.php?rest_route=\/wp\/v2\/posts\/39663","targetHints":{"allow":["GET"]}}],"collection":[{"href":"https:\/\/noticiasveraces.com\/index.php?rest_route=\/wp\/v2\/posts"}],"about":[{"href":"https:\/\/noticiasveraces.com\/index.php?rest_route=\/wp\/v2\/types\/post"}],"author":[{"embeddable":true,"href":"https:\/\/noticiasveraces.com\/index.php?rest_route=\/wp\/v2\/users\/1"}],"replies":[{"embeddable":true,"href":"https:\/\/noticiasveraces.com\/index.php?rest_route=%2Fwp%2Fv2%2Fcomments&post=39663"}],"version-history":[{"count":0,"href":"https:\/\/noticiasveraces.com\/index.php?rest_route=\/wp\/v2\/posts\/39663\/revisions"}],"wp:featuredmedia":[{"embeddable":true,"href":"https:\/\/noticiasveraces.com\/index.php?rest_route=\/wp\/v2\/media\/39665"}],"wp:attachment":[{"href":"https:\/\/noticiasveraces.com\/index.php?rest_route=%2Fwp%2Fv2%2Fmedia&parent=39663"}],"wp:term":[{"taxonomy":"category","embeddable":true,"href":"https:\/\/noticiasveraces.com\/index.php?rest_route=%2Fwp%2Fv2%2Fcategories&post=39663"},{"taxonomy":"post_tag","embeddable":true,"href":"https:\/\/noticiasveraces.com\/index.php?rest_route=%2Fwp%2Fv2%2Ftags&post=39663"}],"curies":[{"name":"wp","href":"https:\/\/api.w.org\/{rel}","templated":true}]}}