{"id":39661,"date":"2025-08-09T15:50:24","date_gmt":"2025-08-09T19:50:24","guid":{"rendered":"https:\/\/noticiasveraces.com\/?p=39661"},"modified":"2025-08-09T15:50:24","modified_gmt":"2025-08-09T19:50:24","slug":"futuro-de-ucrania-no-se-decide-sin-los-ucranianos-dw-09-08-2025","status":"publish","type":"post","link":"https:\/\/noticiasveraces.com\/?p=39661","title":{"rendered":"Futuro de Ucrania no se decide sin los ucranianos \u2013 DW \u2013 09\/08\/2025"},"content":{"rendered":"<p> \n<\/p>\n<div data-tracking-name=\"rich-text\" data-tracking-skip=\"true\">\n<p>El presidente de Francia, Emmanuel Macron, mantuvo este s\u00e1bado (09.08.2025) una conversaci\u00f3n con su hom\u00f3logo ucraniano, Volodimir Zelenski, tras la cual asegur\u00f3 que \u00abel futuro de Ucrania no puede decidirse sin los ucranianos\u00bb, en respuesta a la reuni\u00f3n que mantendr\u00e1n el presidente de Estados Unidos y el l\u00edder de Rusia el pr\u00f3ximo 15 de agosto en Alaska, sin la participaci\u00f3n de Kiev.<\/p>\n<p>\u00abEl futuro de Ucrania no puede decidirse sin los ucranianos que luchan por su libertad y su seguridad desde hace casi tres a\u00f1os. Los europeos tambi\u00e9n obligatoriamente son parte de la soluci\u00f3n porque de ello depende su seguridad\u00bb, asegur\u00f3 en la red social X (Twitter) Macron, que tambi\u00e9n mantuvo contactos con los jefes de Gobierno de Alemania, Friedrich Merz, y Reino Unido, Keir Starmer.<\/p>\n<p>Estas conversaciones se producen despu\u00e9s de que Washington y Mosc\u00fa anunciaran un encuentro entre Donald Trump y Vladimir Putin el pr\u00f3ximo viernes en Alaska para avanzar sobre un acuerdo de paz sobre Ucrania que Zelenski se ha apresurado a decir que no aceptar\u00e1 si conlleva cesiones territoriales, como desliz\u00f3 el viernes Trump al se\u00f1alar que para alcanzar la paz tendr\u00eda que haber intercambios territoriales.<\/p>\n<h2>Soberan\u00eda e independencia<\/h2>\n<p>Emmanuel Macron reiter\u00f3 que Europa debe \u00abtrabajar con un esp\u00edritu de unidad apoy\u00e1ndose en las labores lanzadas en el marco de la &#8216;coalici\u00f3n de voluntarios'\u00bb que \u00e9l mismo impuls\u00f3 hace unos meses para preparar la vigilancia de un eventual acuerdo de paz. \u00abSeguir\u00e9 coordin\u00e1ndome estrechamente con el presidente Zelenski y con nuestros socios europeos\u00bb, se\u00f1al\u00f3 el presidente franc\u00e9s.<\/p>\n<p>El presidente del Gobierno espa\u00f1ol, Pedro S\u00e1nchez, tambi\u00e9n mantuvo una conversaci\u00f3n con Zelenski en la que le expres\u00f3 su \u00abpleno apoyo\u00bb y abog\u00f3 por \u00abuna paz justa y duradera que respete la independencia y la soberan\u00eda de Ucrania\u00bb.<\/p>\n<p>Seg\u00fan el diario <em>The Wall Street Journal<\/em>Putin busca obtener el control total de las regiones ucranianas de Donetsk y Lugansk, adem\u00e1s de la Crimea ucraniana ocupada ilegalmente desde 2014, como condiciones para poner t\u00e9rmino a su agresi\u00f3n. Esto es firmemente rechazado por Volodimir Zelenski, que aboga por el respeto de las fronteras ucranianas y, por ende, por la retirada de los invasores.<\/p>\n<p>DZC (EFE, AFP, DPA)<\/p>\n<\/div>\n\n","protected":false},"excerpt":{"rendered":"<p>El presidente de Francia, Emmanuel Macron, mantuvo este s\u00e1bado (09.08.2025) una conversaci\u00f3n con su hom\u00f3logo ucraniano, Volodimir Zelenski, tras la cual asegur\u00f3 que \u00abel futuro de Ucrania no puede decidirse sin los ucranianos\u00bb, en respuesta a la reuni\u00f3n que mantendr\u00e1n el presidente de Estados Unidos y el l\u00edder de Rusia el pr\u00f3ximo 15 de agosto &hellip;<\/p>\n","protected":false},"author":1,"featured_media":39662,"comment_status":"open","ping_status":"open","sticky":false,"template":"","format":"standard","meta":{"fifu_image_url":"https:\/\/static.dw.com\/image\/73059785_6.jpg","fifu_image_alt":"","footnotes":""},"categories":[13],"tags":[],"class_list":["post-39661","post","type-post","status-publish","format-standard","has-post-thumbnail","","category-mundo"],"_links":{"self":[{"href":"https:\/\/noticiasveraces.com\/index.php?rest_route=\/wp\/v2\/posts\/39661","targetHints":{"allow":["GET"]}}],"collection":[{"href":"https:\/\/noticiasveraces.com\/index.php?rest_route=\/wp\/v2\/posts"}],"about":[{"href":"https:\/\/noticiasveraces.com\/index.php?rest_route=\/wp\/v2\/types\/post"}],"author":[{"embeddable":true,"href":"https:\/\/noticiasveraces.com\/index.php?rest_route=\/wp\/v2\/users\/1"}],"replies":[{"embeddable":true,"href":"https:\/\/noticiasveraces.com\/index.php?rest_route=%2Fwp%2Fv2%2Fcomments&post=39661"}],"version-history":[{"count":0,"href":"https:\/\/noticiasveraces.com\/index.php?rest_route=\/wp\/v2\/posts\/39661\/revisions"}],"wp:featuredmedia":[{"embeddable":true,"href":"https:\/\/noticiasveraces.com\/index.php?rest_route=\/wp\/v2\/media\/39662"}],"wp:attachment":[{"href":"https:\/\/noticiasveraces.com\/index.php?rest_route=%2Fwp%2Fv2%2Fmedia&parent=39661"}],"wp:term":[{"taxonomy":"category","embeddable":true,"href":"https:\/\/noticiasveraces.com\/index.php?rest_route=%2Fwp%2Fv2%2Fcategories&post=39661"},{"taxonomy":"post_tag","embeddable":true,"href":"https:\/\/noticiasveraces.com\/index.php?rest_route=%2Fwp%2Fv2%2Ftags&post=39661"}],"curies":[{"name":"wp","href":"https:\/\/api.w.org\/{rel}","templated":true}]}}