{"id":39656,"date":"2025-08-09T13:47:01","date_gmt":"2025-08-09T17:47:01","guid":{"rendered":"https:\/\/noticiasveraces.com\/?p=39656"},"modified":"2025-08-09T13:47:01","modified_gmt":"2025-08-09T17:47:01","slug":"en-que-consiste-el-conflicto-territorial-entre-peru-y-colombia-por-la-isla-santa-rosa","status":"publish","type":"post","link":"https:\/\/noticiasveraces.com\/?p=39656","title":{"rendered":"\u00bfEn qu\u00e9 consiste el conflicto territorial entre Per\u00fa y Colombia por la isla Santa Rosa?"},"content":{"rendered":"<p> \n<br \/><img decoding=\"async\" src=\"https:\/\/s.france24.com\/media\/display\/997ba972-74b8-11f0-a259-005056a90284\/w:1024\/p:16x9\/126831929ea8ebfd34253dd255bb030a2b6e1fcd.jpg\" \/><br \/>Los Gobiernos de Per\u00fa y Colombia se encuentran enfrascados en una disputa territorial sobre un terreno en medio del r\u00edo Amazonas. Lima reclama como propia a la isla de Santa Rosa, mientras que Bogot\u00e1 argumenta que una comisi\u00f3n binacional deber\u00eda decidir qu\u00e9 pa\u00eds es el verdadero due\u00f1o de la localidad. Un nuevo cap\u00edtulo de las\u00a0desavenencias entre Gustavo Petro y Dina Boluarte.<br \/>\n<br \/>\n","protected":false},"excerpt":{"rendered":"<p>Los Gobiernos de Per\u00fa y Colombia se encuentran enfrascados en una disputa territorial sobre un terreno en medio del r\u00edo Amazonas. Lima reclama como propia a la isla de Santa Rosa, mientras que Bogot\u00e1 argumenta que una comisi\u00f3n binacional deber\u00eda decidir qu\u00e9 pa\u00eds es el verdadero due\u00f1o de la localidad. Un nuevo cap\u00edtulo de las\u00a0desavenencias &hellip;<\/p>\n","protected":false},"author":1,"featured_media":39657,"comment_status":"open","ping_status":"open","sticky":false,"template":"","format":"standard","meta":{"fifu_image_url":"https:\/\/s.france24.com\/media\/display\/997ba972-74b8-11f0-a259-005056a90284\/w:1024\/p:16x9\/126831929ea8ebfd34253dd255bb030a2b6e1fcd.jpg","fifu_image_alt":"","footnotes":""},"categories":[13],"tags":[],"class_list":["post-39656","post","type-post","status-publish","format-standard","has-post-thumbnail","","category-mundo"],"_links":{"self":[{"href":"https:\/\/noticiasveraces.com\/index.php?rest_route=\/wp\/v2\/posts\/39656","targetHints":{"allow":["GET"]}}],"collection":[{"href":"https:\/\/noticiasveraces.com\/index.php?rest_route=\/wp\/v2\/posts"}],"about":[{"href":"https:\/\/noticiasveraces.com\/index.php?rest_route=\/wp\/v2\/types\/post"}],"author":[{"embeddable":true,"href":"https:\/\/noticiasveraces.com\/index.php?rest_route=\/wp\/v2\/users\/1"}],"replies":[{"embeddable":true,"href":"https:\/\/noticiasveraces.com\/index.php?rest_route=%2Fwp%2Fv2%2Fcomments&post=39656"}],"version-history":[{"count":0,"href":"https:\/\/noticiasveraces.com\/index.php?rest_route=\/wp\/v2\/posts\/39656\/revisions"}],"wp:featuredmedia":[{"embeddable":true,"href":"https:\/\/noticiasveraces.com\/index.php?rest_route=\/wp\/v2\/media\/39657"}],"wp:attachment":[{"href":"https:\/\/noticiasveraces.com\/index.php?rest_route=%2Fwp%2Fv2%2Fmedia&parent=39656"}],"wp:term":[{"taxonomy":"category","embeddable":true,"href":"https:\/\/noticiasveraces.com\/index.php?rest_route=%2Fwp%2Fv2%2Fcategories&post=39656"},{"taxonomy":"post_tag","embeddable":true,"href":"https:\/\/noticiasveraces.com\/index.php?rest_route=%2Fwp%2Fv2%2Ftags&post=39656"}],"curies":[{"name":"wp","href":"https:\/\/api.w.org\/{rel}","templated":true}]}}