{"id":39653,"date":"2025-08-09T13:20:12","date_gmt":"2025-08-09T17:20:12","guid":{"rendered":"https:\/\/noticiasveraces.com\/?p=39653"},"modified":"2025-08-09T13:20:12","modified_gmt":"2025-08-09T17:20:12","slug":"river-plate-firmo-acuerdo-con-emblematica-empresa-colombiana","status":"publish","type":"post","link":"https:\/\/noticiasveraces.com\/?p=39653","title":{"rendered":"River Plate firm\u00f3 acuerdo con emblem\u00e1tica empresa colombiana"},"content":{"rendered":"<p> \n<br \/><img decoding=\"async\" src=\"https:\/\/www.futbolred.com\/files\/article_graphic\/uploads\/2025\/07\/13\/68746886ef52e.jpeg\" \/><\/p>\n<header>\n<h3>Curiosidades de f\u00fatbol<br \/>\n            <\/h3>\n<h1>River Plate firm\u00f3 acuerdo con emblem\u00e1tica empresa colombiana<br \/>\n        <\/h1>\n<address>\n            <a>Andres Julian Abril Gomez<br \/>\n        <\/address>\n<p>        08 de agosto de 2025, 11:53 a. metro.<\/p>\n<\/header>\n<p>El cuadro argentino confirm\u00f3 la llegada de una importante patrocinador al club.<\/p>\n<p><b>Placa de r\u00edo<\/b> firm\u00f3 este viernes un acuerdo de patrocinio con la emblem\u00e1tica empresa colombiana de caf\u00e9,<b> Juan Valdez<\/b> que patrocinar\u00e1 por primera vez a un equipo de f\u00fatbol.  <\/p>\n<p>El anuncio del acuerdo lo hizo Germ\u00e1n Baham\u00f3n Jaramillo, presidente de la Federaci\u00f3n Nacional de Cafeteros en su cuenta de X en donde se ve a los directivos de la empresa y el club en una foto en el estadio Monumental de Buenos Aires.  <\/p>\n<p>\u00abCon orgullo anunciamos que Juan Valdez es ahora el sponsor oficial de River Plate en Argentina. Un paso firme en nuestra expansi\u00f3n en este gran pa\u00eds, que cerrar\u00e1 2025 con 9 tiendas y que en 2026 promete a\u00fan m\u00e1s crecimiento\u201d, mencion\u00f3 Baham\u00f3n.<\/p>\n<p>Y agreg\u00f3 que en el estadio y oficinas del club ahora solo se servir\u00e1 caf\u00e9 colombiano: \u201cA partir de hoy, en el m\u00edtico Estadio Monumental, la casa de River Plate, solo se servir\u00e1 Juan Valdez 100% colombiano, as\u00ed como en sus oficinas, centros de entrenamiento y restaurantes del club\u00bb. <\/p>\n<p>Finalmente, asegur\u00f3 que esta alianza \u201cune el sabor inconfundible del caf\u00e9 colombiano con la pasi\u00f3n inigualable del f\u00fatbol argentino. Ahora, los hinchas de River podr\u00e1n decir: \u201c\u2018Vamos por un caf\u00e9\u2026 Monumental\u2019\u201d.<\/p>\n<p>Por el momento, se desconoce si Juan Valdez estar\u00e1 presente en la camiseta o pantaloneta de River Plate, pero igualmente es un hist\u00f3rico anuncio para la empresa colombiana que se ha expandido a otros mercados desde hace a\u00f1os.<\/p>\n\n","protected":false},"excerpt":{"rendered":"<p>Curiosidades de f\u00fatbol River Plate firm\u00f3 acuerdo con emblem\u00e1tica empresa colombiana Andres Julian Abril Gomez 08 de agosto de 2025, 11:53 a. metro. El cuadro argentino confirm\u00f3 la llegada de una importante patrocinador al club. Placa de r\u00edo firm\u00f3 este viernes un acuerdo de patrocinio con la emblem\u00e1tica empresa colombiana de caf\u00e9, Juan Valdez que &hellip;<\/p>\n","protected":false},"author":1,"featured_media":39655,"comment_status":"open","ping_status":"open","sticky":false,"template":"","format":"standard","meta":{"fifu_image_url":"https:\/\/www.futbolred.com\/files\/og_thumbnail\/uploads\/2025\/07\/13\/68746886ef52e.jpeg","fifu_image_alt":"","footnotes":""},"categories":[6],"tags":[],"class_list":["post-39653","post","type-post","status-publish","format-standard","has-post-thumbnail","","category-deportes"],"_links":{"self":[{"href":"https:\/\/noticiasveraces.com\/index.php?rest_route=\/wp\/v2\/posts\/39653","targetHints":{"allow":["GET"]}}],"collection":[{"href":"https:\/\/noticiasveraces.com\/index.php?rest_route=\/wp\/v2\/posts"}],"about":[{"href":"https:\/\/noticiasveraces.com\/index.php?rest_route=\/wp\/v2\/types\/post"}],"author":[{"embeddable":true,"href":"https:\/\/noticiasveraces.com\/index.php?rest_route=\/wp\/v2\/users\/1"}],"replies":[{"embeddable":true,"href":"https:\/\/noticiasveraces.com\/index.php?rest_route=%2Fwp%2Fv2%2Fcomments&post=39653"}],"version-history":[{"count":0,"href":"https:\/\/noticiasveraces.com\/index.php?rest_route=\/wp\/v2\/posts\/39653\/revisions"}],"wp:featuredmedia":[{"embeddable":true,"href":"https:\/\/noticiasveraces.com\/index.php?rest_route=\/wp\/v2\/media\/39655"}],"wp:attachment":[{"href":"https:\/\/noticiasveraces.com\/index.php?rest_route=%2Fwp%2Fv2%2Fmedia&parent=39653"}],"wp:term":[{"taxonomy":"category","embeddable":true,"href":"https:\/\/noticiasveraces.com\/index.php?rest_route=%2Fwp%2Fv2%2Fcategories&post=39653"},{"taxonomy":"post_tag","embeddable":true,"href":"https:\/\/noticiasveraces.com\/index.php?rest_route=%2Fwp%2Fv2%2Ftags&post=39653"}],"curies":[{"name":"wp","href":"https:\/\/api.w.org\/{rel}","templated":true}]}}