{"id":39619,"date":"2025-08-09T07:39:06","date_gmt":"2025-08-09T11:39:06","guid":{"rendered":"https:\/\/noticiasveraces.com\/?p=39619"},"modified":"2025-08-09T07:39:06","modified_gmt":"2025-08-09T11:39:06","slug":"ola-de-calor-enciende-las-alarmas-en-el-sur-de-francia-dw-09-08-2025","status":"publish","type":"post","link":"https:\/\/noticiasveraces.com\/?p=39619","title":{"rendered":"Ola de calor enciende las alarmas en el sur de Francia \u2013 DW \u2013 09\/08\/2025"},"content":{"rendered":"<p> \n<\/p>\n<div data-tracking-name=\"rich-text\" data-tracking-skip=\"true\">\n<p>Hasta 28 departamentos del sur de Francia se encuentran este s\u00e1bado (09.08.2025) en vigilancia naranja por la ola de calor, la segunda que azota el pa\u00eds en lo que va de verano, que se intensificar\u00e1 el domingo y que se espera que dure al menos hasta la\u00a0mitad de la semana pr\u00f3xima.<\/p>\n<p>Toda la mitad sur del pa\u00eds est\u00e1 en esa situaci\u00f3n con excepci\u00f3n de los departamentos costeros, tanto los del \u00e1rea mediterr\u00e1nea como los de la atl\u00e1ntica, que est\u00e1n en vigilancia amarilla, mientras que en la mitad norte la situaci\u00f3n es normal. Esta ola de calor va acompa\u00f1ada de un alto riesgo de incendios forestales. El jueves por la noche ya se control\u00f3 uno de magnitud excepcional en el departamento de Aude, que arras\u00f3 m\u00e1s de 16.000 hect\u00e1reasy se cobr\u00f3 la vida de una persona.<\/p>\n<p>En los puntos afectados se espera que los term\u00f3metros superen los 40 grados cent\u00edgrados, que se alcanzar\u00e1n en el valle del R\u00f3dano, altas temperaturas que ya comenzaron a sentirse ayer viernes. En el sureste las m\u00ednimas de la pr\u00f3xima noche no bajar\u00e1n de 20 grados y en algunos puntos se espera que se sit\u00faen en los 25.<\/p>\n<h2>Olas de calor m\u00e1s frecuentes<\/h2>\n<p>La situaci\u00f3n ser\u00e1 m\u00e1s complicada el domingo, cuando la alerta naranja se extender\u00e1 a 40 departamentos, toda la mitad sur del pa\u00eds, incluidos los costeros, aunque C\u00f3rcega seguir\u00e1 al margen. El m\u00e1ximo de calor est\u00e1 previsto el lunes, cuando incluso en Par\u00eds se espera que las temperaturas rocen los 40 grados, algo por debajo de la anterior ola de calor.<\/p>\n<p>Tras esa primera ola de calor del 19 de junio al 4 de julio, al que sigu\u00f3 un incendio forestal junto a Marsella, este episodio constituye la 51\u00aa ola de calor registrada en Francia desde 1947. \u00abObservamos una aceleraci\u00f3n en la llegada de las olas de calor. Esta tendencia est\u00e1 claramente relacionada con el cambio clim\u00e1tico, que tiene un fuerte impacto en las temperaturas en Francia continental\u00bb, declar\u00f3 a AFP Lauriane Batt\u00e9, climat\u00f3loga de M\u00e9t\u00e9o-France.<\/p>\n<p>LGC (EFE, AFP)<\/p>\n<\/div>\n\n","protected":false},"excerpt":{"rendered":"<p>Hasta 28 departamentos del sur de Francia se encuentran este s\u00e1bado (09.08.2025) en vigilancia naranja por la ola de calor, la segunda que azota el pa\u00eds en lo que va de verano, que se intensificar\u00e1 el domingo y que se espera que dure al menos hasta la\u00a0mitad de la semana pr\u00f3xima. Toda la mitad sur &hellip;<\/p>\n","protected":false},"author":1,"featured_media":39620,"comment_status":"open","ping_status":"open","sticky":false,"template":"","format":"standard","meta":{"fifu_image_url":"https:\/\/static.dw.com\/image\/73555642_6.jpg","fifu_image_alt":"","footnotes":""},"categories":[13],"tags":[],"class_list":["post-39619","post","type-post","status-publish","format-standard","has-post-thumbnail","","category-mundo"],"_links":{"self":[{"href":"https:\/\/noticiasveraces.com\/index.php?rest_route=\/wp\/v2\/posts\/39619","targetHints":{"allow":["GET"]}}],"collection":[{"href":"https:\/\/noticiasveraces.com\/index.php?rest_route=\/wp\/v2\/posts"}],"about":[{"href":"https:\/\/noticiasveraces.com\/index.php?rest_route=\/wp\/v2\/types\/post"}],"author":[{"embeddable":true,"href":"https:\/\/noticiasveraces.com\/index.php?rest_route=\/wp\/v2\/users\/1"}],"replies":[{"embeddable":true,"href":"https:\/\/noticiasveraces.com\/index.php?rest_route=%2Fwp%2Fv2%2Fcomments&post=39619"}],"version-history":[{"count":0,"href":"https:\/\/noticiasveraces.com\/index.php?rest_route=\/wp\/v2\/posts\/39619\/revisions"}],"wp:featuredmedia":[{"embeddable":true,"href":"https:\/\/noticiasveraces.com\/index.php?rest_route=\/wp\/v2\/media\/39620"}],"wp:attachment":[{"href":"https:\/\/noticiasveraces.com\/index.php?rest_route=%2Fwp%2Fv2%2Fmedia&parent=39619"}],"wp:term":[{"taxonomy":"category","embeddable":true,"href":"https:\/\/noticiasveraces.com\/index.php?rest_route=%2Fwp%2Fv2%2Fcategories&post=39619"},{"taxonomy":"post_tag","embeddable":true,"href":"https:\/\/noticiasveraces.com\/index.php?rest_route=%2Fwp%2Fv2%2Ftags&post=39619"}],"curies":[{"name":"wp","href":"https:\/\/api.w.org\/{rel}","templated":true}]}}