{"id":39603,"date":"2025-08-09T06:38:08","date_gmt":"2025-08-09T10:38:08","guid":{"rendered":"https:\/\/noticiasveraces.com\/?p=39603"},"modified":"2025-08-09T06:38:08","modified_gmt":"2025-08-09T10:38:08","slug":"los-expertos-cuestionan-el-impacto-del-reconocimiento-del-estado-palestino-en-la-paz-de-gaza","status":"publish","type":"post","link":"https:\/\/noticiasveraces.com\/?p=39603","title":{"rendered":"Los expertos cuestionan el impacto del reconocimiento del estado palestino en la paz de Gaza"},"content":{"rendered":"<p> \n<\/p>\n<div>\n<div id=\"beyondwords-wrapper\" class=\"beyondwords-wrapper\">\n<p><span class=\"label-bg\">NUEVO<\/span>\u00a1Ahora puedes escuchar art\u00edculos de Fox News!\n  <\/p>\n<\/div>\n<p class=\"speakable\">En medio de una gran cantidad de titulares mundiales recientes que declaran una hambruna total en la Franja de Gaza, los l\u00edderes de Francia, Gran Breta\u00f1a y Canad\u00e1, as\u00ed como algunos otros pa\u00edses, declararon sus intenciones de reconocer formalmente a un estado palestino como una forma de terminar la guerra de casi dos a\u00f1os. <\/p>\n<p class=\"speakable\">Sin embargo, los anuncios, una respuesta directa a los titulares globales y las impactantes fotograf\u00edas de los supuestamente hambrientos de ni\u00f1os, pueden convertirse en declaraciones huecas despu\u00e9s de que el gobierno israel\u00ed del viernes dijo que expandir\u00eda la operaci\u00f3n militar en Gaza como la \u00fanica forma de derrotar a Hamas, el grupo terrorista palestino designado cuyo 7 de octubre de 2023, ataque, Attack on the Devasting War y Restore Peace.<\/p>\n<p>El reconocimiento de un estado palestino por un n\u00famero creciente de estados podr\u00eda venir tan pronto como la Asamblea General de las Naciones Unidas del pr\u00f3ximo mes. Sin embargo, con Hamas todav\u00eda presente en Gaza y a\u00fan posee al menos 50 rehenes, y con el otro liderazgo palestino, la autoridad palestina de Cisjordania, d\u00e9bil y corrupto, \u00bfese reconocimiento socavar\u00e1 los esfuerzos para alcanzar una soluci\u00f3n a corto y largo plazo al conflicto intratable de d\u00e9cadas de edad?<\/p>\n<p><strong>Starmer dice que el Reino Unido reconoce el estado palestino si Israel no acepta el fuego, Hamas debe \u00abdesarmar\u00bb<\/strong><\/p>\n<div class=\"image-ct inline\">\n<div class=\"m\"><picture><source media=\"(max-width: 767px)\" srcset=\"https:\/\/a57.foxnews.com\/static.foxnews.com\/foxnews.com\/content\/uploads\/2025\/07\/343\/192\/macron-welcomes-starmer-france-uk-meeting.jpg?ve=1&amp;tl=1, https:\/\/a57.foxnews.com\/static.foxnews.com\/foxnews.com\/content\/uploads\/2025\/07\/686\/384\/macron-welcomes-starmer-france-uk-meeting.jpg?ve=1&amp;tl=1 2x\" height=\"192\" width=\"343\"><source media=\"(min-width: 768px) and (max-width: 1023px)\" srcset=\"https:\/\/a57.foxnews.com\/static.foxnews.com\/foxnews.com\/content\/uploads\/2025\/07\/672\/378\/macron-welcomes-starmer-france-uk-meeting.jpg?ve=1&amp;tl=1, https:\/\/a57.foxnews.com\/static.foxnews.com\/foxnews.com\/content\/uploads\/2025\/07\/1344\/756\/macron-welcomes-starmer-france-uk-meeting.jpg?ve=1&amp;tl=1 2x\" height=\"378\" width=\"672\"><source media=\"(min-width: 1024px) and (max-width: 1279px)\" srcset=\"https:\/\/a57.foxnews.com\/static.foxnews.com\/foxnews.com\/content\/uploads\/2025\/07\/931\/523\/macron-welcomes-starmer-france-uk-meeting.jpg?ve=1&amp;tl=1, https:\/\/a57.foxnews.com\/static.foxnews.com\/foxnews.com\/content\/uploads\/2025\/07\/1862\/1046\/macron-welcomes-starmer-france-uk-meeting.jpg?ve=1&amp;tl=1 2x\" height=\"523\" width=\"931\"><source media=\"(min-width: 1280px)\" srcset=\"https:\/\/a57.foxnews.com\/static.foxnews.com\/foxnews.com\/content\/uploads\/2025\/07\/720\/405\/macron-welcomes-starmer-france-uk-meeting.jpg?ve=1&amp;tl=1, https:\/\/a57.foxnews.com\/static.foxnews.com\/foxnews.com\/content\/uploads\/2025\/07\/1440\/810\/macron-welcomes-starmer-france-uk-meeting.jpg?ve=1&amp;tl=1 2x\" height=\"405\" width=\"720\"><img loading=\"lazy\" decoding=\"async\" src=\"https:\/\/a57.foxnews.com\/static.foxnews.com\/foxnews.com\/content\/uploads\/2025\/07\/1200\/675\/macron-welcomes-starmer-france-uk-meeting.jpg?ve=1&amp;tl=1\" alt=\"El presidente franc\u00e9s, Emmanuel Macron, a la derecha, y el primer ministro brit\u00e1nico Keir Starmer declararon recientemente sus intenciones de reconocer a un estado palestino. Los dos se ven aqu\u00ed durante una reuni\u00f3n sobre la situaci\u00f3n en Ucrania y problemas de seguridad en Europa en Elys\u00e9e Palace el 17 de febrero de 2025 en Par\u00eds. \" width=\"1200\" height=\"675\"\/><\/source><\/source><\/source><\/source><\/picture><\/div>\n<div class=\"info\">\n<div class=\"caption\">\n<p><span>El presidente franc\u00e9s, Emmanuel Macron, a la derecha, y el primer ministro brit\u00e1nico Keir Starmer declararon recientemente sus intenciones de reconocer a un estado palestino. Los dos se ven aqu\u00ed durante una reuni\u00f3n sobre la situaci\u00f3n en Ucrania y problemas de seguridad en Europa en Elys\u00e9e Palace el 17 de febrero de 2025 en Par\u00eds. <\/span> <span>(Tom Nicholson\/Getty Images)<\/span><\/p>\n<\/div>\n<\/div>\n<\/div>\n<p>\u00abSupongo que hay una combinaci\u00f3n de consideraciones aqu\u00ed, algunas relacionadas con la pol\u00edtica exterior, otras con la pol\u00edtica interna, pero la base sigue siendo la creencia ingenua de que un estado palestino es la forma correcta de resolver el conflicto\u00bb, Meir Ben Shabbat, ex asesor de seguridad nacional de Israel que ahora dirige el Instituto Mudajoso para la Seguridad Nacional, dijo Fox News Digital. <\/p>\n<p>Ben Shabbat, quien dirigi\u00f3 el Consejo de Seguridad Nacional de 2017 a 2021, dijo que desde la perspectiva del presidente franc\u00e9s Emmanuel Macron, \u00abla iniciativa en s\u00ed es lo que importa, no su contenido o posibilidades de \u00e9xito\u00bb. <\/p>\n<p>\u00abEs dudoso si ha considerado las consecuencias que esto podr\u00eda tener, incluso dentro del campo palestino\u00bb, dijo Ben Shabat. <\/p>\n<p><strong>La foto err\u00f3nea de la portada de Ny Times de Gazan Child se une a la serie de errores de medios enmarcar historias contra Israel<\/strong><\/p>\n<div class=\"image-ct inline\">\n<div class=\"m\"><picture><source media=\"(max-width: 767px)\" srcset=\"https:\/\/a57.foxnews.com\/static.foxnews.com\/foxnews.com\/content\/uploads\/2025\/07\/343\/192\/hamas.jpg?ve=1&amp;tl=1, https:\/\/a57.foxnews.com\/static.foxnews.com\/foxnews.com\/content\/uploads\/2025\/07\/686\/384\/hamas.jpg?ve=1&amp;tl=1 2x\" height=\"192\" width=\"343\"><source media=\"(min-width: 768px) and (max-width: 1023px)\" srcset=\"https:\/\/a57.foxnews.com\/static.foxnews.com\/foxnews.com\/content\/uploads\/2025\/07\/672\/378\/hamas.jpg?ve=1&amp;tl=1, https:\/\/a57.foxnews.com\/static.foxnews.com\/foxnews.com\/content\/uploads\/2025\/07\/1344\/756\/hamas.jpg?ve=1&amp;tl=1 2x\" height=\"378\" width=\"672\"><source media=\"(min-width: 1024px) and (max-width: 1279px)\" srcset=\"https:\/\/a57.foxnews.com\/static.foxnews.com\/foxnews.com\/content\/uploads\/2025\/07\/931\/523\/hamas.jpg?ve=1&amp;tl=1, https:\/\/a57.foxnews.com\/static.foxnews.com\/foxnews.com\/content\/uploads\/2025\/07\/1862\/1046\/hamas.jpg?ve=1&amp;tl=1 2x\" height=\"523\" width=\"931\"><source media=\"(min-width: 1280px)\" srcset=\"https:\/\/a57.foxnews.com\/static.foxnews.com\/foxnews.com\/content\/uploads\/2025\/07\/720\/405\/hamas.jpg?ve=1&amp;tl=1, https:\/\/a57.foxnews.com\/static.foxnews.com\/foxnews.com\/content\/uploads\/2025\/07\/1440\/810\/hamas.jpg?ve=1&amp;tl=1 2x\" height=\"405\" width=\"720\"><img loading=\"lazy\" decoding=\"async\" src=\"https:\/\/a57.foxnews.com\/static.foxnews.com\/foxnews.com\/content\/uploads\/2025\/07\/1200\/675\/hamas.jpg?ve=1&amp;tl=1\" alt=\"Militantes de Hamas\" width=\"1200\" height=\"675\"\/><\/source><\/source><\/source><\/source><\/picture><\/div>\n<div class=\"info\">\n<div class=\"caption\">\n<p><span>Los terroristas palestinos de Hamas son guardias en Rafah en el sur de Gaza Strip de Gaza el 22 de febrero de 2025, el d\u00eda de una entrega de rehenes en Gaza despu\u00e9s del mortal 7 de octubre de 2023, ataque.<\/span> <span>(Reuters\/Hatem Khaled\/File Photo)<\/span><\/p>\n<\/div>\n<\/div>\n<\/div>\n<p>La semana pasada, Ghazi Hamad, un alto funcionario de la Oficina Pol\u00edtica de Hamas con sede en Qatar, dijo a Qatari News Network Al Jazeera que el reconocimiento internacional de un estado palestino fue \u00abuno de los frutos del ataque del 7 de octubre\u00bb.<\/p>\n<p>\u00ab\u00bfPor qu\u00e9 todos estos pa\u00edses est\u00e1n reconociendo a Palestina ahora?\u00bb Dijo, seg\u00fan una traducci\u00f3n del \u00e1rabe de la organizaci\u00f3n sin fines de lucro Memri. \u00abEl resultado general del 7 de octubre oblig\u00f3 al mundo a abrir sus ojos a la causa palestina y actuar con fuerza a este respecto. (Reconocen ahora) que el pueblo palestino merece la libertad y su propio estado\u00bb.<\/p>\n<p>Los l\u00edderes israel\u00edes han advertido que reconocer un estado palestino en esta coyuntura ser\u00eda una clara recompensa por el terrorismo, y ciertamente har\u00e1 poco para fortalecer la posici\u00f3n, o la popularidad, del presidente de la Autoridad Palestina, Mahmoud Abbas, acusado de corrupci\u00f3n y que se ha negado a ocupar elecciones democr\u00e1ticas durante 20 a\u00f1os.<\/p>\n<p>Es poco probable que el reconocimiento internacional de un estado palestino cambie la realidad en el terreno en Gaza o Cisjordania, los cuales han cambiado f\u00edsica y demogr\u00e1ficamente desde que los planes iniciales para una soluci\u00f3n de dos estados se redactaron como parte de los acuerdos de Oslo hace unos 32 a\u00f1os. <\/p>\n<p>\u00abEn t\u00e9rminos pr\u00e1cticos, los efectos del reconocimiento unilateral son bastante limitados\u00bb, dijo Ben Shabat. \u00abEl reconocimiento no aborda las fronteras y, de hecho, la mayor parte del mundo ya ha reconocido un estado palestino cuando fue aceptado como un estado de observador de la ONU (en 2012)\u00bb.<\/p>\n<p><strong>Hamas Endgame es &#8216;a largo plazo&#8217; y est\u00e1 jugando para que todos vean como Israel empuja m\u00e1s profundamente en Gaza<\/strong><\/p>\n<div class=\"image-ct inline\">\n<div class=\"m\"><picture><source media=\"(max-width: 767px)\" srcset=\"https:\/\/a57.foxnews.com\/static.foxnews.com\/foxnews.com\/content\/uploads\/2023\/10\/343\/192\/Hamas-fighter-3.jpg?ve=1&amp;tl=1, https:\/\/a57.foxnews.com\/static.foxnews.com\/foxnews.com\/content\/uploads\/2023\/10\/686\/384\/Hamas-fighter-3.jpg?ve=1&amp;tl=1 2x\" height=\"192\" width=\"343\"><source media=\"(min-width: 768px) and (max-width: 1023px)\" srcset=\"https:\/\/a57.foxnews.com\/static.foxnews.com\/foxnews.com\/content\/uploads\/2023\/10\/672\/378\/Hamas-fighter-3.jpg?ve=1&amp;tl=1, https:\/\/a57.foxnews.com\/static.foxnews.com\/foxnews.com\/content\/uploads\/2023\/10\/1344\/756\/Hamas-fighter-3.jpg?ve=1&amp;tl=1 2x\" height=\"378\" width=\"672\"><source media=\"(min-width: 1024px) and (max-width: 1279px)\" srcset=\"https:\/\/a57.foxnews.com\/static.foxnews.com\/foxnews.com\/content\/uploads\/2023\/10\/931\/523\/Hamas-fighter-3.jpg?ve=1&amp;tl=1, https:\/\/a57.foxnews.com\/static.foxnews.com\/foxnews.com\/content\/uploads\/2023\/10\/1862\/1046\/Hamas-fighter-3.jpg?ve=1&amp;tl=1 2x\" height=\"523\" width=\"931\"><source media=\"(min-width: 1280px)\" srcset=\"https:\/\/a57.foxnews.com\/static.foxnews.com\/foxnews.com\/content\/uploads\/2023\/10\/720\/405\/Hamas-fighter-3.jpg?ve=1&amp;tl=1, https:\/\/a57.foxnews.com\/static.foxnews.com\/foxnews.com\/content\/uploads\/2023\/10\/1440\/810\/Hamas-fighter-3.jpg?ve=1&amp;tl=1 2x\" height=\"405\" width=\"720\"><img loading=\"lazy\" decoding=\"async\" src=\"https:\/\/a57.foxnews.com\/static.foxnews.com\/foxnews.com\/content\/uploads\/2023\/10\/1200\/675\/Hamas-fighter-3.jpg?ve=1&amp;tl=1\" alt=\"Ataques terroristas de Hamas\" width=\"1200\" height=\"675\"\/><\/source><\/source><\/source><\/source><\/picture><\/div>\n<div class=\"info\">\n<div class=\"caption\">\n<p><span>Los terroristas de Hamas mataron a civiles, incluidas mujeres, ni\u00f1os y ancianos, cuando atacaron a Israel el 7 de octubre. <\/span> <span>(Fuerzas de Defensa de Israel a trav\u00e9s de AP)<\/span><\/p>\n<\/div>\n<\/div>\n<\/div>\n<p>\u00abEl principal impacto de estas declaraciones es psicol\u00f3gico: el impulso que podr\u00edan generar y las bases que establecen para posibles decisiones pr\u00e1cticas futuras\u00bb, dijo.<\/p>\n<p>Gayil Talshir, un polit\u00f3logo y experto en tendencias israel\u00edes y la opini\u00f3n p\u00fablica de la Universidad Hebrea en Jerusal\u00e9n, dijo que los pasos para reconocer a un estado palestino fueron \u00absolo declaraciones vac\u00edas\u00bb que en realidad podr\u00edan terminar \u00abempeorando la situaci\u00f3n\u00bb. <\/p>\n<p>\u00abEs una reacci\u00f3n a las im\u00e1genes en lugar de pensar en la diplomacia y el proceso de c\u00f3mo hacer un cambio real\u00bb, dijo. <\/p>\n<p>Por el contrario, la \u00abDeclaraci\u00f3n de Nueva York\u00bb emitida la semana pasada por la Liga \u00c1rabe, que pidi\u00f3 a Hamas que libere a todos los rehenes, desarme y termine su regla de Gaza forja un camino m\u00e1s prometedor hacia la paz, dijo.<\/p>\n<div class=\"image-ct inline\">\n<div class=\"m\"><picture><source media=\"(max-width: 767px)\" srcset=\"https:\/\/a57.foxnews.com\/static.foxnews.com\/foxnews.com\/content\/uploads\/2023\/07\/343\/192\/GettyImages-1501995873-e1688561633308.jpg?ve=1&amp;tl=1, https:\/\/a57.foxnews.com\/static.foxnews.com\/foxnews.com\/content\/uploads\/2023\/07\/686\/384\/GettyImages-1501995873-e1688561633308.jpg?ve=1&amp;tl=1 2x\" height=\"192\" width=\"343\"><source media=\"(min-width: 768px) and (max-width: 1023px)\" srcset=\"https:\/\/a57.foxnews.com\/static.foxnews.com\/foxnews.com\/content\/uploads\/2023\/07\/672\/378\/GettyImages-1501995873-e1688561633308.jpg?ve=1&amp;tl=1, https:\/\/a57.foxnews.com\/static.foxnews.com\/foxnews.com\/content\/uploads\/2023\/07\/1344\/756\/GettyImages-1501995873-e1688561633308.jpg?ve=1&amp;tl=1 2x\" height=\"378\" width=\"672\"><source media=\"(min-width: 1024px) and (max-width: 1279px)\" srcset=\"https:\/\/a57.foxnews.com\/static.foxnews.com\/foxnews.com\/content\/uploads\/2023\/07\/931\/523\/GettyImages-1501995873-e1688561633308.jpg?ve=1&amp;tl=1, https:\/\/a57.foxnews.com\/static.foxnews.com\/foxnews.com\/content\/uploads\/2023\/07\/1862\/1046\/GettyImages-1501995873-e1688561633308.jpg?ve=1&amp;tl=1 2x\" height=\"523\" width=\"931\"><source media=\"(min-width: 1280px)\" srcset=\"https:\/\/a57.foxnews.com\/static.foxnews.com\/foxnews.com\/content\/uploads\/2023\/07\/720\/405\/GettyImages-1501995873-e1688561633308.jpg?ve=1&amp;tl=1, https:\/\/a57.foxnews.com\/static.foxnews.com\/foxnews.com\/content\/uploads\/2023\/07\/1440\/810\/GettyImages-1501995873-e1688561633308.jpg?ve=1&amp;tl=1 2x\" height=\"405\" width=\"720\"><img loading=\"lazy\" decoding=\"async\" src=\"https:\/\/a57.foxnews.com\/static.foxnews.com\/foxnews.com\/content\/uploads\/2023\/07\/1200\/675\/GettyImages-1501995873-e1688561633308.jpg?ve=1&amp;tl=1\" alt=\"Funeral Palestino\" width=\"1200\" height=\"675\"\/><\/source><\/source><\/source><\/source><\/picture><\/div>\n<div class=\"info\">\n<div class=\"caption\">\n<p><span>Los palestinos marchan durante el funeral de los terroristas palestinos asesinados en enfrentamientos el d\u00eda anterior en la operaci\u00f3n militar israel\u00ed en Jenin en la costera ocupada el 5 de julio de 2023.<\/span> <span>(Profth Ashtiyh\/AFP<\/span><\/p>\n<\/div>\n<\/div>\n<\/div>\n<p>\u00ab\u00bfCu\u00e1l es la imaginaci\u00f3n pol\u00edtica que respalda la declaraci\u00f3n francesa de apoyo a Palestina si no dice que Hamas no deber\u00eda ser parte de tal estado o que la autoridad palestina, que es completamente corrupta, no deber\u00eda ser parte de \u00e9l\u00bb, dijo Talshir. <\/p>\n<p>\u00abUna declaraci\u00f3n puede ser muy justa para Francia y Canad\u00e1 y el resto de estos estados, pero en realidad complica la situaci\u00f3n a\u00fan m\u00e1s y tal vez incluso distancias una opci\u00f3n que podr\u00eda materializarse en el futuro\u00bb, agreg\u00f3. \u00abEn lugar de construir un proceso en el que tenga una supervisi\u00f3n internacional sobre Gaza y tal vez tambi\u00e9n sobre los territorios palestinos ocupados y construya gradualmente capacidades palestinas de autocorre, solo est\u00e1n parados con Hamas contra Israel\u00bb. <\/p>\n<p><strong>Naciones \u00e1rabes para presionar por primera vez a Hamas para desarmar, renunciar al poder en Gaza<\/strong><\/p>\n<div class=\"image-ct inline\">\n<div class=\"m\"><picture><source media=\"(max-width: 767px)\" srcset=\"https:\/\/a57.foxnews.com\/static.foxnews.com\/foxnews.com\/content\/uploads\/2025\/04\/343\/192\/mahmoud-abbas.jpg?ve=1&amp;tl=1, https:\/\/a57.foxnews.com\/static.foxnews.com\/foxnews.com\/content\/uploads\/2025\/04\/686\/384\/mahmoud-abbas.jpg?ve=1&amp;tl=1 2x\" height=\"192\" width=\"343\"><source media=\"(min-width: 768px) and (max-width: 1023px)\" srcset=\"https:\/\/a57.foxnews.com\/static.foxnews.com\/foxnews.com\/content\/uploads\/2025\/04\/672\/378\/mahmoud-abbas.jpg?ve=1&amp;tl=1, https:\/\/a57.foxnews.com\/static.foxnews.com\/foxnews.com\/content\/uploads\/2025\/04\/1344\/756\/mahmoud-abbas.jpg?ve=1&amp;tl=1 2x\" height=\"378\" width=\"672\"><source media=\"(min-width: 1024px) and (max-width: 1279px)\" srcset=\"https:\/\/a57.foxnews.com\/static.foxnews.com\/foxnews.com\/content\/uploads\/2025\/04\/931\/523\/mahmoud-abbas.jpg?ve=1&amp;tl=1, https:\/\/a57.foxnews.com\/static.foxnews.com\/foxnews.com\/content\/uploads\/2025\/04\/1862\/1046\/mahmoud-abbas.jpg?ve=1&amp;tl=1 2x\" height=\"523\" width=\"931\"><source media=\"(min-width: 1280px)\" srcset=\"https:\/\/a57.foxnews.com\/static.foxnews.com\/foxnews.com\/content\/uploads\/2025\/04\/720\/405\/mahmoud-abbas.jpg?ve=1&amp;tl=1, https:\/\/a57.foxnews.com\/static.foxnews.com\/foxnews.com\/content\/uploads\/2025\/04\/1440\/810\/mahmoud-abbas.jpg?ve=1&amp;tl=1 2x\" height=\"405\" width=\"720\"><img loading=\"lazy\" decoding=\"async\" src=\"https:\/\/a57.foxnews.com\/static.foxnews.com\/foxnews.com\/content\/uploads\/2025\/04\/1200\/675\/mahmoud-abbas.jpg?ve=1&amp;tl=1\" alt=\"Presidente de la Autoridad Palestina Mahmoud Abbas\" width=\"1200\" height=\"675\"\/><\/source><\/source><\/source><\/source><\/picture><\/div>\n<div class=\"info\">\n<div class=\"caption\">\n<p><span>El presidente de la Autoridad Palestina, Mahmoud Abbas, en una reuni\u00f3n de liderazgo en Ramallah, en la orilla oeste, el 23 de abril de 2025. <\/span> <span>(Reuters\/Mohammed Torokman)<\/span><\/p>\n<\/div>\n<\/div>\n<\/div>\n<p>Entre algunos palestinos, tambi\u00e9n, la idea de la condici\u00f3n de estado, aunque bienvenida, se siente lejos del alcance. <\/p>\n<p>\u00abPr\u00e1cticamente hablando, no puedo ver que esto suceda pronto. Tiene que suceder a trav\u00e9s de negociaciones a largo plazo\u00bb, dijo Huda Abu Arqoub, una activista palestina de construcci\u00f3n de la paz, refiri\u00e9ndose a la idea de que un estado palestino cobre vida.<\/p>\n<p>\u00abPara los palestinos que observan lo que est\u00e1 sucediendo en Gaza, algo dentro de nosotros ha muerto. Y con ese tipo de desesperaci\u00f3n, simplemente no tenemos el lujo en este momento para pensar en el d\u00eda despu\u00e9s o en una soluci\u00f3n de dos estados.<\/p>\n<p><strong><u>Haga clic aqu\u00ed para obtener la aplicaci\u00f3n Fox News<\/u><\/strong><\/p>\n<p>\u00abUna vez que esta guerra est\u00e1 fuera de escena, tal vez podamos respirar, tal vez podamos reagruparnos, tal vez estemos abiertos a tener otras soluciones en lugar de solo la soluci\u00f3n con sede en Oslo\u00bb, dijo Abu Arqoub, quien act\u00faa como asesor en paz para la Uni\u00f3n Europea y algunos estados \u00e1rabes, incluida la Arabia Saudita.<\/p>\n<p>En lugar de que una comunidad internacional \u00absolo tome lados\u00bb, agreg\u00f3, \u00abdebe haber un per\u00edodo de transici\u00f3n para que los palestinos recuperen alg\u00fan tipo de confianza en el sistema, en la soluci\u00f3n de dos estados, y para darnos una opci\u00f3n si queremos ser parte de una entidad pol\u00edtica que se ejecuta para las elecciones o no\u00bb.<\/p>\n<p> <!----> <\/p>\n<div class=\"article-meta\">\n<div class=\"author-bio\">\n<p>Ruth Marks Eglash es una periodista veterana con sede en Jerusal\u00e9n, Israel. Ella informa y cubre el Medio Oriente y Europa. Originario del Reino Unido, tambi\u00e9n ha freelado para numerosos medios de comunicaci\u00f3n. Ruth se puede seguir en Twitter @reglash<\/p>\n<\/div>\n<\/div>\n<\/div>\n\n","protected":false},"excerpt":{"rendered":"<p>NUEVO\u00a1Ahora puedes escuchar art\u00edculos de Fox News! En medio de una gran cantidad de titulares mundiales recientes que declaran una hambruna total en la Franja de Gaza, los l\u00edderes de Francia, Gran Breta\u00f1a y Canad\u00e1, as\u00ed como algunos otros pa\u00edses, declararon sus intenciones de reconocer formalmente a un estado palestino como una forma de terminar &hellip;<\/p>\n","protected":false},"author":1,"featured_media":39605,"comment_status":"open","ping_status":"open","sticky":false,"template":"","format":"standard","meta":{"fifu_image_url":"https:\/\/static.foxnews.com\/foxnews.com\/content\/uploads\/2018\/09\/rts1oxk2.jpg","fifu_image_alt":"","footnotes":""},"categories":[13],"tags":[],"class_list":["post-39603","post","type-post","status-publish","format-standard","has-post-thumbnail","","category-mundo"],"_links":{"self":[{"href":"https:\/\/noticiasveraces.com\/index.php?rest_route=\/wp\/v2\/posts\/39603","targetHints":{"allow":["GET"]}}],"collection":[{"href":"https:\/\/noticiasveraces.com\/index.php?rest_route=\/wp\/v2\/posts"}],"about":[{"href":"https:\/\/noticiasveraces.com\/index.php?rest_route=\/wp\/v2\/types\/post"}],"author":[{"embeddable":true,"href":"https:\/\/noticiasveraces.com\/index.php?rest_route=\/wp\/v2\/users\/1"}],"replies":[{"embeddable":true,"href":"https:\/\/noticiasveraces.com\/index.php?rest_route=%2Fwp%2Fv2%2Fcomments&post=39603"}],"version-history":[{"count":0,"href":"https:\/\/noticiasveraces.com\/index.php?rest_route=\/wp\/v2\/posts\/39603\/revisions"}],"wp:featuredmedia":[{"embeddable":true,"href":"https:\/\/noticiasveraces.com\/index.php?rest_route=\/wp\/v2\/media\/39605"}],"wp:attachment":[{"href":"https:\/\/noticiasveraces.com\/index.php?rest_route=%2Fwp%2Fv2%2Fmedia&parent=39603"}],"wp:term":[{"taxonomy":"category","embeddable":true,"href":"https:\/\/noticiasveraces.com\/index.php?rest_route=%2Fwp%2Fv2%2Fcategories&post=39603"},{"taxonomy":"post_tag","embeddable":true,"href":"https:\/\/noticiasveraces.com\/index.php?rest_route=%2Fwp%2Fv2%2Ftags&post=39603"}],"curies":[{"name":"wp","href":"https:\/\/api.w.org\/{rel}","templated":true}]}}