{"id":39557,"date":"2025-08-08T21:27:55","date_gmt":"2025-08-09T01:27:55","guid":{"rendered":"https:\/\/noticiasveraces.com\/?p=39557"},"modified":"2025-08-08T21:27:55","modified_gmt":"2025-08-09T01:27:55","slug":"famosa-mezquita-catedral-de-cordoba-a-salvo-tras-incendio-dw-09-08-2025","status":"publish","type":"post","link":"https:\/\/noticiasveraces.com\/?p=39557","title":{"rendered":"Famosa mezquita-catedral de C\u00f3rdoba, a salvo tras incendio \u2013 DW \u2013 09\/08\/2025"},"content":{"rendered":"<p> \n<\/p>\n<div data-tracking-name=\"rich-text\" data-tracking-skip=\"true\">\n<p>La mezquita de C\u00f3rdoba \u00abest\u00e1 a salvo\u00bb, dijo la noche del viernes (08.08.2025) el alcalde de esta ciudad de Espa\u00f1a, Jos\u00e9 Mar\u00eda Bellido, despu\u00e9s del incendio ya extinguido que afect\u00f3 a una parte del hist\u00f3rico monumento y que hizo temer una destrucci\u00f3n como la que sufri\u00f3 la catedral de Notre-Dame de Par\u00eds.<\/p>\n<p>\u00abEl fuego est\u00e1 controlado, el\u00a0monumento est\u00e1 a salvo\u00bb, dijo Bellido a la radio Cadena Ser, asegurando que s\u00ed hubo da\u00f1os ocasionados por el fuego\u00a0al edificio, pero \u00abno va a ser una cat\u00e1strofe\u00bb.<\/p>\n<p>Poco despu\u00e9s, Bellido escribi\u00f3 en la red social X que el incendio hab\u00eda sido \u00abextinguido\u00bb.<\/p>\n<blockquote class=\"tweet embed\" data-id=\"1953942494296899633\"\/>\n<p>El da\u00f1o, prosigui\u00f3 Bellido en Cadena Ser, \u00abva a ser terrible, porque todo lo que arda en un monumento como la mezquita es terrible, y todo el da\u00f1o es horroroso, pero no va a ser una cat\u00e1strofe\u00bb, insisti\u00f3 el alcalde.<\/p>\n<p>El fuego, explic\u00f3, se origin\u00f3 en una capilla de la mezquita, reconvertida en templo cristiano tras la conquista cristiana de la ciudad en el siglo XIII.<\/p>\n<p>En esa capilla hay \u00abmaterial de limpieza, material audiovisual, todo tipo de material y parece que ha podido ser cualquier bater\u00eda o un contacto el\u00e9ctrico, pues que haya producido un primer chispazo\u00bb que habr\u00eda originado el incendio.<\/p>\n<figure class=\"placeholder-image master_landscape big\"><img data-format=\"MASTER_LANDSCAPE\" data-id=\"73577789\" data-url=\"https:\/\/static.dw.com\/image\/73577789_${formatId}.jpg\" data-aspect-ratio=\"16\/9\" alt=\"Los bomberos lograron controlar r\u00e1pidamente el incendio declarado hist\u00f3rica mezquita convertida en catedral de la ciudad espa\u00f1ola de C\u00f3rdoba, el viernes (08.08.2025).\" style=\"padding-bottom: 56.25%; height: 0; max-height: 0;\"\/><figcaption class=\"img-caption\">Los bomberos lograron controlar r\u00e1pidamente el incendio declarado hist\u00f3rica mezquita convertida en catedral de la ciudad espa\u00f1ola de C\u00f3rdoba, el viernes (08.08.2025).<small class=\"copyright\">Imagen: Madero Cubero\/AFP<\/small><\/figcaption><\/figure>\n<p>De ah\u00ed, \u00abse ha extendido a parte de la cubierta de las b\u00f3vedas y no ha pasado de esa capilla\u00bb, asegur\u00f3 el edil, que dijo que la evaluaci\u00f3n exacta de los da\u00f1os se har\u00e1 en cuanto se consuman totalmente las llamas.<\/p>\n<p>El incendio se declar\u00f3 poco despu\u00e9s de las 21h00 (19h00 GMT) en este monumento declarado Patrimonio de la Humanidad por la Unesco y visitado por m\u00e1s de dos millones de personas cada a\u00f1o, el testimonio m\u00e1s notable, junto a la Alhambra de Granada, de la presencia musulmana en Espa\u00f1a.<\/p>\n<p>Apenas hab\u00eda empezado el incendio, ya circulaban numerosos videos en redes sociales mostrando el fuego alz\u00e1ndose por encima de una parte de los muros del templo, en escenas que recordaron al inicio del incendio que arras\u00f3 la catedral de Notre-Dame en Par\u00eds en 2019, y que hicieron temer un desenlace similar.<\/p>\n<p>GS (AFP, AP)<\/p>\n<div class=\"vjs-wrapper embed big\">\n<h2 aria-label=\"Video integrado \u2014 Espa\u00f1a: pol\u00e9mica por el legado \u00e1rabe \" class=\"headline\"><svg xmlns=\"http:\/\/www.w3.org\/2000\/svg\" viewbox=\"0 0 20 20\"><g fill-rule=\"evenodd\"><path d=\"M14.114 7.599H13.5l.002 4.706h.601l4.582 3.25-.005-11.11zM11.084 4.444l-9.007.002-1.336.797.002 9.514 1.334.793 9.007.006 1.509-.799-.004-9.516z\"\/><\/g><\/svg>Espa\u00f1a: pol\u00e9mica por el legado \u00e1rabe <\/h2>\n<p><video id=\"video-47621838\" controls=\"\" playsinline=\"\" preload=\"none\" poster=\"data:image\/png;base64,iVBORw0KGgoAAAANSUhEUgAAAAEAAAABCAQAAAC1HAwCAAAAC0lEQVR42mNkYAAAAAYAAjCB0C8AAAAASUVORK5CYII=\" data-id=\"47621838\" data-posterurl=\"https:\/\/static.dw.com\/image\/40154027_605.webp\" data-duration=\"05:14\"><source src=\"https:\/\/hlsvod.dw.com\/i\/dwtv_video\/flv\/es\/es20190221_Spanien_,sd_sor,sd_avc,.mp4.csmil\/master.m3u8\" type=\"application\/x-mpegURL\"><source src=\"https:\/\/tvdownloaddw-a.akamaihd.net\/dwtv_video\/flv\/es\/es20190221_Spanien_sd_avc.mp4\" type=\"video\/mp4\"><p class=\"vjs-no-js\">Para ver este video, habilite JavaScript y considere actualizar a un navegador web que admite el video HTML5<\/p>\n<p><\/source><\/source><\/video><\/div>\n<\/div>\n\n","protected":false},"excerpt":{"rendered":"<p>La mezquita de C\u00f3rdoba \u00abest\u00e1 a salvo\u00bb, dijo la noche del viernes (08.08.2025) el alcalde de esta ciudad de Espa\u00f1a, Jos\u00e9 Mar\u00eda Bellido, despu\u00e9s del incendio ya extinguido que afect\u00f3 a una parte del hist\u00f3rico monumento y que hizo temer una destrucci\u00f3n como la que sufri\u00f3 la catedral de Notre-Dame de Par\u00eds. \u00abEl fuego est\u00e1 &hellip;<\/p>\n","protected":false},"author":1,"featured_media":39558,"comment_status":"open","ping_status":"open","sticky":false,"template":"","format":"standard","meta":{"fifu_image_url":"https:\/\/static.dw.com\/image\/73577849_6.jpg","fifu_image_alt":"","footnotes":""},"categories":[13],"tags":[],"class_list":["post-39557","post","type-post","status-publish","format-standard","has-post-thumbnail","","category-mundo"],"_links":{"self":[{"href":"https:\/\/noticiasveraces.com\/index.php?rest_route=\/wp\/v2\/posts\/39557","targetHints":{"allow":["GET"]}}],"collection":[{"href":"https:\/\/noticiasveraces.com\/index.php?rest_route=\/wp\/v2\/posts"}],"about":[{"href":"https:\/\/noticiasveraces.com\/index.php?rest_route=\/wp\/v2\/types\/post"}],"author":[{"embeddable":true,"href":"https:\/\/noticiasveraces.com\/index.php?rest_route=\/wp\/v2\/users\/1"}],"replies":[{"embeddable":true,"href":"https:\/\/noticiasveraces.com\/index.php?rest_route=%2Fwp%2Fv2%2Fcomments&post=39557"}],"version-history":[{"count":0,"href":"https:\/\/noticiasveraces.com\/index.php?rest_route=\/wp\/v2\/posts\/39557\/revisions"}],"wp:featuredmedia":[{"embeddable":true,"href":"https:\/\/noticiasveraces.com\/index.php?rest_route=\/wp\/v2\/media\/39558"}],"wp:attachment":[{"href":"https:\/\/noticiasveraces.com\/index.php?rest_route=%2Fwp%2Fv2%2Fmedia&parent=39557"}],"wp:term":[{"taxonomy":"category","embeddable":true,"href":"https:\/\/noticiasveraces.com\/index.php?rest_route=%2Fwp%2Fv2%2Fcategories&post=39557"},{"taxonomy":"post_tag","embeddable":true,"href":"https:\/\/noticiasveraces.com\/index.php?rest_route=%2Fwp%2Fv2%2Ftags&post=39557"}],"curies":[{"name":"wp","href":"https:\/\/api.w.org\/{rel}","templated":true}]}}