{"id":39507,"date":"2025-08-08T13:15:14","date_gmt":"2025-08-08T17:15:14","guid":{"rendered":"https:\/\/noticiasveraces.com\/?p=39507"},"modified":"2025-08-08T13:15:14","modified_gmt":"2025-08-08T17:15:14","slug":"alemanes-quieren-mas-presion-a-israel-por-gaza-dw-08-08-2025","status":"publish","type":"post","link":"https:\/\/noticiasveraces.com\/?p=39507","title":{"rendered":"Alemanes quieren m\u00e1s presi\u00f3n a Israel por Gaza \u2013 DW \u2013 08\/08\/2025"},"content":{"rendered":"<p> \n<\/p>\n<div data-tracking-name=\"rich-text\" data-tracking-skip=\"true\">\n<p>El plazo de los primeros 100 d\u00edas de la nueva administraci\u00f3n alemana, encabezada por el canciller Friedrich Merz (CDU), est\u00e1\u00a0a la vuelta de la esquina. Durante este per\u00edodo se eval\u00faa el desempe\u00f1o del nuevo gobierno desde que asumi\u00f3 el poder. En ese lapso, Merz se ha enfocado principalmente en la pol\u00edtica exterior de Alemania: visit\u00f3 al presidente estadounidense Donald Trump en la Casa Blanca, apoy\u00f3 en varias ocasiones a Ucrania en su lucha contra Rusia, y pidi\u00f3 moderaci\u00f3n al primer ministro israel\u00ed Benjam\u00edn Netanyahu con respecto a la ofensiva en Gaza. En pol\u00edtica interior, su gobierno se ha destacado por una postura m\u00e1s estricta en materia migratoria. \u00bfC\u00f3mo eval\u00faan los alemanes esta gesti\u00f3n, a una semana de cumplirse los 100 d\u00edas?<\/p>\n<h2>4 de 10 encuestados creen que Merz est\u00e1 capacitado para ser canciller<\/h2>\n<p>Seg\u00fan la iteraci\u00f3n m\u00e1s reciente de la tradicional encuesta de tendencia alemana\u00a0Deutschlandtrend, realizada por encargo de la cadena de emisoras p\u00fablicas ARD, Merz ha perdido simpat\u00eda entre la poblaci\u00f3n. Desde las elecciones federales extraordinarias de\u00a0febrero pasado, ha disminuido en doce puntos porcentuales la proporci\u00f3n\u00a0de personas que creen que Merz pueda hacer frente a la inmigraci\u00f3n ilegal. En total, de cada diez encuestados, solo cuatro consideran que el nuevo canciller est\u00e1 a la altura del cargo. Sin embargo, entre partidarios de CDU y CSU, esta cifra se duplica.<\/p>\n<p><span data-slot-id=\"Article_InContent-1\" class=\"rich-text-ad\"\/><\/p>\n<h2>Principal preocupaci\u00f3n: los rehenes en Gaza<\/h2>\n<p>Poco despu\u00e9s de asumir como canciller, Merz declar\u00f3 en una entrevista que ya no comprend\u00eda los objetivos de Israel en la guerra de Gaza. Recientemente, inst\u00f3 a Netanyahu a aliviar el sufrimiento de los dos millones de personas que viven en la Franja de Gaza. No obstante, a diferencia de Francia, Reino Unido o Canad\u00e1, Alemania a\u00fan duda en reconocer al Estado Palestino como respuesta a la situaci\u00f3n en Gaza. Queda pendiente que Merz decida sobre posibles sanciones contra Israel. \u00bfApoyar\u00eda la poblaci\u00f3n alemana esta postura?<\/p>\n<p>Seg\u00fan el sondeo Deutschlandtrend, la principal preocupaci\u00f3n entre los alemanes sigue siendo el destino de los rehenes que a\u00fan est\u00e1n en manos del grupo islamista radical Ham\u00e1s, considerado como una organizaci\u00f3n terrorista por Estados Unidos, la Uni\u00f3n Europea y otros pa\u00edses.\u00a0Una clara mayor\u00eda opina que el canciller deber\u00eda aumentar la presi\u00f3n para que Israel cambie su estrategia. Aunque Merz y su antecesor Olaf Scholz (SPD) han reiterado la responsabilidad hist\u00f3rica de Alemania con Israel, solo el 31 % de los encuestados comparte esta visi\u00f3n, 5% menos que en la \u00faltima encuesta.<\/p>\n<h2>Incertidumbre por la econom\u00eda de Alemania frente a Trump<\/h2>\n<p>El presidente estadounidense Donald Trump contin\u00faa imponiendo aranceles como estrategia pol\u00edtica. Ha acordado con la UE que Europa pague un 15 % de aranceles sobre ciertos productos exportados a EE. UU., mientras que las exportaciones estadounidenses a Europa est\u00e1n exentas. Este acuerdo con la presidenta de la Comisi\u00f3n Europea, Ursula von der Leyen, ha generado controversia y titulares.<\/p>\n<p>Ante la pol\u00edtica comercial confusa de Trump, el 65 % de los alemanes est\u00e1 preocupado o muy preocupado por la estabilidad econ\u00f3mica; solo el 5 % no tiene ninguna preocupaci\u00f3n. En la \u00faltima encuesta el nivel de preocupaci\u00f3n era a\u00fan mayor, lo que refleja la volatilidad de la pol\u00edtica de Trump.<\/p>\n<figure class=\"placeholder-image master_landscape right\"><img data-format=\"MASTER_LANDSCAPE\" data-id=\"73545577\" data-url=\"https:\/\/static.dw.com\/image\/73545577_${formatId}.jpg\" data-aspect-ratio=\"16\/9\" alt=\"Alemania Brilon 2025 | Friedrich Merz en el desayuno de salchicha blanca en Sch\u00fctzenhalle\" style=\"padding-bottom: 56.25%; height: 0; max-height: 0;\"\/><figcaption class=\"img-caption\"><small class=\"copyright\">Imagen: Chris Emil Janssen\/IMAGO<\/small><\/figcaption><\/figure>\n<h2>Poca confianza en el nuevo canciller<\/h2>\n<p>Antes de ser elegido, Merz se asegur\u00f3 de que el Bundestag modificara los r\u00edgidos frenos a la deuda de Alemania. Se prev\u00e9n 500 mil millones de euros para infraestructura y educaci\u00f3n, y al menos la misma cantidad para reforzar el ej\u00e9rcito. Esto representa un contraste frente a las promesas conservadoras de no asumir nuevas deudas. \u00bfAfect\u00f3 esto su imagen? Aparentemente\u00a0s\u00ed, pues\u00a0solo el 26 % de los encuestados cree que Merz es una persona confiable, 3 % menos que en febrero.<\/p>\n<h2>Tendencia hacia la derecha y polarizaci\u00f3n social<\/h2>\n<p>Los resultados de las elecciones de febrero muestran una clara tendencia hacia la derecha en Alemania, como en otros pa\u00edses. Esta tendencia ha polarizado cada vez m\u00e1s a la sociedad alemana. El partido de extrema derecha <em>Alternativa para Alemania<\/em> (AfD), ha duplicado su apoyo con respecto a 2021, alcanzando el 20 % de votos para esca\u00f1os en el Bundestag. La llegada de Merz al poder el 6 de mayo no ha frenado esta tendencia. De hecho, si hubiera elecciones este fin de semana, el 27 % votar\u00eda por CDU\/CSU y la AfD subir\u00eda al 24 %. Los dem\u00e1s partidos (SPD, Verdes y La Izquierda) mantienen sus niveles anteriores.<\/p>\n<p>La encuesta Deutschlandtrend fue realizada por el instituto Infratest dimap entre el 4 y el 6 de agosto, con una muestra representativa de 1.321 ciudadanos.<\/p>\n<\/div>\n\n","protected":false},"excerpt":{"rendered":"<p>El plazo de los primeros 100 d\u00edas de la nueva administraci\u00f3n alemana, encabezada por el canciller Friedrich Merz (CDU), est\u00e1\u00a0a la vuelta de la esquina. Durante este per\u00edodo se eval\u00faa el desempe\u00f1o del nuevo gobierno desde que asumi\u00f3 el poder. En ese lapso, Merz se ha enfocado principalmente en la pol\u00edtica exterior de Alemania: visit\u00f3 &hellip;<\/p>\n","protected":false},"author":1,"featured_media":39508,"comment_status":"open","ping_status":"open","sticky":false,"template":"","format":"standard","meta":{"fifu_image_url":"https:\/\/static.dw.com\/image\/71773960_6.jpg","fifu_image_alt":"","footnotes":""},"categories":[13],"tags":[],"class_list":["post-39507","post","type-post","status-publish","format-standard","has-post-thumbnail","","category-mundo"],"_links":{"self":[{"href":"https:\/\/noticiasveraces.com\/index.php?rest_route=\/wp\/v2\/posts\/39507","targetHints":{"allow":["GET"]}}],"collection":[{"href":"https:\/\/noticiasveraces.com\/index.php?rest_route=\/wp\/v2\/posts"}],"about":[{"href":"https:\/\/noticiasveraces.com\/index.php?rest_route=\/wp\/v2\/types\/post"}],"author":[{"embeddable":true,"href":"https:\/\/noticiasveraces.com\/index.php?rest_route=\/wp\/v2\/users\/1"}],"replies":[{"embeddable":true,"href":"https:\/\/noticiasveraces.com\/index.php?rest_route=%2Fwp%2Fv2%2Fcomments&post=39507"}],"version-history":[{"count":0,"href":"https:\/\/noticiasveraces.com\/index.php?rest_route=\/wp\/v2\/posts\/39507\/revisions"}],"wp:featuredmedia":[{"embeddable":true,"href":"https:\/\/noticiasveraces.com\/index.php?rest_route=\/wp\/v2\/media\/39508"}],"wp:attachment":[{"href":"https:\/\/noticiasveraces.com\/index.php?rest_route=%2Fwp%2Fv2%2Fmedia&parent=39507"}],"wp:term":[{"taxonomy":"category","embeddable":true,"href":"https:\/\/noticiasveraces.com\/index.php?rest_route=%2Fwp%2Fv2%2Fcategories&post=39507"},{"taxonomy":"post_tag","embeddable":true,"href":"https:\/\/noticiasveraces.com\/index.php?rest_route=%2Fwp%2Fv2%2Ftags&post=39507"}],"curies":[{"name":"wp","href":"https:\/\/api.w.org\/{rel}","templated":true}]}}