{"id":39494,"date":"2025-08-08T11:33:02","date_gmt":"2025-08-08T15:33:02","guid":{"rendered":"https:\/\/noticiasveraces.com\/?p=39494"},"modified":"2025-08-08T11:33:02","modified_gmt":"2025-08-08T15:33:02","slug":"gaza-rd-congo-calor-extremo-maltrato-durante-el-parto-las-noticias-del-jueves","status":"publish","type":"post","link":"https:\/\/noticiasveraces.com\/?p=39494","title":{"rendered":"Gaza, RD Congo, calor extremo, maltrato durante el parto\u2026 Las noticias del jueves"},"content":{"rendered":"<p> \n<\/p>\n<div>\n<h2>El hambre y la malnutrici\u00f3n siguen aumentando en Gaza<\/h2>\n<p>La Oficina para la Coordinaci\u00f3n de Asuntos Humanitarios (OCHA) alert\u00f3 este jueves que el hambre y la malnutrici\u00f3n, especialmente entre los ni\u00f1os, siguen aumentando en Gaza.<\/p>\n<p>La desnutrici\u00f3n aguda entre los ni\u00f1os gazat\u00edes ha alcanzado \u201clos niveles m\u00e1s altos registrados hasta la fecha\u201d.<\/p>\n<p>Solo en julio, casi 12.000 ni\u00f1os de 6 a 59 meses se identificaron como desnutridos agudos de 136.000 examinados. De estos, m\u00e1s de 2500 ni\u00f1os sufren de desnutrici\u00f3n aguda severa, el tipo m\u00e1s peligroso. 40 ni\u00f1os requirieron hospitalizaci\u00f3n en centros de estabilizaci\u00f3n.<\/p>\n<p>Seg\u00fan Farhan Haq, portavoz del Secretario General de la ONU, las limitaciones de acceso humanitario se suman a la crisis de desnutrici\u00f3n.<\/p>\n<p>\u201cEn julio, nuestros socios solo pudieron alcanzar el 3%, o 8700 de los 290.000 ni\u00f1os menores de cinco a\u00f1os que requieren alimentaci\u00f3n y suplementos de micronutrientes. Esto se debe a la grave escasez de suplementos nutricionales a base de l\u00edpidos que ingresan a Gaza\u201d, declar\u00f3 el portavoz.<\/p>\n<p>La distribuci\u00f3n de otros suministros nutricionales clave para ni\u00f1os, mujeres embarazadas y madres lactantes tambi\u00e9n ha disminuido dr\u00e1sticamente.<\/p>\n<div class=\"context-un_news_full_width_credit_caption type-entermedia_image media media--type-entermedia-image media--view-mode-un-news-full-width-credit-caption\">\n<div class=\"field field--name-thumbnail field--type-image field--label-hidden field__item\"><img decoding=\"async\" src=\"https:\/\/global.unitednations.entermediadb.net\/assets\/mediadb\/services\/module\/asset\/downloads\/preset\/Collections\/Embargoed\/08-07-2025-IOM-DR-Congo-03.jpg\/image1170x530cropped.jpg\" alt=\"Familias desplazadas en el lugar de tr\u00e1nsito de Rugombo, en la provincia de Cibitoke (Burundi), tras huir del conflicto en la RDC.\" title=\"Familias desplazadas en el lugar de tr\u00e1nsito de Rugombo, en la provincia de Cibitoke (Burundi), tras huir del conflicto en la RDC.\" loading=\"lazy\" width=\"1170\" height=\"530\"\/>\n<\/div>\n<p>Familias desplazadas en el lugar de tr\u00e1nsito de Rugombo, en la provincia de Cibitoke (Burundi), tras huir del conflicto en la RDC.<\/p>\n<\/div>\n<h2>ONU Derechos Humanos condena los asesinatos en RD Congo<\/h2>\n<p>La Oficina del Alto Comisionado para los Derechos Humanos conden\u00f3 la escalada de ataques mortales contra civiles en el este de la Rep\u00fablica Democr\u00e1tica del Congo (RDC).<\/p>\n<p>Se trata de ataques por parte del grupo armado M23, respaldado por Ruanda, a pesar del alto el fuego que se firm\u00f3 recientemente en Doha.<\/p>\n<p>El portavoz de la Oficina inform\u00f3 de que al menos 319 civiles fueron asesinados por el M23, entre el 9 y el 21 de julio en la provincia de Kivu del Norte, seg\u00fan los relatos de primera mano recibidos.<\/p>\n<p>\u201cEste es uno de los mayores n\u00fameros de muertes documentados en tales ataques desde el resurgimiento del M23 en 2022. La mayor\u00eda de las v\u00edctimas, incluidas al menos 48 mujeres y 19 ni\u00f1os, eran <strong>agricultores locales que acampaban en sus campos durante la temporada de siembra<\/strong>\u00ab, declar\u00f3 Jeremy Laurens.<\/p>\n<p>La Oficina tambi\u00e9n conden\u00f3 los ataques contra civiles por parte de otros actores armados. \u201cTodos los ataques contra civiles deben cesar de inmediato, y todos los responsables deben rendir cuentas\u201d, dijo el portavoz.<\/p>\n<div class=\"context-un_news_full_width_credit_caption type-entermedia_image media media--type-entermedia-image media--view-mode-un-news-full-width-credit-caption\">\n<div class=\"field field--name-thumbnail field--type-image field--label-hidden field__item\"><img decoding=\"async\" src=\"https:\/\/global.unitednations.entermediadb.net\/assets\/mediadb\/services\/module\/asset\/downloads\/preset\/Libraries\/Production%20Library\/01-07-2025-Unsplash-sun-heat.jpg\/image1170x530cropped.jpg\" alt=\"El calor extremo est\u00e1 afectando a millones de personas en todo el mundo.\" title=\"El calor extremo est\u00e1 afectando a millones de personas en todo el mundo.\" loading=\"lazy\" width=\"1170\" height=\"530\"\/>\n<\/div>\n<p>El calor extremo est\u00e1 afectando a millones de personas en todo el mundo.<\/p>\n<\/div>\n<h2>El calor extremo afecta a cientos de millones de personas en todo el mundo<\/h2>\n<p>El calor extremo, con temperaturas diurnas y nocturnas peligrosamente altas, ha continuado en agosto, afectando a millones de personas en todo el mundo.<\/p>\n<p>Seg\u00fan la Organizaci\u00f3n Meteorol\u00f3gica Mundial (OMM), la ola de calor en curso subraya la importancia de las alertas tempranas y los planes de acci\u00f3n contra el calor.<\/p>\n<p>\u00abEl calor extremo a veces se conoce como un asesino silencioso, pero con la ciencia, los datos y la tecnolog\u00eda actuales, el silencio ya no es una excusa. Todas las muertes por calor extremo se pueden prevenir\u00bb, declar\u00f3 Ko Barrett, secretario general adjunto de la OMM.<\/p>\n<p>Seg\u00fan el Servicio de Cambio Clim\u00e1tico Copernicus de la Uni\u00f3n Europea, julio de 2025 fue el tercer julio m\u00e1s c\u00e1lido a nivel mundial (despu\u00e9s de julio de 2023 y 2024).<\/p>\n<p>El calor extremo ha alimentado incendios forestales devastadores, cobrando v\u00edctimas y deteriorando la calidad del aire.<\/p>\n<p>Un ejemplo de ello es el incendio que estall\u00f3 este martes en Tarifa, en el sur de Espa\u00f1a, el cual ha podido ser controlado. Otros incendios contin\u00faan devastando el departamento franc\u00e9s de Aude. Se trata del mayor incendio del verano de ese pa\u00eds, arrasando al menos 16.000 hect\u00e1reas el mi\u00e9rcoles por la noche, seg\u00fan las autoridades francesas.<\/p>\n<div class=\"context-un_news_full_width_credit_caption type-entermedia_image media media--type-entermedia-image media--view-mode-un-news-full-width-credit-caption\">\n<div class=\"field field--name-thumbnail field--type-image field--label-hidden field__item\"><img decoding=\"async\" src=\"https:\/\/global.unitednations.entermediadb.net\/assets\/mediadb\/services\/module\/asset\/downloads\/preset\/Collections\/Embargoed\/05-12-2024-ukraine-maternity.jpg\/image1170x530cropped.jpg\" alt=\"Un trabajadora sanitaria atiende a un reci\u00e9n nacido en una incubadora en Ucrania.\" title=\"Un trabajadora sanitaria atiende a un reci\u00e9n nacido en una incubadora en Ucrania.\" loading=\"lazy\" width=\"1170\" height=\"530\"\/>\n<\/div>\n<div class=\"field field--name-field-authors field--type-entity-reference field--label-hidden field__items\">\n<p>\u00a9 UNFPA Ucrania\/Revutsky Oleksiy<\/p>\n<\/p><\/div>\n<p>Un trabajadora sanitaria atiende a un reci\u00e9n nacido en una incubadora en Ucrania.<\/p>\n<\/div>\n<h2>El maltrato sigue siendo com\u00fan en la atenci\u00f3n materna y neonatal<\/h2>\n<p>La Organizaci\u00f3n Mundial de la Salud denunci\u00f3 este jueves que el maltrato sigue siendo com\u00fan en la atenci\u00f3n materna y neonatal.<\/p>\n<p>Seg\u00fan los datos de una investigaci\u00f3n, m\u00e1s del 40% de las mujeres sufrieron abuso f\u00edsico o verbal o discriminaci\u00f3n durante el parto.<\/p>\n<p>La evidencia tambi\u00e9n apunta a que m\u00e1s del 75 % de las episiotom\u00edas y el 60% de los tactos vaginales se realizaron sin consentimiento.<\/p>\n<p>La agencia sanitaria recalc\u00f3 que la atenci\u00f3n respetuosa para todas las madres y beb\u00e9s es un derecho humano.<\/p>\n<p>En este contexto, ha elaborado un nuevo compendio que re\u00fane medidas pr\u00e1cticas y pol\u00edticas para brindar una atenci\u00f3n que defienda los derechos y las necesidades de las madres y los reci\u00e9n nacidos. <\/p>\n<\/div>\n\n","protected":false},"excerpt":{"rendered":"<p>El hambre y la malnutrici\u00f3n siguen aumentando en Gaza La Oficina para la Coordinaci\u00f3n de Asuntos Humanitarios (OCHA) alert\u00f3 este jueves que el hambre y la malnutrici\u00f3n, especialmente entre los ni\u00f1os, siguen aumentando en Gaza. La desnutrici\u00f3n aguda entre los ni\u00f1os gazat\u00edes ha alcanzado \u201clos niveles m\u00e1s altos registrados hasta la fecha\u201d. Solo en julio, &hellip;<\/p>\n","protected":false},"author":1,"featured_media":39496,"comment_status":"open","ping_status":"open","sticky":false,"template":"","format":"standard","meta":{"fifu_image_url":"https:\/\/global.unitednations.entermediadb.net\/assets\/mediadb\/services\/module\/asset\/downloads\/preset\/Collections\/Embargoed\/06-08-2025-UNICEF-Gaza-05.jpg\/image770x420cropped.jpg","fifu_image_alt":"","footnotes":""},"categories":[3],"tags":[],"class_list":["post-39494","post","type-post","status-publish","format-standard","has-post-thumbnail","","category-negocio"],"_links":{"self":[{"href":"https:\/\/noticiasveraces.com\/index.php?rest_route=\/wp\/v2\/posts\/39494","targetHints":{"allow":["GET"]}}],"collection":[{"href":"https:\/\/noticiasveraces.com\/index.php?rest_route=\/wp\/v2\/posts"}],"about":[{"href":"https:\/\/noticiasveraces.com\/index.php?rest_route=\/wp\/v2\/types\/post"}],"author":[{"embeddable":true,"href":"https:\/\/noticiasveraces.com\/index.php?rest_route=\/wp\/v2\/users\/1"}],"replies":[{"embeddable":true,"href":"https:\/\/noticiasveraces.com\/index.php?rest_route=%2Fwp%2Fv2%2Fcomments&post=39494"}],"version-history":[{"count":0,"href":"https:\/\/noticiasveraces.com\/index.php?rest_route=\/wp\/v2\/posts\/39494\/revisions"}],"wp:featuredmedia":[{"embeddable":true,"href":"https:\/\/noticiasveraces.com\/index.php?rest_route=\/wp\/v2\/media\/39496"}],"wp:attachment":[{"href":"https:\/\/noticiasveraces.com\/index.php?rest_route=%2Fwp%2Fv2%2Fmedia&parent=39494"}],"wp:term":[{"taxonomy":"category","embeddable":true,"href":"https:\/\/noticiasveraces.com\/index.php?rest_route=%2Fwp%2Fv2%2Fcategories&post=39494"},{"taxonomy":"post_tag","embeddable":true,"href":"https:\/\/noticiasveraces.com\/index.php?rest_route=%2Fwp%2Fv2%2Ftags&post=39494"}],"curies":[{"name":"wp","href":"https:\/\/api.w.org\/{rel}","templated":true}]}}