{"id":39477,"date":"2025-08-08T10:10:09","date_gmt":"2025-08-08T14:10:09","guid":{"rendered":"https:\/\/noticiasveraces.com\/?p=39477"},"modified":"2025-08-08T10:10:09","modified_gmt":"2025-08-08T14:10:09","slug":"trump-recibe-a-los-lideres-de-armenia-y-azerbaiyan-mientras-busca-otro-acuerdo-de-paz","status":"publish","type":"post","link":"https:\/\/noticiasveraces.com\/?p=39477","title":{"rendered":"Trump recibe a los l\u00edderes de Armenia y Azerbaiy\u00e1n mientras busca otro acuerdo de paz"},"content":{"rendered":"<p> \n<\/p>\n<div>\n<div id=\"beyondwords-wrapper\" class=\"beyondwords-wrapper\">\n<p><span class=\"label-bg\">NUEVO<\/span>\u00a1Ahora puedes escuchar art\u00edculos de Fox News!\n  <\/p>\n<\/div>\n<p class=\"speakable\">El presidente Donald Trump ser\u00e1 el anfitri\u00f3n de los l\u00edderes de Armenia y Azerbaiy\u00e1n el viernes mientras busca asegurar un acuerdo de paz m\u00e1s bajo su haber luego de las combates que reavivaron en 2020. <\/p>\n<p class=\"speakable\">\u00abEspero recibir al presidente de Azerbaiy\u00e1n, Ilham Aliyev, y al primer ministro de Armenia, Nikol Pashinyan, en la Casa Blanca ma\u00f1ana para una hist\u00f3rica cumbre de la paz\u00bb, dijo Trump en un puesto de redes sociales del jueves por la noche.<\/p>\n<p>\u00abEl presidente Aliyev y el primer ministro Pashinyan se unir\u00e1n a m\u00ed en la Casa Blanca para una ceremonia oficial de firma de paz\u00bb, agreg\u00f3. \u00abEstados Unidos tambi\u00e9n firmar\u00e1 acuerdos bilaterales con ambos pa\u00edses para buscar oportunidades econ\u00f3micas juntos, por lo que podemos desbloquear completamente el potencial de la regi\u00f3n del Sur del C\u00e1ucaso\u00bb.<\/p>\n<div class=\"image-ct inline\">\n<div class=\"m\"><picture><source media=\"(max-width: 767px)\" srcset=\"https:\/\/a57.foxnews.com\/static.foxnews.com\/foxnews.com\/content\/uploads\/2025\/08\/343\/192\/leaders-of-armenia-and-azerbaijan.jpg?ve=1&amp;tl=1, https:\/\/a57.foxnews.com\/static.foxnews.com\/foxnews.com\/content\/uploads\/2025\/08\/686\/384\/leaders-of-armenia-and-azerbaijan.jpg?ve=1&amp;tl=1 2x\" height=\"192\" width=\"343\"><source media=\"(min-width: 768px) and (max-width: 1023px)\" srcset=\"https:\/\/a57.foxnews.com\/static.foxnews.com\/foxnews.com\/content\/uploads\/2025\/08\/672\/378\/leaders-of-armenia-and-azerbaijan.jpg?ve=1&amp;tl=1, https:\/\/a57.foxnews.com\/static.foxnews.com\/foxnews.com\/content\/uploads\/2025\/08\/1344\/756\/leaders-of-armenia-and-azerbaijan.jpg?ve=1&amp;tl=1 2x\" height=\"378\" width=\"672\"><source media=\"(min-width: 1024px) and (max-width: 1279px)\" srcset=\"https:\/\/a57.foxnews.com\/static.foxnews.com\/foxnews.com\/content\/uploads\/2025\/08\/931\/523\/leaders-of-armenia-and-azerbaijan.jpg?ve=1&amp;tl=1, https:\/\/a57.foxnews.com\/static.foxnews.com\/foxnews.com\/content\/uploads\/2025\/08\/1862\/1046\/leaders-of-armenia-and-azerbaijan.jpg?ve=1&amp;tl=1 2x\" height=\"523\" width=\"931\"><source media=\"(min-width: 1280px)\" srcset=\"https:\/\/a57.foxnews.com\/static.foxnews.com\/foxnews.com\/content\/uploads\/2025\/08\/720\/405\/leaders-of-armenia-and-azerbaijan.jpg?ve=1&amp;tl=1, https:\/\/a57.foxnews.com\/static.foxnews.com\/foxnews.com\/content\/uploads\/2025\/08\/1440\/810\/leaders-of-armenia-and-azerbaijan.jpg?ve=1&amp;tl=1 2x\" height=\"405\" width=\"720\"><img loading=\"lazy\" decoding=\"async\" src=\"https:\/\/a57.foxnews.com\/static.foxnews.com\/foxnews.com\/content\/uploads\/2025\/08\/1200\/675\/leaders-of-armenia-and-azerbaijan.jpg?ve=1&amp;tl=1\" alt=\"L\u00edderes de Azerbaiy\u00e1n y Armenia se dan la mano\" width=\"1200\" height=\"675\"\/><\/source><\/source><\/source><\/source><\/picture><\/div>\n<div class=\"info\">\n<div class=\"caption\">\n<p><span>El presidente de Azerbaiyani, Ilham Aliyev, a la derecha, y el primer ministro armenio Nikol Pashinyan se re\u00fanen en Abu Dhabi, la capital de los Emiratos \u00c1rabes Unidos, el 10 de julio de 2025.<\/span> <span>(Azerbaiyani Presidency\/Follet\/Anadolu a trav\u00e9s de Getty Images)<\/span><\/p>\n<\/div>\n<\/div>\n<\/div>\n<p><strong>Armenia y Azerbaiy\u00e1n se mueven hacia relaciones normalizadas a medida que se coloca el primer marcador de frontera<\/strong><\/p>\n<p>A pesar de los comentarios del presidente, los expertos familiarizados con las negociaciones en curso han dicho a Fox News Digital que no se espera que los l\u00edderes firmen un acuerdo de paz formal, sino una carta de intenci\u00f3n despu\u00e9s de m\u00e1s de un a\u00f1o de negociaciones.<\/p>\n<p>Sin embargo, incluso cuando no se espera que se firme un acuerdo oficial de paz, la reuni\u00f3n todav\u00eda se considera una gran victoria no solo para la estabilidad regional, sino tambi\u00e9n para Trump. <\/p>\n<p>\u00abCreo que han tenido una posici\u00f3n significativa en todo este proceso\u00bb, dijo Matias Perttula, director de Save Armenia, a Fox News Digital. \u00abAcabamos de regresar de Armenia durante la \u00faltima semana [where] Tuvimos varias reuniones gubernamentales, incluso con el asesor de seguridad nacional, el presidente de Armenia y un par de otros ministerios, y por lo que podemos decir que el compromiso de la administraci\u00f3n Trump ha sido mucho m\u00e1s robusto que la administraci\u00f3n Biden \u00ab.<\/p>\n<div class=\"image-ct inline\">\n<div class=\"m\"><picture><source media=\"(max-width: 767px)\" srcset=\"https:\/\/a57.foxnews.com\/static.foxnews.com\/foxnews.com\/content\/uploads\/2025\/08\/343\/192\/nagorno-karabakh-region-azeri-soldier.jpg?ve=1&amp;tl=1, https:\/\/a57.foxnews.com\/static.foxnews.com\/foxnews.com\/content\/uploads\/2025\/08\/686\/384\/nagorno-karabakh-region-azeri-soldier.jpg?ve=1&amp;tl=1 2x\" height=\"192\" width=\"343\"><source media=\"(min-width: 768px) and (max-width: 1023px)\" srcset=\"https:\/\/a57.foxnews.com\/static.foxnews.com\/foxnews.com\/content\/uploads\/2025\/08\/672\/378\/nagorno-karabakh-region-azeri-soldier.jpg?ve=1&amp;tl=1, https:\/\/a57.foxnews.com\/static.foxnews.com\/foxnews.com\/content\/uploads\/2025\/08\/1344\/756\/nagorno-karabakh-region-azeri-soldier.jpg?ve=1&amp;tl=1 2x\" height=\"378\" width=\"672\"><source media=\"(min-width: 1024px) and (max-width: 1279px)\" srcset=\"https:\/\/a57.foxnews.com\/static.foxnews.com\/foxnews.com\/content\/uploads\/2025\/08\/931\/523\/nagorno-karabakh-region-azeri-soldier.jpg?ve=1&amp;tl=1, https:\/\/a57.foxnews.com\/static.foxnews.com\/foxnews.com\/content\/uploads\/2025\/08\/1862\/1046\/nagorno-karabakh-region-azeri-soldier.jpg?ve=1&amp;tl=1 2x\" height=\"523\" width=\"931\"><source media=\"(min-width: 1280px)\" srcset=\"https:\/\/a57.foxnews.com\/static.foxnews.com\/foxnews.com\/content\/uploads\/2025\/08\/720\/405\/nagorno-karabakh-region-azeri-soldier.jpg?ve=1&amp;tl=1, https:\/\/a57.foxnews.com\/static.foxnews.com\/foxnews.com\/content\/uploads\/2025\/08\/1440\/810\/nagorno-karabakh-region-azeri-soldier.jpg?ve=1&amp;tl=1 2x\" height=\"405\" width=\"720\"><img loading=\"lazy\" decoding=\"async\" src=\"https:\/\/a57.foxnews.com\/static.foxnews.com\/foxnews.com\/content\/uploads\/2025\/08\/1200\/675\/nagorno-karabakh-region-azeri-soldier.jpg?ve=1&amp;tl=1\" alt=\"Un militar de Azeri se encuentra cerca de las trincheras en una posici\u00f3n militar de los antiguos separatistas armenios en la aldea de Mukhtar (Muxtar) recientemente por las tropas azer\u00edes, durante un viaje de medios de comunicaci\u00f3n azeri-organizado por el gobierno, en la regi\u00f3n controlada de Azerbaiy\u00e1n de Nagorno-Karabakh, el 3 de octubre de 2023.\" width=\"1200\" height=\"675\"\/><\/source><\/source><\/source><\/source><\/picture><\/div>\n<div class=\"info\">\n<div class=\"caption\">\n<p><span>Un militar de Azeri se encuentra cerca de las trincheras en una posici\u00f3n militar de los antiguos separatistas armenios en la aldea de Mukhtar (Muxtar) recientemente por las tropas azer\u00edes, durante un viaje de medios de comunicaci\u00f3n azeri-organizado por el gobierno, en la regi\u00f3n controlada de Azerbaiy\u00e1n de Nagorno-Karabakh, el 3 de octubre de 2023.<\/span> <span>(Emmanuel Dunand\/AFP a trav\u00e9s de Getty Images)<\/span><\/p>\n<\/div>\n<\/div>\n<\/div>\n<p>Se espera que el presidente de Azerbaiyani, Ilham Aliyev y el primer ministro armenio, Nikol Pashinyan, se re\u00fanan con Trump antes de firmar una promesa de paz entre las dos naciones, que se han visto envueltas en un conflicto brutal desde finales de la d\u00e9cada de 1980.<\/p>\n<p>El conflicto se centr\u00f3 en gran medida en el estado de la regi\u00f3n de Nagorno-Karabakh, un \u00e1rea monta\u00f1osa en Azerbaiy\u00e1n con una poblaci\u00f3n mayoritaria-armenia, pero que declar\u00f3 la independencia en 1991. <\/p>\n<p>Mientras que Armenia, junto con la comunidad internacional, nunca reconoci\u00f3 formalmente la Rep\u00fablica de Nagorno-Karabakh como un estado independiente, se convirti\u00f3 en su principal patrocinador financiero y militar.<\/p>\n<p>El territorio asumi\u00f3 un papel de facto en Armenia hasta que las fuerzas azerbaiyanas abrumaron a la Rep\u00fablica en una campa\u00f1a r\u00e1pida en septiembre de 2023, lo que provoc\u00f3 evacuaciones masivas de armenios \u00e9tnicos antes de que luego se disolviera el 1 de enero de 2024.<\/p>\n<p>Se espera que esta regi\u00f3n siga siendo un problema importante en las negociaciones en curso.<\/p>\n<div class=\"image-ct inline\">\n<div class=\"m\"><picture><source media=\"(max-width: 767px)\" srcset=\"https:\/\/a57.foxnews.com\/static.foxnews.com\/foxnews.com\/content\/uploads\/2025\/08\/343\/192\/armenia-and-azerbaijan-conflict-comes-to-an-end.jpg?ve=1&amp;tl=1, https:\/\/a57.foxnews.com\/static.foxnews.com\/foxnews.com\/content\/uploads\/2025\/08\/686\/384\/armenia-and-azerbaijan-conflict-comes-to-an-end.jpg?ve=1&amp;tl=1 2x\" height=\"192\" width=\"343\"><source media=\"(min-width: 768px) and (max-width: 1023px)\" srcset=\"https:\/\/a57.foxnews.com\/static.foxnews.com\/foxnews.com\/content\/uploads\/2025\/08\/672\/378\/armenia-and-azerbaijan-conflict-comes-to-an-end.jpg?ve=1&amp;tl=1, https:\/\/a57.foxnews.com\/static.foxnews.com\/foxnews.com\/content\/uploads\/2025\/08\/1344\/756\/armenia-and-azerbaijan-conflict-comes-to-an-end.jpg?ve=1&amp;tl=1 2x\" height=\"378\" width=\"672\"><source media=\"(min-width: 1024px) and (max-width: 1279px)\" srcset=\"https:\/\/a57.foxnews.com\/static.foxnews.com\/foxnews.com\/content\/uploads\/2025\/08\/931\/523\/armenia-and-azerbaijan-conflict-comes-to-an-end.jpg?ve=1&amp;tl=1, https:\/\/a57.foxnews.com\/static.foxnews.com\/foxnews.com\/content\/uploads\/2025\/08\/1862\/1046\/armenia-and-azerbaijan-conflict-comes-to-an-end.jpg?ve=1&amp;tl=1 2x\" height=\"523\" width=\"931\"><source media=\"(min-width: 1280px)\" srcset=\"https:\/\/a57.foxnews.com\/static.foxnews.com\/foxnews.com\/content\/uploads\/2025\/08\/720\/405\/armenia-and-azerbaijan-conflict-comes-to-an-end.jpg?ve=1&amp;tl=1, https:\/\/a57.foxnews.com\/static.foxnews.com\/foxnews.com\/content\/uploads\/2025\/08\/1440\/810\/armenia-and-azerbaijan-conflict-comes-to-an-end.jpg?ve=1&amp;tl=1 2x\" height=\"405\" width=\"720\"><img loading=\"lazy\" decoding=\"async\" src=\"https:\/\/a57.foxnews.com\/static.foxnews.com\/foxnews.com\/content\/uploads\/2025\/08\/1200\/675\/armenia-and-azerbaijan-conflict-comes-to-an-end.jpg?ve=1&amp;tl=1\" alt=\"Conflicto armenio y azerbaiyano recordado\" width=\"1200\" height=\"675\"\/><\/source><\/source><\/source><\/source><\/picture><\/div>\n<div class=\"info\">\n<div class=\"caption\">\n<p><span>Un manifestante que usa la bandera nacional armenia se encuentra frente a las fuerzas de paz rusas que bloquean el camino fuera de Stepanakert, capital de la autoproclamada regi\u00f3n de Nagorno-Karabakh de Azerbaiy\u00e1n, el 24 de diciembre de 2022.<\/span> <span>(Foto de Davit Ghahramanyan\/AFP a trav\u00e9s de Getty Images)<\/span><\/p>\n<\/div>\n<\/div>\n<\/div>\n<p><strong>El primer ministro de Armenia insta a Swift Border Acuerdo a evitar conflictos con Azerbaiy\u00e1n<\/strong><\/p>\n<p>Aunque ambas naciones anunciaron en marzo que hab\u00edan llegado a un consenso para finalizar un acuerdo de paz, varios factores que rodean el \u00e1rea monta\u00f1osa han impedido que se alcanzara un acuerdo final, seg\u00fan lo presenciado en la reuni\u00f3n de julio entre los l\u00edderes cuando se conocieron en los EAU, pero no lograron encontrar una resoluci\u00f3n.<\/p>\n<p>El principal entre las demandas de Azerbaiy\u00e1n es que Armenia deber\u00eda enmendar su constituci\u00f3n y eliminar todas las referencias al territorio Nagorno-Karabakh. Aunque esta demanda no es una simple solicitud que solo Pashinyan pueda aceptar, ya que requerir\u00eda un refer\u00e9ndum nacional.<\/p>\n<p>\u00abNo hay consecuencias legales en absoluto\u00bb, dijo Perttula a Fox News Digital, explicando que los expertos legales armenios y estadounidenses han refutado la demanda como intrascendente y, por lo tanto, no deber\u00edan servir como precursor para llegar a un acuerdo de paz formal.<\/p>\n<p>\u00abDebe haber una consideraci\u00f3n real para el derecho de retorno para los 120,000 cristianos armenios que fueron forzados a salir de las tierras de Nagorno-Karabakh que ha sido su patria ancestral durante siglos\u00bb, agreg\u00f3 Perttula. \u00abCreo que ese debe ser un punto clave en t\u00e9rminos de formalizar todo este acuerdo de paz\u00bb.<\/p>\n<p>\u00abQueremos paz al final del d\u00eda\u00bb, agreg\u00f3. \u00abQueremos paz y normalizaci\u00f3n\u00bb.<\/p>\n<div class=\"image-ct inline\">\n<div class=\"m\"><picture><source media=\"(max-width: 767px)\" srcset=\"https:\/\/a57.foxnews.com\/static.foxnews.com\/foxnews.com\/content\/uploads\/2025\/08\/343\/192\/armenia-and-azerbaijan-conflict-remembered.jpg?ve=1&amp;tl=1, https:\/\/a57.foxnews.com\/static.foxnews.com\/foxnews.com\/content\/uploads\/2025\/08\/686\/384\/armenia-and-azerbaijan-conflict-remembered.jpg?ve=1&amp;tl=1 2x\" height=\"192\" width=\"343\"><source media=\"(min-width: 768px) and (max-width: 1023px)\" srcset=\"https:\/\/a57.foxnews.com\/static.foxnews.com\/foxnews.com\/content\/uploads\/2025\/08\/672\/378\/armenia-and-azerbaijan-conflict-remembered.jpg?ve=1&amp;tl=1, https:\/\/a57.foxnews.com\/static.foxnews.com\/foxnews.com\/content\/uploads\/2025\/08\/1344\/756\/armenia-and-azerbaijan-conflict-remembered.jpg?ve=1&amp;tl=1 2x\" height=\"378\" width=\"672\"><source media=\"(min-width: 1024px) and (max-width: 1279px)\" srcset=\"https:\/\/a57.foxnews.com\/static.foxnews.com\/foxnews.com\/content\/uploads\/2025\/08\/931\/523\/armenia-and-azerbaijan-conflict-remembered.jpg?ve=1&amp;tl=1, https:\/\/a57.foxnews.com\/static.foxnews.com\/foxnews.com\/content\/uploads\/2025\/08\/1862\/1046\/armenia-and-azerbaijan-conflict-remembered.jpg?ve=1&amp;tl=1 2x\" height=\"523\" width=\"931\"><source media=\"(min-width: 1280px)\" srcset=\"https:\/\/a57.foxnews.com\/static.foxnews.com\/foxnews.com\/content\/uploads\/2025\/08\/720\/405\/armenia-and-azerbaijan-conflict-remembered.jpg?ve=1&amp;tl=1, https:\/\/a57.foxnews.com\/static.foxnews.com\/foxnews.com\/content\/uploads\/2025\/08\/1440\/810\/armenia-and-azerbaijan-conflict-remembered.jpg?ve=1&amp;tl=1 2x\" height=\"405\" width=\"720\"><img loading=\"lazy\" decoding=\"async\" src=\"https:\/\/a57.foxnews.com\/static.foxnews.com\/foxnews.com\/content\/uploads\/2025\/08\/1200\/675\/armenia-and-azerbaijan-conflict-remembered.jpg?ve=1&amp;tl=1\" alt=\"Memorial del conflicto de Armenia y Azerbaiy\u00e1n.\" width=\"1200\" height=\"675\"\/><\/source><\/source><\/source><\/source><\/picture><\/div>\n<div class=\"info\">\n<div class=\"caption\">\n<p><span>Los ciudadanos visitan a sus seres queridos en el cementerio militar Yerablur que fueron asesinados recientemente durante septiembre en Nagorno-Karabakh.<\/span> <span>(Anthony Pizzoferrato\/Medio Oriente\/AFP a trav\u00e9s de Getty Images)<\/span><\/p>\n<\/div>\n<\/div>\n<\/div>\n<p><strong>Netanyahu sorprende a Trump con la nominaci\u00f3n formal del Premio Nobel de la Paz durante la hist\u00f3rica reuni\u00f3n de la Casa Blanca<\/strong><\/p>\n<p>Trump, mientras estaba en la campa\u00f1a, destac\u00f3 el conflicto de Armenia-Azerbaiy\u00e1n y acus\u00f3 a la vicepresidenta Kamala Harris de hacer \u00abnada ya que 120,000 cristianos armenios fueron horrible perseguido y desplazados por la fuerza\u00bb. <\/p>\n<p>Trump dijo que \u00abtrabajar\u00eda para detener la violencia y la limpieza \u00e9tnica, y restauraremos la paz entre Armenia y Azerbaiy\u00e1n\u00bb.<\/p>\n<p>Trump ha defendido repetidamente su impulso para poner fin al conflicto en todo el mundo y en junio celebr\u00f3 un acuerdo de paz de que Estados Unidos ayud\u00f3 a corredores entre la Rep\u00fablica Democr\u00e1tica del Congo y Ruanda con una firma de la Oficina Oval. <\/p>\n<p>\u00abEn unos pocos meses, ahora hemos logrado la paz entre India y Pakist\u00e1n, India e Ir\u00e1n, y la RDC y Ruanda, y un par de otros, tambi\u00e9n\u00bb, dijo Trump durante el evento. <\/p>\n<div class=\"image-ct inline\">\n<div class=\"m\"><picture><source media=\"(max-width: 767px)\" srcset=\"https:\/\/a57.foxnews.com\/static.foxnews.com\/foxnews.com\/content\/uploads\/2025\/06\/343\/192\/trump-drc-rwanda-deal.jpg?ve=1&amp;tl=1, https:\/\/a57.foxnews.com\/static.foxnews.com\/foxnews.com\/content\/uploads\/2025\/06\/686\/384\/trump-drc-rwanda-deal.jpg?ve=1&amp;tl=1 2x\" height=\"192\" width=\"343\"><source media=\"(min-width: 768px) and (max-width: 1023px)\" srcset=\"https:\/\/a57.foxnews.com\/static.foxnews.com\/foxnews.com\/content\/uploads\/2025\/06\/672\/378\/trump-drc-rwanda-deal.jpg?ve=1&amp;tl=1, https:\/\/a57.foxnews.com\/static.foxnews.com\/foxnews.com\/content\/uploads\/2025\/06\/1344\/756\/trump-drc-rwanda-deal.jpg?ve=1&amp;tl=1 2x\" height=\"378\" width=\"672\"><source media=\"(min-width: 1024px) and (max-width: 1279px)\" srcset=\"https:\/\/a57.foxnews.com\/static.foxnews.com\/foxnews.com\/content\/uploads\/2025\/06\/931\/523\/trump-drc-rwanda-deal.jpg?ve=1&amp;tl=1, https:\/\/a57.foxnews.com\/static.foxnews.com\/foxnews.com\/content\/uploads\/2025\/06\/1862\/1046\/trump-drc-rwanda-deal.jpg?ve=1&amp;tl=1 2x\" height=\"523\" width=\"931\"><source media=\"(min-width: 1280px)\" srcset=\"https:\/\/a57.foxnews.com\/static.foxnews.com\/foxnews.com\/content\/uploads\/2025\/06\/720\/405\/trump-drc-rwanda-deal.jpg?ve=1&amp;tl=1, https:\/\/a57.foxnews.com\/static.foxnews.com\/foxnews.com\/content\/uploads\/2025\/06\/1440\/810\/trump-drc-rwanda-deal.jpg?ve=1&amp;tl=1 2x\" height=\"405\" width=\"720\"><img loading=\"lazy\" decoding=\"async\" src=\"https:\/\/a57.foxnews.com\/static.foxnews.com\/foxnews.com\/content\/uploads\/2025\/06\/1200\/675\/trump-drc-rwanda-deal.jpg?ve=1&amp;tl=1\" alt=\"Trump Dr. Congo Ruanda Acuerdo de paz\" width=\"1200\" height=\"675\"\/><\/source><\/source><\/source><\/source><\/picture><\/div>\n<div class=\"info\">\n<div class=\"caption\">\n<p><span>El presidente Donald Trump presenta un documento firmado para presentar a la ministra de Relaciones Exteriores del Congo, Therese Kayikwamba Wagner, a la derecha, mientras el ministro de Relaciones Exteriores de Ruanda, Olivier Nduhungirehe, de la izquierda, la Vicepresidenta JD Vance y el Secretario de Estado Marco Rubio observan el viernes 27 de junio de 2025 en la Oficina Oval de la Casa Blanca en Washington.<\/span> <span>(AP Photo\/Manuel Balce CNETA)<\/span><\/p>\n<\/div>\n<\/div>\n<\/div>\n<p><strong>Haga clic aqu\u00ed para obtener la aplicaci\u00f3n Fox News<\/strong><\/p>\n<p>El presidente, que ha sido nominado para un premio Nobel de la Paz por el primer ministro israel\u00ed Benjamin Netanyahu, as\u00ed como l\u00edderes de Pakist\u00e1n y Camboya, ha argumentado en varias ocasiones que sus credenciales deber\u00edan ser reconocidas bajo el premio internacional que ha sido otorgado a otros cuatro presidentes estadounidenses. <\/p>\n<p>En una reuni\u00f3n de febrero con Netanyahu, Trump dijo: \u00abNunca me dar\u00e1n un premio Nobel de la Paz. Es una l\u00e1stima. Lo merezco, pero nunca me lo dar\u00e1n\u00bb. <\/p>\n<p>La semana blanca presion\u00f3 la semana pasada para que el presidente ganara el premio en diciembre cuando la secretaria de prensa de la Casa Blanca, Karoline Leavitt, dijo: \u00abYa es hora de que el presidente Trump recibiera el Premio Nobel de la Paz\u00bb.<\/p>\n<p> <!----> <\/p>\n<div class=\"article-meta\">\n<div class=\"author-bio\">\n<p>Caitlin McFall es reportero de Fox News Digital Cubting Politics, US y World News.<\/p>\n<\/div>\n<\/div>\n<\/div>\n\n","protected":false},"excerpt":{"rendered":"<p>NUEVO\u00a1Ahora puedes escuchar art\u00edculos de Fox News! El presidente Donald Trump ser\u00e1 el anfitri\u00f3n de los l\u00edderes de Armenia y Azerbaiy\u00e1n el viernes mientras busca asegurar un acuerdo de paz m\u00e1s bajo su haber luego de las combates que reavivaron en 2020. \u00abEspero recibir al presidente de Azerbaiy\u00e1n, Ilham Aliyev, y al primer ministro de &hellip;<\/p>\n","protected":false},"author":1,"featured_media":39479,"comment_status":"open","ping_status":"open","sticky":false,"template":"","format":"standard","meta":{"fifu_image_url":"https:\/\/static.foxnews.com\/foxnews.com\/content\/uploads\/2025\/08\/armenia-and-azerbaijan-conflict-comes-to-an-end.jpg","fifu_image_alt":"","footnotes":""},"categories":[13],"tags":[],"class_list":["post-39477","post","type-post","status-publish","format-standard","has-post-thumbnail","","category-mundo"],"_links":{"self":[{"href":"https:\/\/noticiasveraces.com\/index.php?rest_route=\/wp\/v2\/posts\/39477","targetHints":{"allow":["GET"]}}],"collection":[{"href":"https:\/\/noticiasveraces.com\/index.php?rest_route=\/wp\/v2\/posts"}],"about":[{"href":"https:\/\/noticiasveraces.com\/index.php?rest_route=\/wp\/v2\/types\/post"}],"author":[{"embeddable":true,"href":"https:\/\/noticiasveraces.com\/index.php?rest_route=\/wp\/v2\/users\/1"}],"replies":[{"embeddable":true,"href":"https:\/\/noticiasveraces.com\/index.php?rest_route=%2Fwp%2Fv2%2Fcomments&post=39477"}],"version-history":[{"count":0,"href":"https:\/\/noticiasveraces.com\/index.php?rest_route=\/wp\/v2\/posts\/39477\/revisions"}],"wp:featuredmedia":[{"embeddable":true,"href":"https:\/\/noticiasveraces.com\/index.php?rest_route=\/wp\/v2\/media\/39479"}],"wp:attachment":[{"href":"https:\/\/noticiasveraces.com\/index.php?rest_route=%2Fwp%2Fv2%2Fmedia&parent=39477"}],"wp:term":[{"taxonomy":"category","embeddable":true,"href":"https:\/\/noticiasveraces.com\/index.php?rest_route=%2Fwp%2Fv2%2Fcategories&post=39477"},{"taxonomy":"post_tag","embeddable":true,"href":"https:\/\/noticiasveraces.com\/index.php?rest_route=%2Fwp%2Fv2%2Ftags&post=39477"}],"curies":[{"name":"wp","href":"https:\/\/api.w.org\/{rel}","templated":true}]}}