{"id":39472,"date":"2025-08-08T08:08:09","date_gmt":"2025-08-08T12:08:09","guid":{"rendered":"https:\/\/noticiasveraces.com\/?p=39472"},"modified":"2025-08-08T08:08:09","modified_gmt":"2025-08-08T12:08:09","slug":"alemania-suspende-exportacion-de-armas-a-israel-para-gaza-dw-08-08-2025","status":"publish","type":"post","link":"https:\/\/noticiasveraces.com\/?p=39472","title":{"rendered":"Alemania suspende exportaci\u00f3n de armas a Israel para Gaza \u2013 DW \u2013 08\/08\/2025"},"content":{"rendered":"<p> \n<\/p>\n<div data-tracking-name=\"rich-text\" data-tracking-skip=\"true\">\n<p>El canciller de Alemania, Friedrich Merz, anunci\u00f3 este viernes (8.08.2025) que su Gobierno suspender\u00e1 hasta nuevo aviso las exportaciones a Israel de armamento que pudiera emplearse en la  <span class=\"editable placeholder\" data-id=\"67111647\" data-size=\"NORMAL\" data-type=\"AUTO_TOPIC\" title=\"Automatische Themenseite\">Franja de Gaza<\/span>despu\u00e9s de que el Ejecutivo de Benjam\u00edn Netanyahu aprobase el jueves un plan militar para ocupar la ciudad de Gaza.<\/p>\n<p>Merz afirm\u00f3 en un comunicado que este plan no permiten comprender c\u00f3mo Israel pretende alcanzar los objetivos de desarmar a Ham\u00e1s, lograr la liberaci\u00f3n de los rehenes y emprender r\u00e1pidamente negociaciones para un alto el fuego.<\/p>\n<p>\u00abEn estas circunstancias el Gobierno Federal no aprobar\u00e1 hasta nuevo aviso ninguna exportaci\u00f3n de material militar que pudiera utilizarse en la Franja de Gaza\u00bb, destac\u00f3 Merz, en lo que es una decisi\u00f3n sin precedentes para un Gobierno alem\u00e1n.<\/p>\n<figure class=\"placeholder-image master_landscape big\"><img data-format=\"MASTER_LANDSCAPE\" data-id=\"73561035\" data-url=\"https:\/\/static.dw.com\/image\/73561035_${formatId}.jpg\" data-aspect-ratio=\"16\/9\" alt=\"Paraca\u00eddas aterrizan con ayuda humanitaria sobre Gaza.\" style=\"padding-bottom: 56.25%; height: 0; max-height: 0;\"\/><figcaption class=\"img-caption\">Paraca\u00eddas con ayuda humanitaria sobre Gaza. (7.08.2025).<small class=\"copyright\">Imagen: Jehad Alshrafi\/AP Photo\/Picture Alliance<\/small><\/figcaption><\/figure>\n<h2>Merz expresa \u00abpreocupaci\u00f3n\u00bb por el sufrimiento de la poblaci\u00f3n civil en Gaza<\/h2>\n<p>El canciller conservador se\u00f1al\u00f3 que Israel tiene el derecho a defenderse contra el terrorismo de Ham\u00e1s, pero expres\u00f3 su \u00abprofunda preocupaci\u00f3n\u00bb por el sufrimiento de la poblaci\u00f3n civil en Gaza.<\/p>\n<p><span data-slot-id=\"Article_InContent-1\" class=\"rich-text-ad\"\/><\/p>\n<p>\u00abCon la ofensiva planificada, pesa sobre el Gobierno israel\u00ed una responsabilidad a\u00fan mayor que hasta ahora para abastecerles (a los civiles)\u00bb, subray\u00f3 Merz, que no conden\u00f3 expl\u00edcitamente los planes para tomar el control de la ciudad con un mill\u00f3n de habitantes situada en el norte del enclave.<\/p>\n<p>Por el contrario, resalt\u00f3 que Israel tiene que permitir un acceso integral para la ayuda humanitaria y tambi\u00e9n para organizaciones de la ONU y otras instituciones no estatales, as\u00ed como mejorar la situaci\u00f3n humanitaria de manera duradera \u00abtras los pasos en la direcci\u00f3n correcta de los \u00faltimos d\u00edas\u00bb.<\/p>\n<div class=\"vjs-wrapper embed big\">\n<h2 aria-label=\"Video integrado \u2014 La desesperaci\u00f3n en Gaza crece ante la escasez de alimentos \" class=\"headline\"><svg xmlns=\"http:\/\/www.w3.org\/2000\/svg\" viewbox=\"0 0 20 20\"><g fill-rule=\"evenodd\"><path d=\"M14.114 7.599H13.5l.002 4.706h.601l4.582 3.25-.005-11.11zM11.084 4.444l-9.007.002-1.336.797.002 9.514 1.334.793 9.007.006 1.509-.799-.004-9.516z\"\/><\/g><\/svg>La desesperaci\u00f3n en Gaza crece ante la escasez de alimentos <\/h2>\n<p><video id=\"video-73480755\" controls=\"\" playsinline=\"\" preload=\"none\" poster=\"data:image\/png;base64,iVBORw0KGgoAAAANSUhEUgAAAAEAAAABCAQAAAC1HAwCAAAAC0lEQVR42mNkYAAAAAYAAjCB0C8AAAAASUVORK5CYII=\" data-id=\"73480755\" data-posterurl=\"https:\/\/static.dw.com\/image\/73457766_605.webp\" data-duration=\"03:02\"><source src=\"https:\/\/hlsvod.dw.com\/i\/dwtv_video\/flv\/js\/js20250731_QGAZAHUMAN18B_,AVC_480x270,AVC_512x288,AVC_640x360,AVC_960x540,AVC_1280x720,AVC_1920x1080,.mp4.csmil\/master.m3u8\" type=\"application\/x-mpegURL\"><source src=\"https:\/\/tvdownloaddw-a.akamaihd.net\/dwtv_video\/flv\/js\/js20250731_QGAZAHUMAN18B_AVC_1920x1080.mp4\" type=\"video\/mp4\"><track src=\"https:\/\/www.dw.com\/media\/subtitles\/73528730\" srclang=\"es\" label=\"SPANISH\" default=\"\"><p class=\"vjs-no-js\">Para ver este video, habilite JavaScript y considere actualizar a un navegador web que admite el video HTML5<\/p>\n<\/track><\/source><\/source><\/video><\/div>\n<p>Adem\u00e1s, Merz\u00a0inst\u00f3 \u00abde manera urgente\u00bb al Gobierno israel\u00ed a \u00abno dar m\u00e1s pasos hacia una anexi\u00f3n de Cisjordania\u00bb.<\/p>\n<p>El gabinete de seguridad del Gobierno israel\u00ed aprob\u00f3 esta madrugada un plan que incluye tomar Ciudad de Gaza y, seg\u00fan los medios israel\u00edes, desplazar al sur a su mill\u00f3n de habitantes, horas despu\u00e9s de que Netanyahu anunciara en la cadena estadounidense Fox News que su intenci\u00f3n es ocupar todo el enclave palestino.<\/p>\n<p>El anterior Gobierno alem\u00e1n, bajo el canciller socialdem\u00f3crata Olaf Scholz, suspendi\u00f3 informalmente las exportaciones de armamento -que no de material militar- a Israel durante algunos meses el a\u00f1o pasado, seg\u00fan los registros de autorizaci\u00f3n de exportaciones, pero nunca lleg\u00f3 a confirmarlo p\u00fablicamente y las ventas se reanudaron en oto\u00f1o de 2024.<\/p>\n<p>Desde su llegada al poder en mayo de este a\u00f1o, Merz se ha visto sometido a una presi\u00f3n creciente tanto en Alemania como en el extranjero para endurecer su postura con respecto a Israel.<\/p>\n<p>Aunque en un principio descartaba tajantemente la posibilidad de imponer ning\u00fan tipo de sanciones, en las \u00faltimas semanas endureci\u00f3 su ret\u00f3rica y afirm\u00f3 que se reservaba la opci\u00f3n de tomar medidas si Israel no recapacitaba ante los esfuerzos diplom\u00e1ticos del grupo conocido como\u00a0\u00a0E3 (Alemania, Francia y Reino Unido).<\/p>\n<p>CP (AFP, RTR)<\/p>\n<\/div>\n\n","protected":false},"excerpt":{"rendered":"<p>El canciller de Alemania, Friedrich Merz, anunci\u00f3 este viernes (8.08.2025) que su Gobierno suspender\u00e1 hasta nuevo aviso las exportaciones a Israel de armamento que pudiera emplearse en la Franja de Gazadespu\u00e9s de que el Ejecutivo de Benjam\u00edn Netanyahu aprobase el jueves un plan militar para ocupar la ciudad de Gaza. Merz afirm\u00f3 en un comunicado &hellip;<\/p>\n","protected":false},"author":1,"featured_media":39473,"comment_status":"open","ping_status":"open","sticky":false,"template":"","format":"standard","meta":{"fifu_image_url":"https:\/\/static.dw.com\/image\/73446423_6.jpg","fifu_image_alt":"","footnotes":""},"categories":[13],"tags":[],"class_list":["post-39472","post","type-post","status-publish","format-standard","has-post-thumbnail","","category-mundo"],"_links":{"self":[{"href":"https:\/\/noticiasveraces.com\/index.php?rest_route=\/wp\/v2\/posts\/39472","targetHints":{"allow":["GET"]}}],"collection":[{"href":"https:\/\/noticiasveraces.com\/index.php?rest_route=\/wp\/v2\/posts"}],"about":[{"href":"https:\/\/noticiasveraces.com\/index.php?rest_route=\/wp\/v2\/types\/post"}],"author":[{"embeddable":true,"href":"https:\/\/noticiasveraces.com\/index.php?rest_route=\/wp\/v2\/users\/1"}],"replies":[{"embeddable":true,"href":"https:\/\/noticiasveraces.com\/index.php?rest_route=%2Fwp%2Fv2%2Fcomments&post=39472"}],"version-history":[{"count":0,"href":"https:\/\/noticiasveraces.com\/index.php?rest_route=\/wp\/v2\/posts\/39472\/revisions"}],"wp:featuredmedia":[{"embeddable":true,"href":"https:\/\/noticiasveraces.com\/index.php?rest_route=\/wp\/v2\/media\/39473"}],"wp:attachment":[{"href":"https:\/\/noticiasveraces.com\/index.php?rest_route=%2Fwp%2Fv2%2Fmedia&parent=39472"}],"wp:term":[{"taxonomy":"category","embeddable":true,"href":"https:\/\/noticiasveraces.com\/index.php?rest_route=%2Fwp%2Fv2%2Fcategories&post=39472"},{"taxonomy":"post_tag","embeddable":true,"href":"https:\/\/noticiasveraces.com\/index.php?rest_route=%2Fwp%2Fv2%2Ftags&post=39472"}],"curies":[{"name":"wp","href":"https:\/\/api.w.org\/{rel}","templated":true}]}}