{"id":39458,"date":"2025-08-08T06:49:49","date_gmt":"2025-08-08T10:49:49","guid":{"rendered":"https:\/\/noticiasveraces.com\/?p=39458"},"modified":"2025-08-08T06:49:49","modified_gmt":"2025-08-08T10:49:49","slug":"sin-tregua-del-calor-14-comunidades-con-aviso-por-las-altas-temperaturas-clima-y-medio-ambiente","status":"publish","type":"post","link":"https:\/\/noticiasveraces.com\/?p=39458","title":{"rendered":"Sin tregua del calor: 14 comunidades con aviso por las altas temperaturas | Clima y Medio Ambiente"},"content":{"rendered":"<p> \n<br \/><img decoding=\"async\" src=\"https:\/\/imagenes.elpais.com\/resizer\/v2\/TQF5ZL3OCZGKJEUY6F5BM444TQ.jpg?auth=a4859a1caf32ee3eae6539fbc7a96357a556fca52a30eb6bbf66def63ad9476b\" \/><\/p>\n<div data-dtm-region=\"articulo_cuerpo\">\n<p class=\"\">La caldera en la que se ha convertido Espa\u00f1a desde que empez\u00f3 agosto seguir\u00e1 hirviendo al menos hasta el mi\u00e9rcoles. Esto dejar\u00eda una ola de calor de 11 d\u00edas consecutivos, seg\u00fan ha notificado la Agencia Estatal de Meteorolog\u00eda (Aemet), que ha vuelto a ampliar la duraci\u00f3n del fen\u00f3meno, que se intensific\u00f3 durante la jornada de este jueves. Esta jueves, Toledo registr\u00f3 la temperatura m\u00e1xima del pa\u00eds con 42,4 grados a las 15:50 horas. Para hoy, se espera que los term\u00f3metros superen los 34-36 grados en la mayor parte de la pen\u00ednsula y en zonas de Canarias y Baleares. Aunque en \u00e1reas espec\u00edficas de la mitad sur de la vertiente atl\u00e1ntica y de las depresiones del nordeste, se alcanzar\u00e1n los 40 grados. <\/p>\n<p class=\"\">Las comunidades aut\u00f3nomas que est\u00e1n bajo alerta son 14. Andaluc\u00eda, Arag\u00f3n, Castilla y Le\u00f3n, Castilla-La Mancha, Extremadura, Galicia, Madrid, Navarra y Canarias se encuentran hoy bajo aviso naranja (peligro importante). Mientras que Islas Baleares, Cantabria, Catalu\u00f1a, Pa\u00eds Vasco y La Rioja bajo aviso amarillo (peligro bajo). <\/p>\n<p class=\"\">Las previsiones registran un aumento en la inestabilidad, con presencia de tormentas secas en zonas del interior del pa\u00eds, lo que incrementa la posibilidad de incendios. En el Sistema Ib\u00e9rico y la B\u00e9tica central, las tormentas pueden ser m\u00e1s intensas y acompa\u00f1adas de fuertes rachas de viento. Mientras tanto, en Canarias persistir\u00e1 la presencia de calima.<\/p>\n<p class=\"\">El jueves \u201cel calor fue importante y extenso en 67 estaciones de la red Aemet\u201d, menciona la agencia, que igualaron o superaron los 40 grados. Ayer, adem\u00e1s de Toledo, las m\u00e1ximas se registraron en C\u00f3rdoba, Granada, Ciudad Real, C\u00e1ceres, Badajoz, Ja\u00e9n, \u00c1vila, Las Palmas, Madrid y Albacete. Estas temperaturas estuvieron entre los 40 y 42,5 grados. <\/p>\n<p class=\"\">Dormir seguir\u00e1 siendo un desaf\u00edo para la mayor\u00eda de los espa\u00f1oles, ya que seg\u00fan las previsiones de la Aemet, solo se esperan ligeros descensos en zonas de la vertiente mediterr\u00e1nea. En el resto del territorio, las m\u00ednimas sufrir\u00e1n un leve ascenso, especialmente en el oeste y centro de la meseta sur, donde los term\u00f3metros no bajar\u00e1n de los 20-22 grados, alcanzando los 25 grados en algunas zonas. <\/p>\n<p class=\"\">Anoche, algunos puntos de Gran Canaria y Tenerife tuvieron \u201cun registro de noche infernal\u201d. En Agaete-Suerte Alta se alcanz\u00f3 31,9 grados como m\u00ednima; mientras que en la pen\u00ednsula, M\u00e1laga destaca con 26,8 en Rinc\u00f3n de la Victoria.<\/p>\n<h3 class=\"\">Sin tregua hasta el jueves<\/h3>\n<p class=\"\">Para los primeros d\u00edas de la pr\u00f3xima semana no hay noticias de un descenso de temperatura. Es probable que el jueves 14 se inicie un descenso t\u00e9rmico, dice la Aemet. Aun as\u00ed, continuar\u00e1 el calor, \u201cpero menos extremo\u201d, indica. En Canarias tambi\u00e9n se registrar\u00e1n temperaturas superiores a las normales. Adem\u00e1s, de precipitaciones \u2015escasas\u2015 en su mayor\u00eda a trav\u00e9s de tormentas; en la mitad norte podr\u00edan ser localmente fuertes. <\/p>\n<p class=\"\">Sin embargo, esta tregua durar\u00e1 poco, seg\u00fan las previsiones. La Aemet menciona que la semana del 18 al 24, probablemente, vuelva a ser m\u00e1s c\u00e1lida de lo normal en la mayor parte de la pen\u00ednsula, salvo en el suroeste. Baleares tambi\u00e9n registrar\u00eda temperaturas superiores a las habituales para la fecha. Puede que se registren chubascos en zonas del interior del territorio, aunque hay mayor incertidumbre en cuanto a las precipitaciones. <\/p>\n<p class=\"\">La \u00faltima semana de agosto, por su parte, del 25 al 31, \u201cla incertidumbre aumenta notablemente y el pron\u00f3stico podr\u00eda variar de forma significativa en futuras actualizaciones\u201d, asegura la Aemet. Por el momento, la agencia espera temperaturas normales de acuerdo a la fecha. Aunque el nordeste de la pen\u00ednsula y algunos puntos en Baleares podr\u00edan ser m\u00e1s c\u00e1lidos.<\/p>\n<\/div>\n\n","protected":false},"excerpt":{"rendered":"<p>La caldera en la que se ha convertido Espa\u00f1a desde que empez\u00f3 agosto seguir\u00e1 hirviendo al menos hasta el mi\u00e9rcoles. Esto dejar\u00eda una ola de calor de 11 d\u00edas consecutivos, seg\u00fan ha notificado la Agencia Estatal de Meteorolog\u00eda (Aemet), que ha vuelto a ampliar la duraci\u00f3n del fen\u00f3meno, que se intensific\u00f3 durante la jornada de &hellip;<\/p>\n","protected":false},"author":1,"featured_media":39460,"comment_status":"open","ping_status":"open","sticky":false,"template":"","format":"standard","meta":{"fifu_image_url":"https:\/\/imagenes.elpais.com\/resizer\/v2\/TQF5ZL3OCZGKJEUY6F5BM444TQ.jpg?auth=a4859a1caf32ee3eae6539fbc7a96357a556fca52a30eb6bbf66def63ad9476b&width=1200","fifu_image_alt":"","footnotes":""},"categories":[11],"tags":[],"class_list":["post-39458","post","type-post","status-publish","format-standard","has-post-thumbnail","","category-viaje"],"_links":{"self":[{"href":"https:\/\/noticiasveraces.com\/index.php?rest_route=\/wp\/v2\/posts\/39458","targetHints":{"allow":["GET"]}}],"collection":[{"href":"https:\/\/noticiasveraces.com\/index.php?rest_route=\/wp\/v2\/posts"}],"about":[{"href":"https:\/\/noticiasveraces.com\/index.php?rest_route=\/wp\/v2\/types\/post"}],"author":[{"embeddable":true,"href":"https:\/\/noticiasveraces.com\/index.php?rest_route=\/wp\/v2\/users\/1"}],"replies":[{"embeddable":true,"href":"https:\/\/noticiasveraces.com\/index.php?rest_route=%2Fwp%2Fv2%2Fcomments&post=39458"}],"version-history":[{"count":0,"href":"https:\/\/noticiasveraces.com\/index.php?rest_route=\/wp\/v2\/posts\/39458\/revisions"}],"wp:featuredmedia":[{"embeddable":true,"href":"https:\/\/noticiasveraces.com\/index.php?rest_route=\/wp\/v2\/media\/39460"}],"wp:attachment":[{"href":"https:\/\/noticiasveraces.com\/index.php?rest_route=%2Fwp%2Fv2%2Fmedia&parent=39458"}],"wp:term":[{"taxonomy":"category","embeddable":true,"href":"https:\/\/noticiasveraces.com\/index.php?rest_route=%2Fwp%2Fv2%2Fcategories&post=39458"},{"taxonomy":"post_tag","embeddable":true,"href":"https:\/\/noticiasveraces.com\/index.php?rest_route=%2Fwp%2Fv2%2Ftags&post=39458"}],"curies":[{"name":"wp","href":"https:\/\/api.w.org\/{rel}","templated":true}]}}