{"id":39452,"date":"2025-08-08T05:59:28","date_gmt":"2025-08-08T09:59:28","guid":{"rendered":"https:\/\/noticiasveraces.com\/?p=39452"},"modified":"2025-08-08T05:59:28","modified_gmt":"2025-08-08T09:59:28","slug":"la-cumbre-de-putin-trump-podria-suceder-la-proxima-semana-en-roma-dicen-multiples-fuentes","status":"publish","type":"post","link":"https:\/\/noticiasveraces.com\/?p=39452","title":{"rendered":"La cumbre de Putin-Trump podr\u00eda suceder la pr\u00f3xima semana en Roma, dicen m\u00faltiples fuentes"},"content":{"rendered":"<p> \n<\/p>\n<div>\n<div id=\"beyondwords-wrapper\" class=\"beyondwords-wrapper\">\n<p><span class=\"label-bg\">NUEVO<\/span>\u00a1Ahora puedes escuchar art\u00edculos de Fox News!\n  <\/p>\n<\/div>\n<p class=\"speakable\">Una cumbre entre el presidente ruso Vladimir Putin y el presidente de los Estados Unidos, Trump, podr\u00eda estar sucediendo tan pronto como la pr\u00f3xima semana. <\/p>\n<p class=\"speakable\">Dos fuentes familiarizadas con las negociaciones dijeron a Fox News que la cumbre estaba en proceso tan pronto como el pr\u00f3ximo lunes, y Roma fue un destino discutido. <\/p>\n<p><strong>Zelenskyy le dice a Putin que \u00absea valiente\u00bb y finalmente acepte una reuni\u00f3n trilateral con Trump<\/strong><\/p>\n<div class=\"image-ct inline\">\n<div class=\"m\"><picture><source media=\"(max-width: 767px)\" srcset=\"https:\/\/a57.foxnews.com\/static.foxnews.com\/foxnews.com\/content\/uploads\/2025\/08\/343\/192\/trump-putin-split_02.jpg?ve=1&amp;tl=1, https:\/\/a57.foxnews.com\/static.foxnews.com\/foxnews.com\/content\/uploads\/2025\/08\/686\/384\/trump-putin-split_02.jpg?ve=1&amp;tl=1 2x\" height=\"192\" width=\"343\"><source media=\"(min-width: 768px) and (max-width: 1023px)\" srcset=\"https:\/\/a57.foxnews.com\/static.foxnews.com\/foxnews.com\/content\/uploads\/2025\/08\/672\/378\/trump-putin-split_02.jpg?ve=1&amp;tl=1, https:\/\/a57.foxnews.com\/static.foxnews.com\/foxnews.com\/content\/uploads\/2025\/08\/1344\/756\/trump-putin-split_02.jpg?ve=1&amp;tl=1 2x\" height=\"378\" width=\"672\"><source media=\"(min-width: 1024px) and (max-width: 1279px)\" srcset=\"https:\/\/a57.foxnews.com\/static.foxnews.com\/foxnews.com\/content\/uploads\/2025\/08\/931\/523\/trump-putin-split_02.jpg?ve=1&amp;tl=1, https:\/\/a57.foxnews.com\/static.foxnews.com\/foxnews.com\/content\/uploads\/2025\/08\/1862\/1046\/trump-putin-split_02.jpg?ve=1&amp;tl=1 2x\" height=\"523\" width=\"931\"><source media=\"(min-width: 1280px)\" srcset=\"https:\/\/a57.foxnews.com\/static.foxnews.com\/foxnews.com\/content\/uploads\/2025\/08\/720\/405\/trump-putin-split_02.jpg?ve=1&amp;tl=1, https:\/\/a57.foxnews.com\/static.foxnews.com\/foxnews.com\/content\/uploads\/2025\/08\/1440\/810\/trump-putin-split_02.jpg?ve=1&amp;tl=1 2x\" height=\"405\" width=\"720\"><img loading=\"lazy\" decoding=\"async\" src=\"https:\/\/a57.foxnews.com\/static.foxnews.com\/foxnews.com\/content\/uploads\/2025\/08\/1200\/675\/trump-putin-split_02.jpg?ve=1&amp;tl=1\" alt=\"El presidente Donald Trump se reunir\u00e1 en persona con Vladimir Putin de Rusia\" width=\"1200\" height=\"675\"\/><\/source><\/source><\/source><\/source><\/picture><\/div>\n<div class=\"info\">\n<div class=\"caption\">\n<p><span>Se espera que el presidente Donald Trump se re\u00fana en persona con Vladimir Putin de Rusia, posiblemente la pr\u00f3xima semana. <\/span> <span>(Getty Images)<\/span><\/p>\n<\/div>\n<\/div>\n<\/div>\n<p>Si la reuni\u00f3n avanza m\u00e1s adelante en la semana, Roma a\u00fan puede ser una posibilidad, aunque otros pa\u00edses tambi\u00e9n est\u00e1n en la mezcla en Europa y en otros lugares. <\/p>\n<p><strong>La reuni\u00f3n de Trump-Putin acord\u00f3 \u00aben principio\u00bb, indica el asistente de Kremlin<\/strong><\/p>\n<p>La cumbre a\u00fan podr\u00eda desmoronarse ya que el presidente ucraniano Volodymyr Zelenskyy le dijo a Estados Unidos que no admitir\u00e1 ning\u00fan territorio en un acuerdo de paz con Rusia y que solo el parlamento ucraniano puede hacerlo.<\/p>\n<div class=\"image-ct inline\">\n<div class=\"m\"><picture><source media=\"(max-width: 767px)\" srcset=\"https:\/\/a57.foxnews.com\/static.foxnews.com\/foxnews.com\/content\/uploads\/2025\/03\/343\/192\/zelenskyy-trump-vance-oval-scaled.jpg?ve=1&amp;tl=1, https:\/\/a57.foxnews.com\/static.foxnews.com\/foxnews.com\/content\/uploads\/2025\/03\/686\/384\/zelenskyy-trump-vance-oval-scaled.jpg?ve=1&amp;tl=1 2x\" height=\"192\" width=\"343\"><source media=\"(min-width: 768px) and (max-width: 1023px)\" srcset=\"https:\/\/a57.foxnews.com\/static.foxnews.com\/foxnews.com\/content\/uploads\/2025\/03\/672\/378\/zelenskyy-trump-vance-oval-scaled.jpg?ve=1&amp;tl=1, https:\/\/a57.foxnews.com\/static.foxnews.com\/foxnews.com\/content\/uploads\/2025\/03\/1344\/756\/zelenskyy-trump-vance-oval-scaled.jpg?ve=1&amp;tl=1 2x\" height=\"378\" width=\"672\"><source media=\"(min-width: 1024px) and (max-width: 1279px)\" srcset=\"https:\/\/a57.foxnews.com\/static.foxnews.com\/foxnews.com\/content\/uploads\/2025\/03\/931\/523\/zelenskyy-trump-vance-oval-scaled.jpg?ve=1&amp;tl=1, https:\/\/a57.foxnews.com\/static.foxnews.com\/foxnews.com\/content\/uploads\/2025\/03\/1862\/1046\/zelenskyy-trump-vance-oval-scaled.jpg?ve=1&amp;tl=1 2x\" height=\"523\" width=\"931\"><source media=\"(min-width: 1280px)\" srcset=\"https:\/\/a57.foxnews.com\/static.foxnews.com\/foxnews.com\/content\/uploads\/2025\/03\/720\/405\/zelenskyy-trump-vance-oval-scaled.jpg?ve=1&amp;tl=1, https:\/\/a57.foxnews.com\/static.foxnews.com\/foxnews.com\/content\/uploads\/2025\/03\/1440\/810\/zelenskyy-trump-vance-oval-scaled.jpg?ve=1&amp;tl=1 2x\" height=\"405\" width=\"720\"><img loading=\"lazy\" decoding=\"async\" src=\"https:\/\/a57.foxnews.com\/static.foxnews.com\/foxnews.com\/content\/uploads\/2025\/03\/1200\/675\/zelenskyy-trump-vance-oval-scaled.jpg?ve=1&amp;tl=1\" alt=\"El presidente de los Estados Unidos, Donald Trump (C) y el vicepresidente JD Vance se re\u00fanen con el presidente ucraniano Volodymyr Zelensky en la Oficina Oval de la Casa Blanca el 28 de febrero de 2025 en Washington, DC. \" width=\"1200\" height=\"675\"\/><\/source><\/source><\/source><\/source><\/picture><\/div>\n<div class=\"info\">\n<div class=\"caption\">\n<p><span>El presidente de los Estados Unidos, Donald Trump (C) y el vicepresidente JD Vance se re\u00fanen con el presidente ucraniano Volodymyr Zelensky en la Oficina Oval de la Casa Blanca el 28 de febrero de 2025 en Washington, DC. <\/span> <span>(Andrew Harnik\/Getty Images)<\/span><\/p>\n<\/div>\n<\/div>\n<\/div>\n<p>Una reuni\u00f3n entre Putin y Trump ser\u00eda la primera desde que Trump regres\u00f3 al cargo este a\u00f1o. Ser\u00eda un hito significativo en la guerra de 3 a\u00f1os, aunque no hay promesa de que una reuni\u00f3n llevar\u00eda al final de los combates ya que Rusia y Ucrania permanecen muy separadas por sus demandas.<\/p>\n<p>Trump, apareciendo ante los periodistas m\u00e1s tarde en la Casa Blanca, no respondi\u00f3 preguntas sobre una ubicaci\u00f3n potencial para una reuni\u00f3n, pero cuando se les pregunt\u00f3 sobre una cumbre con Putin y Zelenskyy, dijo que \u00abhay una muy buena perspectiva de que se re\u00fanan\u00bb.<\/p>\n<div class=\"image-ct inline\">\n<div class=\"m\"><picture><source media=\"(max-width: 767px)\" srcset=\"https:\/\/a57.foxnews.com\/static.foxnews.com\/foxnews.com\/content\/uploads\/2025\/04\/343\/192\/vladimir-putin.png?ve=1&amp;tl=1, https:\/\/a57.foxnews.com\/static.foxnews.com\/foxnews.com\/content\/uploads\/2025\/04\/686\/384\/vladimir-putin.png?ve=1&amp;tl=1 2x\" height=\"192\" width=\"343\"><source media=\"(min-width: 768px) and (max-width: 1023px)\" srcset=\"https:\/\/a57.foxnews.com\/static.foxnews.com\/foxnews.com\/content\/uploads\/2025\/04\/672\/378\/vladimir-putin.png?ve=1&amp;tl=1, https:\/\/a57.foxnews.com\/static.foxnews.com\/foxnews.com\/content\/uploads\/2025\/04\/1344\/756\/vladimir-putin.png?ve=1&amp;tl=1 2x\" height=\"378\" width=\"672\"><source media=\"(min-width: 1024px) and (max-width: 1279px)\" srcset=\"https:\/\/a57.foxnews.com\/static.foxnews.com\/foxnews.com\/content\/uploads\/2025\/04\/931\/523\/vladimir-putin.png?ve=1&amp;tl=1, https:\/\/a57.foxnews.com\/static.foxnews.com\/foxnews.com\/content\/uploads\/2025\/04\/1862\/1046\/vladimir-putin.png?ve=1&amp;tl=1 2x\" height=\"523\" width=\"931\"><source media=\"(min-width: 1280px)\" srcset=\"https:\/\/a57.foxnews.com\/static.foxnews.com\/foxnews.com\/content\/uploads\/2025\/04\/720\/405\/vladimir-putin.png?ve=1&amp;tl=1, https:\/\/a57.foxnews.com\/static.foxnews.com\/foxnews.com\/content\/uploads\/2025\/04\/1440\/810\/vladimir-putin.png?ve=1&amp;tl=1 2x\" height=\"405\" width=\"720\"><img loading=\"lazy\" decoding=\"async\" src=\"https:\/\/a57.foxnews.com\/static.foxnews.com\/foxnews.com\/content\/uploads\/2025\/04\/1200\/675\/vladimir-putin.png?ve=1&amp;tl=1\" alt=\"Vladimir Putin\" width=\"1200\" height=\"675\"\/><\/source><\/source><\/source><\/source><\/picture><\/div>\n<div class=\"info\">\n<div class=\"caption\">\n<p><span>En esta fotograf\u00eda de la piscina distribuida por la agencia estatal rusa Sputnik, el presidente de Rusia, Vladimir Putin, preside una reuni\u00f3n del Consejo de Seguridad a trav\u00e9s de videoconferencia en el Kremlin en Mosc\u00fa el 28 de marzo de 2025.<\/span> <span>(Sergei Ilyin\/Pool\/AFP a trav\u00e9s de Getty Images)<\/span><\/p>\n<\/div>\n<\/div>\n<\/div>\n<p><strong>Haga clic aqu\u00ed para obtener la aplicaci\u00f3n Fox News<\/strong><\/p>\n<p>El presidente se neg\u00f3 a predecir qu\u00e9 tan cerca estaba de llegar a un acuerdo para poner fin a la lucha, diciendo: \u00abMe decepcion\u00f3 antes con este\u00bb.<\/p>\n<p><i>Associated Press contribuy\u00f3 a este informe. <\/i><\/p>\n<p> <!----> <\/p>\n<div class=\"article-meta\">\n<div class=\"author-bio\">\n<p>Bradford Betz es un reportero de Fox News Digital Breaking que cubre el crimen, los problemas pol\u00edticos y mucho m\u00e1s. <\/p>\n<\/div>\n<\/div>\n<\/div>\n\n","protected":false},"excerpt":{"rendered":"<p>NUEVO\u00a1Ahora puedes escuchar art\u00edculos de Fox News! Una cumbre entre el presidente ruso Vladimir Putin y el presidente de los Estados Unidos, Trump, podr\u00eda estar sucediendo tan pronto como la pr\u00f3xima semana. Dos fuentes familiarizadas con las negociaciones dijeron a Fox News que la cumbre estaba en proceso tan pronto como el pr\u00f3ximo lunes, y &hellip;<\/p>\n","protected":false},"author":1,"featured_media":39454,"comment_status":"open","ping_status":"open","sticky":false,"template":"","format":"standard","meta":{"fifu_image_url":"https:\/\/static.foxnews.com\/foxnews.com\/content\/uploads\/2025\/08\/trump-putin-split_02.jpg","fifu_image_alt":"","footnotes":""},"categories":[13],"tags":[],"class_list":["post-39452","post","type-post","status-publish","format-standard","has-post-thumbnail","","category-mundo"],"_links":{"self":[{"href":"https:\/\/noticiasveraces.com\/index.php?rest_route=\/wp\/v2\/posts\/39452","targetHints":{"allow":["GET"]}}],"collection":[{"href":"https:\/\/noticiasveraces.com\/index.php?rest_route=\/wp\/v2\/posts"}],"about":[{"href":"https:\/\/noticiasveraces.com\/index.php?rest_route=\/wp\/v2\/types\/post"}],"author":[{"embeddable":true,"href":"https:\/\/noticiasveraces.com\/index.php?rest_route=\/wp\/v2\/users\/1"}],"replies":[{"embeddable":true,"href":"https:\/\/noticiasveraces.com\/index.php?rest_route=%2Fwp%2Fv2%2Fcomments&post=39452"}],"version-history":[{"count":0,"href":"https:\/\/noticiasveraces.com\/index.php?rest_route=\/wp\/v2\/posts\/39452\/revisions"}],"wp:featuredmedia":[{"embeddable":true,"href":"https:\/\/noticiasveraces.com\/index.php?rest_route=\/wp\/v2\/media\/39454"}],"wp:attachment":[{"href":"https:\/\/noticiasveraces.com\/index.php?rest_route=%2Fwp%2Fv2%2Fmedia&parent=39452"}],"wp:term":[{"taxonomy":"category","embeddable":true,"href":"https:\/\/noticiasveraces.com\/index.php?rest_route=%2Fwp%2Fv2%2Fcategories&post=39452"},{"taxonomy":"post_tag","embeddable":true,"href":"https:\/\/noticiasveraces.com\/index.php?rest_route=%2Fwp%2Fv2%2Ftags&post=39452"}],"curies":[{"name":"wp","href":"https:\/\/api.w.org\/{rel}","templated":true}]}}