{"id":39450,"date":"2025-08-08T04:58:34","date_gmt":"2025-08-08T08:58:34","guid":{"rendered":"https:\/\/noticiasveraces.com\/?p=39450"},"modified":"2025-08-08T04:58:34","modified_gmt":"2025-08-08T08:58:34","slug":"onu-exige-detener-inmediatamente-el-plan-de-ocupar-gaza-dw-08-08-2025","status":"publish","type":"post","link":"https:\/\/noticiasveraces.com\/?p=39450","title":{"rendered":"ONU exige detener inmediatamente el plan de ocupar Gaza \u2013 DW \u2013 08\/08\/2025"},"content":{"rendered":"<p> \n<\/p>\n<div data-tracking-name=\"rich-text\" data-tracking-skip=\"true\">\n<p>Los planes de \u00abocupaci\u00f3n militar total\u00bb de la Franja de Gaza por parte del Ej\u00e9rcito de Israel\u00a0deben \u00abdetenerse de inmediato\u00bb, advirti\u00f3 este viernes (8.08.2025) el alto comisionado de la ONU para los derechos humanos Volker T\u00fcrk, quien asegur\u00f3 que violar\u00edan el derecho internacional y podr\u00edan causar m\u00e1s muertes y desplazamiento forzado.<\/p>\n<p>\u00abVan en contra del fallo de la Corte Internacional de Justicia en el que se establece que Israel debe poner fin a su ocupaci\u00f3n lo antes posible, as\u00ed como contra la soluci\u00f3n acordada de dos Estados y contra el derecho del pueblo palestino a la autodeterminaci\u00f3n\u00bb, subray\u00f3 el alto comisionado austr\u00edaco en un comunicado este viernes.<\/p>\n<figure class=\"placeholder-image master_landscape big\"><img data-format=\"MASTER_LANDSCAPE\" data-id=\"73543600\" data-url=\"https:\/\/static.dw.com\/image\/73543600_${formatId}.jpg\" data-aspect-ratio=\"16\/9\" alt=\"Convoyes militares del Ej\u00e9rcito de Israel en la Franja de Gaza. (5.08.2025).\" style=\"padding-bottom: 56.25%; height: 0; max-height: 0;\"\/><figcaption class=\"img-caption\">Convoyes militares del Ej\u00e9rcito de Israel en la Franja de Gaza. (5.08.2025).<small class=\"copyright\">Imagen: Amir Cohen\/REUTERS<\/small><\/figcaption><\/figure>\n<p>La puesta en marcha de este plan por parte de Israel, que ya ha aprobado la ocupaci\u00f3n de la ciudad de Gaza, capital de la Franja, provocar\u00eda \u00abm\u00e1s sufrimiento insoportable, destrucci\u00f3n sin sentido\u00bb, y la comisi\u00f3n de cr\u00edmenes de guerra y lesa humanidad, agreg\u00f3 T\u00fcrk.<\/p>\n<p>\u00abTodo apunta a que esta nueva escalada provocar\u00e1 desplazamientos forzados a\u00fan m\u00e1s masivos, m\u00e1s muertes, m\u00e1s sufrimiento insoportable, destrucciones sin sentido y cr\u00edmenes atroces\u00bb, denunci\u00f3 el Alto Comisionado.<\/p>\n<p>T\u00fcrk pidi\u00f3 al gobierno israel\u00ed que permita que la ayuda humanitaria entre \u00absin obst\u00e1culos\u00bb en Gaza \u00aben lugar de intensificar la guerra\u00bb.<\/p>\n<figure class=\"placeholder-image master_landscape big\"><img data-format=\"MASTER_LANDSCAPE\" data-id=\"73397563\" data-url=\"https:\/\/static.dw.com\/image\/73397563_${formatId}.jpg\" data-aspect-ratio=\"16\/9\" alt=\"Una multitud de personas pide alimentos con recipientes en las manos en Gaza.\" style=\"padding-bottom: 56.25%; height: 0; max-height: 0;\"\/><figcaption class=\"img-caption\">El hambre, las enfermedades y la destrucci\u00f3n azotan a los palestinos en Gaza.<small class=\"copyright\">Imagen: Dawoud Abu Alkas\/REUTERS<\/small><\/figcaption><\/figure>\n<p>Los rehenes, secuestrados durante el ataque perpetrado el 7 de octubre de 2023 por Ham\u00e1s en territorio israel\u00ed, \u00abdeben ser liberados de inmediato y sin condiciones por los grupos armados palestinos\u00bb, exigi\u00f3 tambi\u00e9n el responsable de la ONU.<\/p>\n<p>El ej\u00e9rcito israel\u00ed respondi\u00f3 a este ataque sin precedentes lanzando una guerra que ha destruido gran parte de la Franja de Gaza y ha causado m\u00e1s de 60.000 muertos, seg\u00fan el Ministerio de Salud de Ham\u00e1s.<\/p>\n<p>\u00abLos palestinos detenidos arbitrariamente por Israel tambi\u00e9n deben ser liberados de inmediato y sin condiciones\u00bb, a\u00f1adi\u00f3 T\u00fcrk.<\/p>\n<p>CP (AFP, Efe)<\/p>\n<\/div>\n\n","protected":false},"excerpt":{"rendered":"<p>Los planes de \u00abocupaci\u00f3n militar total\u00bb de la Franja de Gaza por parte del Ej\u00e9rcito de Israel\u00a0deben \u00abdetenerse de inmediato\u00bb, advirti\u00f3 este viernes (8.08.2025) el alto comisionado de la ONU para los derechos humanos Volker T\u00fcrk, quien asegur\u00f3 que violar\u00edan el derecho internacional y podr\u00edan causar m\u00e1s muertes y desplazamiento forzado. \u00abVan en contra del &hellip;<\/p>\n","protected":false},"author":1,"featured_media":39451,"comment_status":"open","ping_status":"open","sticky":false,"template":"","format":"standard","meta":{"fifu_image_url":"https:\/\/static.dw.com\/image\/73559612_6.jpg","fifu_image_alt":"","footnotes":""},"categories":[13],"tags":[],"class_list":["post-39450","post","type-post","status-publish","format-standard","has-post-thumbnail","","category-mundo"],"_links":{"self":[{"href":"https:\/\/noticiasveraces.com\/index.php?rest_route=\/wp\/v2\/posts\/39450","targetHints":{"allow":["GET"]}}],"collection":[{"href":"https:\/\/noticiasveraces.com\/index.php?rest_route=\/wp\/v2\/posts"}],"about":[{"href":"https:\/\/noticiasveraces.com\/index.php?rest_route=\/wp\/v2\/types\/post"}],"author":[{"embeddable":true,"href":"https:\/\/noticiasveraces.com\/index.php?rest_route=\/wp\/v2\/users\/1"}],"replies":[{"embeddable":true,"href":"https:\/\/noticiasveraces.com\/index.php?rest_route=%2Fwp%2Fv2%2Fcomments&post=39450"}],"version-history":[{"count":0,"href":"https:\/\/noticiasveraces.com\/index.php?rest_route=\/wp\/v2\/posts\/39450\/revisions"}],"wp:featuredmedia":[{"embeddable":true,"href":"https:\/\/noticiasveraces.com\/index.php?rest_route=\/wp\/v2\/media\/39451"}],"wp:attachment":[{"href":"https:\/\/noticiasveraces.com\/index.php?rest_route=%2Fwp%2Fv2%2Fmedia&parent=39450"}],"wp:term":[{"taxonomy":"category","embeddable":true,"href":"https:\/\/noticiasveraces.com\/index.php?rest_route=%2Fwp%2Fv2%2Fcategories&post=39450"},{"taxonomy":"post_tag","embeddable":true,"href":"https:\/\/noticiasveraces.com\/index.php?rest_route=%2Fwp%2Fv2%2Ftags&post=39450"}],"curies":[{"name":"wp","href":"https:\/\/api.w.org\/{rel}","templated":true}]}}