{"id":39429,"date":"2025-08-08T01:54:58","date_gmt":"2025-08-08T05:54:58","guid":{"rendered":"https:\/\/noticiasveraces.com\/?p=39429"},"modified":"2025-08-08T01:54:58","modified_gmt":"2025-08-08T05:54:58","slug":"israel-adopta-plan-para-tomar-el-control-de-ciudad-de-gaza-dw-08-08-2025","status":"publish","type":"post","link":"https:\/\/noticiasveraces.com\/?p=39429","title":{"rendered":"Israel adopta plan para \u00abtomar el control\u00bb de Ciudad de Gaza \u2013 DW \u2013 08\/08\/2025"},"content":{"rendered":"<p> \n<\/p>\n<div data-tracking-name=\"rich-text\" data-tracking-skip=\"true\">\n<p>El gabinete de seguridad de Israel aprob\u00f3 en la noche del jueves al viernes (08.08.2025) el plan presentado por el primer ministro Benjamin Netanyahu para \u00abderrotar\u00bb al movimiento islamista Ham\u00e1s, que incluye hacerse con Ciudad de Gaza, seg\u00fan un comunicado de su oficina.<\/p>\n<p>El ej\u00e9rcito israel\u00ed \u00abse prepara para tomar el control de Ciudad de Gaza (norte), al tiempo que distribuye ayuda humanitaria a la poblaci\u00f3n civil fuera de las zonas de combate\u00bb, indic\u00f3 el bolet\u00edn.<\/p>\n<p>\u00abEl gabinete de seguridad, por mayor\u00eda de votos, ha adoptado cinco principios para poner fin a la guerra\u00bb, a\u00f1ade.<\/p>\n<p>Los precisa como \u00abel desarme de Ham\u00e1s; la devoluci\u00f3n de todos los rehenes, vivos y muertos; la desmilitarizaci\u00f3n de la Franja de Gaza; el control de seguridad israel\u00ed en la Franja de Gaza; y el establecimiento de una administraci\u00f3n civil alternativa que no sea ni Ham\u00e1s ni la Autoridad Palestina\u00bb.<\/p>\n<p>\u00abUna mayor\u00eda decisiva de los ministros del gabinete consider\u00f3 adem\u00e1s que un plan alternativo\u00bb sometido a su examen \u00abno permitir\u00eda ni derrotar a Ham\u00e1s ni recuperar a los rehenes\u00bb, asegura comunicado.<\/p>\n<p>Netanyahu afirm\u00f3 el jueves que Israel quiere tomar el control total de Franja pero no gobernarla, poco antes de la reuni\u00f3n de su gabinete de seguridad.<\/p>\n<p>Israel est\u00e1 bajo presi\u00f3n internacional y las agencias de la ONU advierten de una \u00abhambruna\u00bb en el territorio devastado por la guerra.<\/p>\n<p>La ofensiva israel\u00ed en Gaza comenz\u00f3 en respuesta a los ataques lanzados el 7 de octubre de 2023 por parte de Ham\u00e1s, movimiento calificado como terrorista por Estados Unidos, la Uni\u00f3n Europea y otros pa\u00edses.<\/p>\n<p>GS (AFP, Efe)<\/p>\n<div class=\"vjs-wrapper embed big\">\n<h2 aria-label=\"Video integrado \u2014 La desesperaci\u00f3n en Gaza crece ante la escasez de alimentos \" class=\"headline\"><svg xmlns=\"http:\/\/www.w3.org\/2000\/svg\" viewbox=\"0 0 20 20\"><g fill-rule=\"evenodd\"><path d=\"M14.114 7.599H13.5l.002 4.706h.601l4.582 3.25-.005-11.11zM11.084 4.444l-9.007.002-1.336.797.002 9.514 1.334.793 9.007.006 1.509-.799-.004-9.516z\"\/><\/g><\/svg>La desesperaci\u00f3n en Gaza crece ante la escasez de alimentos <\/h2>\n<p><video id=\"video-73480755\" controls=\"\" playsinline=\"\" preload=\"none\" poster=\"data:image\/png;base64,iVBORw0KGgoAAAANSUhEUgAAAAEAAAABCAQAAAC1HAwCAAAAC0lEQVR42mNkYAAAAAYAAjCB0C8AAAAASUVORK5CYII=\" data-id=\"73480755\" data-posterurl=\"https:\/\/static.dw.com\/image\/73457766_605.webp\" data-duration=\"03:02\"><source src=\"https:\/\/hlsvod.dw.com\/i\/dwtv_video\/flv\/js\/js20250731_QGAZAHUMAN18B_,AVC_480x270,AVC_512x288,AVC_640x360,AVC_960x540,AVC_1280x720,AVC_1920x1080,.mp4.csmil\/master.m3u8\" type=\"application\/x-mpegURL\"><source src=\"https:\/\/tvdownloaddw-a.akamaihd.net\/dwtv_video\/flv\/js\/js20250731_QGAZAHUMAN18B_AVC_1920x1080.mp4\" type=\"video\/mp4\"><track src=\"https:\/\/www.dw.com\/media\/subtitles\/73528730\" srclang=\"es\" label=\"SPANISH\" default=\"\"><p class=\"vjs-no-js\">Para ver este video, habilite JavaScript y considere actualizar a un navegador web que admite el video HTML5<\/p>\n<\/track><\/source><\/source><\/video><\/div>\n<\/div>\n\n","protected":false},"excerpt":{"rendered":"<p>El gabinete de seguridad de Israel aprob\u00f3 en la noche del jueves al viernes (08.08.2025) el plan presentado por el primer ministro Benjamin Netanyahu para \u00abderrotar\u00bb al movimiento islamista Ham\u00e1s, que incluye hacerse con Ciudad de Gaza, seg\u00fan un comunicado de su oficina. El ej\u00e9rcito israel\u00ed \u00abse prepara para tomar el control de Ciudad de &hellip;<\/p>\n","protected":false},"author":1,"featured_media":39430,"comment_status":"open","ping_status":"open","sticky":false,"template":"","format":"standard","meta":{"fifu_image_url":"https:\/\/static.dw.com\/image\/73565673_6.jpg","fifu_image_alt":"","footnotes":""},"categories":[13],"tags":[],"class_list":["post-39429","post","type-post","status-publish","format-standard","has-post-thumbnail","","category-mundo"],"_links":{"self":[{"href":"https:\/\/noticiasveraces.com\/index.php?rest_route=\/wp\/v2\/posts\/39429","targetHints":{"allow":["GET"]}}],"collection":[{"href":"https:\/\/noticiasveraces.com\/index.php?rest_route=\/wp\/v2\/posts"}],"about":[{"href":"https:\/\/noticiasveraces.com\/index.php?rest_route=\/wp\/v2\/types\/post"}],"author":[{"embeddable":true,"href":"https:\/\/noticiasveraces.com\/index.php?rest_route=\/wp\/v2\/users\/1"}],"replies":[{"embeddable":true,"href":"https:\/\/noticiasveraces.com\/index.php?rest_route=%2Fwp%2Fv2%2Fcomments&post=39429"}],"version-history":[{"count":0,"href":"https:\/\/noticiasveraces.com\/index.php?rest_route=\/wp\/v2\/posts\/39429\/revisions"}],"wp:featuredmedia":[{"embeddable":true,"href":"https:\/\/noticiasveraces.com\/index.php?rest_route=\/wp\/v2\/media\/39430"}],"wp:attachment":[{"href":"https:\/\/noticiasveraces.com\/index.php?rest_route=%2Fwp%2Fv2%2Fmedia&parent=39429"}],"wp:term":[{"taxonomy":"category","embeddable":true,"href":"https:\/\/noticiasveraces.com\/index.php?rest_route=%2Fwp%2Fv2%2Fcategories&post=39429"},{"taxonomy":"post_tag","embeddable":true,"href":"https:\/\/noticiasveraces.com\/index.php?rest_route=%2Fwp%2Fv2%2Ftags&post=39429"}],"curies":[{"name":"wp","href":"https:\/\/api.w.org\/{rel}","templated":true}]}}