{"id":39417,"date":"2025-08-07T23:52:38","date_gmt":"2025-08-08T03:52:38","guid":{"rendered":"https:\/\/noticiasveraces.com\/?p=39417"},"modified":"2025-08-07T23:52:38","modified_gmt":"2025-08-08T03:52:38","slug":"exguerrilleros-de-kosovo-protestan-contra-tribunal-de-guerra-dw-08-08-2025","status":"publish","type":"post","link":"https:\/\/noticiasveraces.com\/?p=39417","title":{"rendered":"Exguerrilleros de Kosovo protestan contra tribunal de guerra \u2013 DW \u2013 08\/08\/2025"},"content":{"rendered":"<p> \n<\/p>\n<div data-tracking-name=\"rich-text\" data-tracking-skip=\"true\">\n<p>Miles de veteranos de guerra de Kosovo se manifestaron el jueves (07.08.2025) contra el tribunal de cr\u00edmenes de guerra en La Haya, al que acusaron de \u00abdistorsionar la historia\u00bb por el enjuiciamiento de antiguos l\u00edderes guerrilleros.<\/p>\n<p>Coreando el nombre del Ej\u00e9rcito de Liberaci\u00f3n de Kosovo (EKL) y ondeando banderas con los s\u00edmbolos de los guerrilleros de etnia albanesa, los manifestantes llenaron una plaza c\u00e9ntrica de Pristina y las calles alrededor de la sede del Gobierno.<\/p>\n<p>El tribunal especial \u00abes parcial\u00bb y est\u00e1 distorsionando la historia\u00bb, declar\u00f3 ante la multitud Hysni Gucati, presidente de la organizaci\u00f3n de veteranos.<\/p>\n<p>Varias figuras militares, entre ellas el expresidente de Kosovo Hashim Thaci, est\u00e1n siendo procesadas por presuntos cr\u00edmenes de guerra y de lesa humanidad durante y despu\u00e9s de la guerra de Kosovo (1998-1999) entre guerrilleros de etnia albanesa y fuerzas serbias.<\/p>\n<figure class=\"placeholder-image master_landscape big\"><img data-format=\"MASTER_LANDSCAPE\" data-id=\"73564826\" data-url=\"https:\/\/static.dw.com\/image\/73564826_${formatId}.jpg\" data-aspect-ratio=\"16\/9\" alt=\"Veteranos de guerra de Kosovo participaron en la marcha en Pristina contra el tribunal especial que juzgar\u00e1 a expoliic\u00edas y exmilitares. (07.08.2025)\" style=\"padding-bottom: 56.25%; height: 0; max-height: 0;\"\/><figcaption class=\"img-caption\">Veteranos de guerra de Kosovo participaron en la marcha en Pristina contra el tribunal especial que juzgar\u00e1 a expoliic\u00edas y exmilitares. (07.08.2025)<small class=\"copyright\">Imagen: Bekim Shehu\/DW<\/small><\/figcaption><\/figure>\n<p>El conflicto, que termin\u00f3 despu\u00e9s de que una campa\u00f1a a\u00e9rea de la OTAN expulsara al ej\u00e9rcito y la polic\u00eda serbios del territorio, dej\u00f3 alrededor de 13.000 muertos, en su mayor\u00eda civiles de etnia albanesa.<\/p>\n<p>Los tribunales de Kosovo han juzgado cr\u00edmenes de guerra cometidos por albaneses y serbios en el pasado, pero se cre\u00f3 un tribunal especial en La Haya debido a la dificultad de conseguir testigos para los juicios contra destacados l\u00edderes del ELK en su pa\u00eds.<\/p>\n<p>Un tribunal de Pristina se est\u00e1 preparando para juzgar a decenas de polic\u00edas y militares serbios por una de las peores masacres de la guerra, en la que murieron 370 civiles.<\/p>\n<p><span data-slot-id=\"Article_InContent-1\" class=\"rich-text-ad\"\/><\/p>\n<h2>Varios jefes militares procesados<\/h2>\n<p> Sin embargo, los detractores del tribunal especial critican el uso de pruebas proporcionadas por las autoridades serbias.<\/p>\n<p>El tribunal, integrado por jueces internacionales, ha procesado a varios miembros del ELK desde 2023. Adem\u00e1s de Thaci, entre las figuras destacadas procesadas se encuentran el exjefe de inteligencia Kadri Veseli, el comandante regional Rexhep Selimi y el portavoz del ELK Jakup Krasniqi.<\/p>\n<p>Todos ellos son considerados fundadores del ELK y gozan de gran popularidad entre las filas de los antiguos guerrilleros, pero est\u00e1n acusados de cr\u00edmenes de guerra.<\/p>\n<p>\u00abEl tribunal est\u00e1 reescribiendo nuestra historia\u00bb, afirm\u00f3 Gazmend Syla, vicepresidente de la Organizaci\u00f3n de Veteranos de Guerra. \u00abEsto sacude los cimientos de nuestro Estado\u00bb.<\/p>\n<p>Serbia nunca ha reconocido la independencia de Kosovo, y las conversaciones para normalizar las relaciones entre los vecinos se han venido abajo.<\/p>\n<p>GS (AFP, AP)<\/p>\n<\/div>\n\n","protected":false},"excerpt":{"rendered":"<p>Miles de veteranos de guerra de Kosovo se manifestaron el jueves (07.08.2025) contra el tribunal de cr\u00edmenes de guerra en La Haya, al que acusaron de \u00abdistorsionar la historia\u00bb por el enjuiciamiento de antiguos l\u00edderes guerrilleros. Coreando el nombre del Ej\u00e9rcito de Liberaci\u00f3n de Kosovo (EKL) y ondeando banderas con los s\u00edmbolos de los guerrilleros &hellip;<\/p>\n","protected":false},"author":1,"featured_media":39418,"comment_status":"open","ping_status":"open","sticky":false,"template":"","format":"standard","meta":{"fifu_image_url":"https:\/\/static.dw.com\/image\/73564848_6.jpg","fifu_image_alt":"","footnotes":""},"categories":[13],"tags":[],"class_list":["post-39417","post","type-post","status-publish","format-standard","has-post-thumbnail","","category-mundo"],"_links":{"self":[{"href":"https:\/\/noticiasveraces.com\/index.php?rest_route=\/wp\/v2\/posts\/39417","targetHints":{"allow":["GET"]}}],"collection":[{"href":"https:\/\/noticiasveraces.com\/index.php?rest_route=\/wp\/v2\/posts"}],"about":[{"href":"https:\/\/noticiasveraces.com\/index.php?rest_route=\/wp\/v2\/types\/post"}],"author":[{"embeddable":true,"href":"https:\/\/noticiasveraces.com\/index.php?rest_route=\/wp\/v2\/users\/1"}],"replies":[{"embeddable":true,"href":"https:\/\/noticiasveraces.com\/index.php?rest_route=%2Fwp%2Fv2%2Fcomments&post=39417"}],"version-history":[{"count":0,"href":"https:\/\/noticiasveraces.com\/index.php?rest_route=\/wp\/v2\/posts\/39417\/revisions"}],"wp:featuredmedia":[{"embeddable":true,"href":"https:\/\/noticiasveraces.com\/index.php?rest_route=\/wp\/v2\/media\/39418"}],"wp:attachment":[{"href":"https:\/\/noticiasveraces.com\/index.php?rest_route=%2Fwp%2Fv2%2Fmedia&parent=39417"}],"wp:term":[{"taxonomy":"category","embeddable":true,"href":"https:\/\/noticiasveraces.com\/index.php?rest_route=%2Fwp%2Fv2%2Fcategories&post=39417"},{"taxonomy":"post_tag","embeddable":true,"href":"https:\/\/noticiasveraces.com\/index.php?rest_route=%2Fwp%2Fv2%2Ftags&post=39417"}],"curies":[{"name":"wp","href":"https:\/\/api.w.org\/{rel}","templated":true}]}}