{"id":39409,"date":"2025-08-07T20:48:06","date_gmt":"2025-08-08T00:48:06","guid":{"rendered":"https:\/\/noticiasveraces.com\/?p=39409"},"modified":"2025-08-07T20:48:06","modified_gmt":"2025-08-08T00:48:06","slug":"francia-estabiliza-megaincendio-que-arraso-16-000-hectareas-dw-08-08-2025","status":"publish","type":"post","link":"https:\/\/noticiasveraces.com\/?p=39409","title":{"rendered":"Francia estabiliza megaincendio que arras\u00f3 16.000 hect\u00e1reas \u2013 DW \u2013 08\/08\/2025"},"content":{"rendered":"<p> \n<\/p>\n<div data-tracking-name=\"rich-text\" data-tracking-skip=\"true\">\n<p>El megaincendio declarado en el sur de Francia, que ya ha quemado unas 16.000 hect\u00e1reas en el \u00e1rea del macizo de Corbi\u00e8res, est\u00e1 estabilizado aunque todav\u00eda no extinguido, tras dos d\u00edas de dura lucha contra las llamas, informaron las autoridades el jueves (07.08.2025).<\/p>\n<p>El incendio que empez\u00f3 el pasado martes es ya el peor que ha sufrido Francia desde 1949 y se ha cobrado una v\u00edctima mortal, una mujer que se neg\u00f3 a abandonar su domicilio asediado por las llamas.<\/p>\n<p>La Prefectura del Aude, el departamento m\u00e1s afectado, asegur\u00f3 en un comunicado que los trabajos de los bomberos se mantendr\u00e1n \u00abde forma intensa\u00bb en los pr\u00f3ximos d\u00edas para evitar que el incendio se reavive.<\/p>\n<blockquote class=\"tweet embed\" data-id=\"1953403682189422813\"\/>\n<p>Destac\u00f3 que de\u00a0momento no se permitir\u00e1 el retorno a sus hogares de la mayor parte de los evacuados por medidas de precauci\u00f3n, salvo en los casos en los que lo permitan las autoridades locales.<\/p>\n<p>Lo mismo sucede con las carreteras comarcales cerradas, muchas de ellas intransitables debido a\u00a0la presencia\u00a0de cables el\u00e9ctricos cortados.<\/p>\n<p>El incendio, que el primer ministro Fran\u00e7ois Bayrou consider\u00f3 de \u00abuna magnitud in\u00e9dita\u00bb, demand\u00f3 el despliegue de m\u00e1s de 2.000 bomberos, 600 veh\u00edculos y dos decenas de medios a\u00e9reos, incluidos helic\u00f3pteros del Ej\u00e9rcito que se incorporaron este jueves a las labores de extinci\u00f3n.<\/p>\n<figure class=\"placeholder-image master_landscape big\"><img data-format=\"MASTER_LANDSCAPE\" data-id=\"73555457\" data-url=\"https:\/\/static.dw.com\/image\/73555457_${formatId}.jpg\" data-aspect-ratio=\"16\/9\" alt=\"Una de las viviendas afectadas por el fuego en Saint-Laurent-de-la-Cabrerisse, en suroeste de Francia. (05.08.2025)\" style=\"padding-bottom: 56.25%; height: 0; max-height: 0;\"\/><figcaption class=\"img-caption\">Una de las viviendas afectadas por el fuego en Saint-Laurent-de-la-Cabrerisse, en suroeste de Francia. (05.08.2025)<small class=\"copyright\">Imagen: Idriss Bigou-Gilles\/AFP\/Getty Images<\/small><\/figcaption><\/figure>\n<p>Adem\u00e1s de una persona fallecida (una mujer de unos 60 a\u00f1os que no quiso evacuar su casa en Saint Laurent de la Cabrerisse en la noche del martes al mi\u00e9rcoles)\u00a0hay dos heridos graves que a\u00fan est\u00e1n hospitalizados.<\/p>\n<p>Entre los bomberos hay en total 11 heridos. El subprefecto de la zona, R\u00e9mi Recio, puntualiz\u00f3 que ya no hay personas en paradero desconocido.<\/p>\n<p>\u00abEste incendio es un ogro\u00bb, se\u00f1al\u00f3 el subprefecto, que pidi\u00f3 seguir las consignas de seguridad en la zona para no obstaculizar la labor de los bomberos, como quedarse en el domicilio a menos que haya orden de evacuar.<\/p>\n<p>Las 16.000 hect\u00e1reas quemadas en el macizo de Corbi\u00e8res desde el martes equivalen a lo que ardi\u00f3 en toda Francia en 2019, en 2020, en 2021 y en 2024; y el doble de lo que se quem\u00f3 en el pa\u00eds en 2023.<\/p>\n<p>Hasta ahora, el mayor incendio que se ha producido en este pa\u00eds, al menos en tiempos recientes, quem\u00f3 50.000 hect\u00e1reas de pinos al sur de Burdeos en 1949, una cat\u00e1strofe en la que adem\u00e1s murieron 82 personas.<\/p>\n<p>GS (EFE, AFP)<\/p>\n<\/div>\n\n","protected":false},"excerpt":{"rendered":"<p>El megaincendio declarado en el sur de Francia, que ya ha quemado unas 16.000 hect\u00e1reas en el \u00e1rea del macizo de Corbi\u00e8res, est\u00e1 estabilizado aunque todav\u00eda no extinguido, tras dos d\u00edas de dura lucha contra las llamas, informaron las autoridades el jueves (07.08.2025). El incendio que empez\u00f3 el pasado martes es ya el peor que &hellip;<\/p>\n","protected":false},"author":1,"featured_media":39410,"comment_status":"open","ping_status":"open","sticky":false,"template":"","format":"standard","meta":{"fifu_image_url":"https:\/\/static.dw.com\/image\/73555487_6.jpg","fifu_image_alt":"","footnotes":""},"categories":[13],"tags":[],"class_list":["post-39409","post","type-post","status-publish","format-standard","has-post-thumbnail","","category-mundo"],"_links":{"self":[{"href":"https:\/\/noticiasveraces.com\/index.php?rest_route=\/wp\/v2\/posts\/39409","targetHints":{"allow":["GET"]}}],"collection":[{"href":"https:\/\/noticiasveraces.com\/index.php?rest_route=\/wp\/v2\/posts"}],"about":[{"href":"https:\/\/noticiasveraces.com\/index.php?rest_route=\/wp\/v2\/types\/post"}],"author":[{"embeddable":true,"href":"https:\/\/noticiasveraces.com\/index.php?rest_route=\/wp\/v2\/users\/1"}],"replies":[{"embeddable":true,"href":"https:\/\/noticiasveraces.com\/index.php?rest_route=%2Fwp%2Fv2%2Fcomments&post=39409"}],"version-history":[{"count":0,"href":"https:\/\/noticiasveraces.com\/index.php?rest_route=\/wp\/v2\/posts\/39409\/revisions"}],"wp:featuredmedia":[{"embeddable":true,"href":"https:\/\/noticiasveraces.com\/index.php?rest_route=\/wp\/v2\/media\/39410"}],"wp:attachment":[{"href":"https:\/\/noticiasveraces.com\/index.php?rest_route=%2Fwp%2Fv2%2Fmedia&parent=39409"}],"wp:term":[{"taxonomy":"category","embeddable":true,"href":"https:\/\/noticiasveraces.com\/index.php?rest_route=%2Fwp%2Fv2%2Fcategories&post=39409"},{"taxonomy":"post_tag","embeddable":true,"href":"https:\/\/noticiasveraces.com\/index.php?rest_route=%2Fwp%2Fv2%2Ftags&post=39409"}],"curies":[{"name":"wp","href":"https:\/\/api.w.org\/{rel}","templated":true}]}}