{"id":39378,"date":"2025-08-07T18:41:36","date_gmt":"2025-08-07T22:41:36","guid":{"rendered":"https:\/\/noticiasveraces.com\/?p=39378"},"modified":"2025-08-07T18:41:36","modified_gmt":"2025-08-07T22:41:36","slug":"asi-han-cambiado-las-olas-de-calor-son-cada-vez-mas-frecuentes-duraderas-e-intensas-clima-y-medio-ambiente","status":"publish","type":"post","link":"https:\/\/noticiasveraces.com\/?p=39378","title":{"rendered":"As\u00ed han cambiado las olas de calor: son cada vez m\u00e1s frecuentes, duraderas e intensas | Clima y Medio Ambiente"},"content":{"rendered":"<p> \n<\/p>\n<div data-dtm-region=\"articulo_cuerpo\">\n<p class=\"\">Desde 1975, solo se han registrado cuatro olas de calor en la Pen\u00ednsula que hayan durado 10 o m\u00e1s d\u00edas, como est\u00e1 previsto que ocurra con el actual episodio de temperaturas extremas. Seg\u00fan los datos de la Agencia Estatal de Meteorolog\u00eda (Aemet), hubo una de 16 d\u00edas en 2003, una de 26 en 2015, otra de 16 en 2022 y una \u00faltima de 18 tambi\u00e9n en 2022. Que estos fen\u00f3menos se alarguen tanto ha sido muy extraordinario en el pasado, pero que cada vez lo sean menos resulta una se\u00f1al inequ\u00edvoca del cambio clim\u00e1tico. <\/p>\n<p class=\"\">A pesar de la complejidad para seguir las alteraciones en el clima, lo cierto es que con las olas de calor ahora en los veranos cualquier habitante de Espa\u00f1a est\u00e1 siendo testigo directo del calentamiento del planeta, pues est\u00e1 experimentando unos eventos de calor extremo cada vez m\u00e1s frecuentes, duraderos, extensos e intensos. Y toda la poblaci\u00f3n puede hacerse una idea muy clara de lo que esto significa para el futuro.<\/p>\n<p class=\"\">Como detalla Jos\u00e9 \u00c1ngel N\u00fa\u00f1ez Mora, jefe de Climatolog\u00eda de la Aemet en la Comunidad Valenciana, desde 1975 el n\u00famero de d\u00edas de ola calor vividos en promedio al a\u00f1o en el pa\u00eds aumenta a un ritmo de 3,3 d\u00edas adicionales por d\u00e9cada. En la actualidad, los espa\u00f1oles se enfrentan ya anualmente a 22 de estos d\u00edas de calor extremo. En un escenario optimista, los que vivan a final de siglo tendr\u00e1n que v\u00e9rselas con 47, m\u00e1s del doble, pero si las cosas van peor, esta cifra puede subir a 60 o 77. \u201cM\u00e1s de uno de cada cinco d\u00edas del a\u00f1o ser\u00eda de ola calor en Espa\u00f1a a final de siglo si no se avanza en el mundo de forma decidida en la transici\u00f3n del actual modelo energ\u00e9tico hacia otro sin emisiones de gases de efecto invernadero\u201d, concluye el meteor\u00f3logo.<\/p>\n<div class=\"a_gph\">\n<div>\n<div style=\"min-height:471px\" id=\"datawrapper-vis-gv6hx\"><img decoding=\"async\" src=\"https:\/\/datawrapper.dwcdn.net\/gv6hx\/full.png\" alt=\"Puta\"\/><\/div>\n<\/div>\n<\/div>\n<p class=\"\">Los datos de la Aemet muestran que desde 1975 se han producido 75 olas de calor en la Pen\u00ednsula y Baleares (sin incluir las dos que llevamos este verano), y 57 en Canarias. Si alguien tiene la sensaci\u00f3n de que sus veranos empiezan a perder encanto por cada vez m\u00e1s olas de calor, los registros le dan la raz\u00f3n. En los a\u00f1os 70 y 80, hab\u00eda una o dos, como mucho, o incluso pod\u00eda no haber ninguna. Sin embargo, en la \u00faltima d\u00e9cada se registran ya cada a\u00f1o tres, cuatro o m\u00e1s. En 2017, fueron cinco. <\/p>\n<p class=\"\">Cuando se mira el n\u00famero de d\u00edas en ola de calor al a\u00f1o, el aumento es claro y estad\u00edsticamente significativo. \u201cComo son justo 50 a\u00f1os, podemos ver la gran diferencia entre la primera mitad de la serie (1975-1999) y la segunda (2000-2024). Hasta 1999 hubo 129 d\u00edas en ola de calor, mientras que entre 2000 y 2024 hubo 293, m\u00e1s del doble\u201d, destaca N\u00fa\u00f1ez Mora.<\/p>\n<div class=\"a_gph\">\n<div>\n<div style=\"min-height:561px\" id=\"datawrapper-vis-0c81y\"><img decoding=\"async\" src=\"https:\/\/datawrapper.dwcdn.net\/0c81y\/full.png\" alt=\"Gr\u00e1fico de columnas\"\/><\/div>\n<\/div>\n<\/div>\n<p class=\"\">En lo que respecta a su duraci\u00f3n, el episodio de calor extremo m\u00e1s largo registrado hasta la fecha es el de 2015, que se prolong\u00f3 del 27 de junio al 22 de julio, 26 d\u00edas. Esta ola result\u00f3 eterna, pero su incidencia fue menos extraordinaria: afect\u00f3 a un m\u00e1ximo de 30 provincias y la temperatura m\u00e1xima en promedio alcanzada fue de 37,6 grados (con una anomal\u00eda de 3,4\u00b0 sobre los valores de referencia). <\/p>\n<p class=\"\">Por definici\u00f3n, para que un episodio de temperaturas extremas sea considerada una ola de calor por la Aemet, este debe prolongarse al menos durante tres d\u00edas consecutivos, adem\u00e1s de que como m\u00ednimo el 10% de las estaciones meteorol\u00f3gicas de referencia en el pa\u00eds deben registrar temperaturas por encima del percentil 95 de su serie hist\u00f3rica de m\u00e1ximas diarias de los meses de julio y agosto entre 1971 y 2000. Pero desde 2015 estos fen\u00f3menos no han bajado nunca de cinco d\u00edas, siendo la duraci\u00f3n media de 10,6 d\u00edas. <\/p>\n<div class=\"a_gph\">\n<div>\n<div style=\"min-height:537px\" id=\"datawrapper-vis-wZZhI\"><img decoding=\"async\" src=\"https:\/\/datawrapper.dwcdn.net\/wZZhI\/full.png\" alt=\"Gr\u00e1fico de columnas\"\/><\/div>\n<\/div>\n<\/div>\n<p class=\"\">En lo que respecta a su extensi\u00f3n, estos fen\u00f3menos meteorol\u00f3gicos tambi\u00e9n impactan cada vez en un mayor n\u00famero de provincias. En concreto, desde 1975 su incidencia va aumentando a un ritmo de 3,2 provincias adicionales por d\u00e9cada. Como recalca Nu\u00f1ez Mora, entre 1975 y 1999 el m\u00e1ximo de provincias afectadas por una ola de calor fueron 36 en el a\u00f1o 1989, entre 2000 y 2024 la cifra de 36 provincias afectadas se ha alcanzado en seis ocasiones. Y el r\u00e9cord se produjo en 2022, con 44 provincias. <\/p>\n<p class=\"\">Eso ocurri\u00f3 entre el 9 y el 26 de julio de hace solo tres a\u00f1os y ha sido el segundo episodio m\u00e1s grave en duraci\u00f3n (18 d\u00edas), el primero en extensi\u00f3n por provincias y el primero en intensidad, llegando a una temperatura m\u00e1xima en promedio de 38,1 \u00b0C (con una anomal\u00eda 4,5\u00b0 respecto a los valores de referencia). La Aemet estima que la intensidad de estos fen\u00f3menos est\u00e1 tambi\u00e9n increment\u00e1ndose, a un ritmo de 0,26 \u00b0C por d\u00e9cada. <\/p>\n<p class=\"\">Aquella ola de calor de 2022 est\u00e1 considerada la peor registrada hasta ahora en Espa\u00f1a. Sin embargo, mientras sigan aumentando en la atm\u00f3sfera las emisiones que causan el calentamiento del planeta, la previsi\u00f3n es que estos eventos extremos sigan intensific\u00e1ndose. <\/p>\n<p class=\"\">\u201cSi la temperatura media sigue ascendiendo en Espa\u00f1a, las olas de calor, los d\u00edas de ola de calor, la extensi\u00f3n y la intensidad seguir\u00e1n aumentando, pero la dimensi\u00f3n de ese aumento est\u00e1 en nuestras manos\u201d, reflexiona el meteor\u00f3logo.<\/p>\n<\/div>\n\n","protected":false},"excerpt":{"rendered":"<p>Desde 1975, solo se han registrado cuatro olas de calor en la Pen\u00ednsula que hayan durado 10 o m\u00e1s d\u00edas, como est\u00e1 previsto que ocurra con el actual episodio de temperaturas extremas. Seg\u00fan los datos de la Agencia Estatal de Meteorolog\u00eda (Aemet), hubo una de 16 d\u00edas en 2003, una de 26 en 2015, otra &hellip;<\/p>\n","protected":false},"author":1,"featured_media":39380,"comment_status":"open","ping_status":"open","sticky":false,"template":"","format":"standard","meta":{"fifu_image_url":"https:\/\/imagenes.elpais.com\/resizer\/v2\/D62A5MRNCVHSDJEHAMUGJ2EYRM.png?auth=b48a49027ff0cf42be702333a140061df47c85b361dccd58eafe79abbfa2bb59&width=1200","fifu_image_alt":"","footnotes":""},"categories":[11],"tags":[],"class_list":["post-39378","post","type-post","status-publish","format-standard","has-post-thumbnail","","category-viaje"],"_links":{"self":[{"href":"https:\/\/noticiasveraces.com\/index.php?rest_route=\/wp\/v2\/posts\/39378","targetHints":{"allow":["GET"]}}],"collection":[{"href":"https:\/\/noticiasveraces.com\/index.php?rest_route=\/wp\/v2\/posts"}],"about":[{"href":"https:\/\/noticiasveraces.com\/index.php?rest_route=\/wp\/v2\/types\/post"}],"author":[{"embeddable":true,"href":"https:\/\/noticiasveraces.com\/index.php?rest_route=\/wp\/v2\/users\/1"}],"replies":[{"embeddable":true,"href":"https:\/\/noticiasveraces.com\/index.php?rest_route=%2Fwp%2Fv2%2Fcomments&post=39378"}],"version-history":[{"count":0,"href":"https:\/\/noticiasveraces.com\/index.php?rest_route=\/wp\/v2\/posts\/39378\/revisions"}],"wp:featuredmedia":[{"embeddable":true,"href":"https:\/\/noticiasveraces.com\/index.php?rest_route=\/wp\/v2\/media\/39380"}],"wp:attachment":[{"href":"https:\/\/noticiasveraces.com\/index.php?rest_route=%2Fwp%2Fv2%2Fmedia&parent=39378"}],"wp:term":[{"taxonomy":"category","embeddable":true,"href":"https:\/\/noticiasveraces.com\/index.php?rest_route=%2Fwp%2Fv2%2Fcategories&post=39378"},{"taxonomy":"post_tag","embeddable":true,"href":"https:\/\/noticiasveraces.com\/index.php?rest_route=%2Fwp%2Fv2%2Ftags&post=39378"}],"curies":[{"name":"wp","href":"https:\/\/api.w.org\/{rel}","templated":true}]}}