{"id":39369,"date":"2025-08-07T15:39:08","date_gmt":"2025-08-07T19:39:08","guid":{"rendered":"https:\/\/noticiasveraces.com\/?p=39369"},"modified":"2025-08-07T15:39:08","modified_gmt":"2025-08-07T19:39:08","slug":"von-der-leyen-habla-con-zelenski-y-reitera-apoyo-pleno-dw-07-08-2025","status":"publish","type":"post","link":"https:\/\/noticiasveraces.com\/?p=39369","title":{"rendered":"Von der Leyen habla con Zelenski y reitera \u201capoyo pleno\u201d \u2013 DW \u2013 07\/08\/2025"},"content":{"rendered":"<p> \n<\/p>\n<div data-tracking-name=\"rich-text\" data-tracking-skip=\"true\">\n<p>La presidenta de la Comisi\u00f3n Europea, Ursula von der Leyen, habl\u00f3 este jueves (07.08.2025) con el presidente ucraniano, Volodimir Zelenski, sobre los \u00abacontecimientos de los \u00faltimos d\u00edas\u00bb, en los que el l\u00edder ucraniano ha conversado con el mandatario estadounidense, Donald Trump, y sobre los pr\u00f3ximos pasos en el camino a un acuerdo negociado para la paz tras la agresi\u00f3n rusa.<\/p>\n<p>En un mensaje en redes sociales, Von der Leyen comparti\u00f3 que ambos hablaron tambi\u00e9n de lo que est\u00e1 por venir en la negociaci\u00f3n de la entrada de Ucrania en la Uni\u00f3n Europea y la reconstrucci\u00f3n de este pa\u00eds tras la invasi\u00f3n rusa. \u00abLa posici\u00f3n de Europa es clara. Apoyamos plenamente a Ucrania. Seguiremos desempe\u00f1ando un papel activo para garantizar una paz justa y duradera\u00bb, concluy\u00f3.<\/p>\n<p>La Uni\u00f3n Europea valor\u00f3 este jueves \u00abcualquier presi\u00f3n para garantizar que Rusia est\u00e9 en la mesa de negociaciones\u00bb de paz con Ucrania, ante una posible reuni\u00f3n entre Zelenski, Trump y el l\u00edder ruso, Vladimir Putin. \u00abNadie quiere m\u00e1s la paz que Ucrania y la UE. Est\u00e1 muy claro que a Rusia no le interesa ninguna paz como tal porque lo hemos visto en sus acciones, no en sus palabras\u201d, dijo la portavoz comunitaria de Exteriores Anitta Hipper durante la rueda de prensa diaria de la Comisi\u00f3n Europea (CE).<\/p>\n<h2>El papel de Europa<\/h2>\n<p>Zelenski, por su parte, defendi\u00f3 el papel de Europa en un eventual proceso de paz. \u00abLa guerra tiene lugar en Europa y Ucrania es parte integral de Europa, de hecho estamos en negociaciones para ingresar a la Uni\u00f3n Europea. Por lo tanto, Europa debe participar en el proceso\u201d, escribi\u00f3 el mandatario en su cuenta de X (Twitter). Asimismo, se\u00f1al\u00f3 que cualquier acuerdo que se alcance debe derivar en una \u00abpaz digna\u201d.<\/p>\n<p>El presidente de Ucrania tambi\u00e9n tuvo una reuni\u00f3n con el jefe del gobierno alem\u00e1n, Friedrich Merz, en la que ambos \u00abelogiaron los esfuerzos de mediaci\u00f3n\u00bb de Donald Trump. M\u00e1s tarde convers\u00f3 con el presidente de Francia, Emmanuel Macron. \u00abCoordinamos nuestras posiciones y tambi\u00e9n consideramos necesario que Europa adopte una posici\u00f3n com\u00fan\u201d, asegur\u00f3 Zelenski.<\/p>\n<p>DZC (Efe, Reuters)<\/p>\n<\/div>\n\n","protected":false},"excerpt":{"rendered":"<p>La presidenta de la Comisi\u00f3n Europea, Ursula von der Leyen, habl\u00f3 este jueves (07.08.2025) con el presidente ucraniano, Volodimir Zelenski, sobre los \u00abacontecimientos de los \u00faltimos d\u00edas\u00bb, en los que el l\u00edder ucraniano ha conversado con el mandatario estadounidense, Donald Trump, y sobre los pr\u00f3ximos pasos en el camino a un acuerdo negociado para la &hellip;<\/p>\n","protected":false},"author":1,"featured_media":39370,"comment_status":"open","ping_status":"open","sticky":false,"template":"","format":"standard","meta":{"fifu_image_url":"https:\/\/static.dw.com\/image\/72365554_6.jpg","fifu_image_alt":"","footnotes":""},"categories":[13],"tags":[],"class_list":["post-39369","post","type-post","status-publish","format-standard","has-post-thumbnail","","category-mundo"],"_links":{"self":[{"href":"https:\/\/noticiasveraces.com\/index.php?rest_route=\/wp\/v2\/posts\/39369","targetHints":{"allow":["GET"]}}],"collection":[{"href":"https:\/\/noticiasveraces.com\/index.php?rest_route=\/wp\/v2\/posts"}],"about":[{"href":"https:\/\/noticiasveraces.com\/index.php?rest_route=\/wp\/v2\/types\/post"}],"author":[{"embeddable":true,"href":"https:\/\/noticiasveraces.com\/index.php?rest_route=\/wp\/v2\/users\/1"}],"replies":[{"embeddable":true,"href":"https:\/\/noticiasveraces.com\/index.php?rest_route=%2Fwp%2Fv2%2Fcomments&post=39369"}],"version-history":[{"count":0,"href":"https:\/\/noticiasveraces.com\/index.php?rest_route=\/wp\/v2\/posts\/39369\/revisions"}],"wp:featuredmedia":[{"embeddable":true,"href":"https:\/\/noticiasveraces.com\/index.php?rest_route=\/wp\/v2\/media\/39370"}],"wp:attachment":[{"href":"https:\/\/noticiasveraces.com\/index.php?rest_route=%2Fwp%2Fv2%2Fmedia&parent=39369"}],"wp:term":[{"taxonomy":"category","embeddable":true,"href":"https:\/\/noticiasveraces.com\/index.php?rest_route=%2Fwp%2Fv2%2Fcategories&post=39369"},{"taxonomy":"post_tag","embeddable":true,"href":"https:\/\/noticiasveraces.com\/index.php?rest_route=%2Fwp%2Fv2%2Ftags&post=39369"}],"curies":[{"name":"wp","href":"https:\/\/api.w.org\/{rel}","templated":true}]}}