{"id":39365,"date":"2025-08-07T13:36:48","date_gmt":"2025-08-07T17:36:48","guid":{"rendered":"https:\/\/noticiasveraces.com\/?p=39365"},"modified":"2025-08-07T13:36:48","modified_gmt":"2025-08-07T17:36:48","slug":"israel-quiere-control-de-gaza-no-su-anexion-dw-07-08-2025","status":"publish","type":"post","link":"https:\/\/noticiasveraces.com\/?p=39365","title":{"rendered":"Israel quiere control de Gaza, no su anexi\u00f3n \u2013 DW \u2013 07\/08\/2025"},"content":{"rendered":"<p> \n<\/p>\n<div data-tracking-name=\"rich-text\" data-tracking-skip=\"true\">\n<p>El primer ministro de Israel, Benjamin Netanyahu, dijo este jueves (07.08.2025) que su pa\u00eds tiene la intenci\u00f3n de tomar el control total de la Franja de Gaza, pero no desea gobernar el territorio ni mantener su dominio. Las declaraciones las realiz\u00f3 en una entrevista con la cadena estadounidense Fox News antes de una reuni\u00f3n del gabinete de seguridad.<\/p>\n<p>\u00abTenemos la intenci\u00f3n\u00bb, respondi\u00f3 Netanyahu a la pregunta realizada por Fox News sobre la posibilidad de tomar el control de \u00abtoda Gaza\u201d. Se espera que el primer ministro israel\u00ed solicite en la reuni\u00f3n de gabinete la aprobaci\u00f3n para ampliar las operaciones militares, incluyendo zonas densamente pobladas donde se cree que hay rehenes, seg\u00fan medios israel\u00edes.<\/p>\n<p>Ante la pregunta de si dicho control ser\u00eda como el que ten\u00eda Israel \u00abhace 20 a\u00f1os\u201d, Netanyahu respondi\u00f3: \u00abBueno, no queremos conservarla. Queremos tener un per\u00edmetro de seguridad. No queremos gobernarla\u00bb. El premier a\u00f1adi\u00f3 que el objetivo es \u00abentreg\u00e1rselo a fuerzas \u00e1rabes que lo gobernar\u00e1n adecuadamente sin amenazarnos y ofreciendo a los gazat\u00edes una buena vida. Eso no es posible con Ham\u00e1s\u201d.<\/p>\n<h2>\u00abConsecuencias catastr\u00f3ficas\u00bb<\/h2>\n<p>M\u00e1s temprano, Netanyahu hab\u00eda dicho, en una conferencia de prensa improvisada tras una reuni\u00f3n que mantuvo con el embajador de India en Israel, J. P. Singh, que el plan de su pa\u00eds no es \u00abanexionar la Franja de Gaza\u201d, sino que ser\u00e1 un organismo gubernamental, del que no ofreci\u00f3 m\u00e1s detalles, el encargado de controlar el enclave palestino de forma temporal.<\/p>\n<p>El mandatario israel\u00ed reiter\u00f3 que los principales objetivos de su ofensiva en Gaza siguen siendo \u00abla destrucci\u00f3n completa de Ham\u00e1s y el retorno de todos los rehenes\u00bb. Las milicias palestinas, consideradas terroristas por la Uni\u00f3n Europea y Estados Unidos, todav\u00eda retienen a 50 cautivos, de los que solo una veintena seguir\u00edan con vida, seg\u00fan Israel.<\/p>\n<p>Seg\u00fan medios, el plan de Israel incluir\u00eda el desplazamiento de un mill\u00f3n de personas desde Ciudad de Gaza a Mawasi, adem\u00e1s de la toma de control de los campamentos de refugiados. La ONU advirti\u00f3 el mi\u00e9rcoles que si Israel pone en marcha este plan habr\u00e1 \u00abconsecuencias catastr\u00f3ficas\u00bb para la poblaci\u00f3n gazat\u00ed.<\/p>\n<p>DZC (AFP, Reuters, Efe)<\/p>\n<\/div>\n\n","protected":false},"excerpt":{"rendered":"<p>El primer ministro de Israel, Benjamin Netanyahu, dijo este jueves (07.08.2025) que su pa\u00eds tiene la intenci\u00f3n de tomar el control total de la Franja de Gaza, pero no desea gobernar el territorio ni mantener su dominio. Las declaraciones las realiz\u00f3 en una entrevista con la cadena estadounidense Fox News antes de una reuni\u00f3n del &hellip;<\/p>\n","protected":false},"author":1,"featured_media":39366,"comment_status":"open","ping_status":"open","sticky":false,"template":"","format":"standard","meta":{"fifu_image_url":"https:\/\/static.dw.com\/image\/73517053_6.jpg","fifu_image_alt":"","footnotes":""},"categories":[13],"tags":[],"class_list":["post-39365","post","type-post","status-publish","format-standard","has-post-thumbnail","","category-mundo"],"_links":{"self":[{"href":"https:\/\/noticiasveraces.com\/index.php?rest_route=\/wp\/v2\/posts\/39365","targetHints":{"allow":["GET"]}}],"collection":[{"href":"https:\/\/noticiasveraces.com\/index.php?rest_route=\/wp\/v2\/posts"}],"about":[{"href":"https:\/\/noticiasveraces.com\/index.php?rest_route=\/wp\/v2\/types\/post"}],"author":[{"embeddable":true,"href":"https:\/\/noticiasveraces.com\/index.php?rest_route=\/wp\/v2\/users\/1"}],"replies":[{"embeddable":true,"href":"https:\/\/noticiasveraces.com\/index.php?rest_route=%2Fwp%2Fv2%2Fcomments&post=39365"}],"version-history":[{"count":0,"href":"https:\/\/noticiasveraces.com\/index.php?rest_route=\/wp\/v2\/posts\/39365\/revisions"}],"wp:featuredmedia":[{"embeddable":true,"href":"https:\/\/noticiasveraces.com\/index.php?rest_route=\/wp\/v2\/media\/39366"}],"wp:attachment":[{"href":"https:\/\/noticiasveraces.com\/index.php?rest_route=%2Fwp%2Fv2%2Fmedia&parent=39365"}],"wp:term":[{"taxonomy":"category","embeddable":true,"href":"https:\/\/noticiasveraces.com\/index.php?rest_route=%2Fwp%2Fv2%2Fcategories&post=39365"},{"taxonomy":"post_tag","embeddable":true,"href":"https:\/\/noticiasveraces.com\/index.php?rest_route=%2Fwp%2Fv2%2Ftags&post=39365"}],"curies":[{"name":"wp","href":"https:\/\/api.w.org\/{rel}","templated":true}]}}