{"id":39352,"date":"2025-08-07T11:34:18","date_gmt":"2025-08-07T15:34:18","guid":{"rendered":"https:\/\/noticiasveraces.com\/?p=39352"},"modified":"2025-08-07T11:34:18","modified_gmt":"2025-08-07T15:34:18","slug":"trump-y-el-presidente-de-brasil-en-la-disputa-diplomatica-sobre-los-aranceles-bolsonaro","status":"publish","type":"post","link":"https:\/\/noticiasveraces.com\/?p=39352","title":{"rendered":"Trump y el presidente de Brasil en la disputa diplom\u00e1tica sobre los aranceles, Bolsonaro"},"content":{"rendered":"<p> \n<\/p>\n<div>\n<div id=\"beyondwords-wrapper\" class=\"beyondwords-wrapper\">\n<p><span class=\"label-bg\">NUEVO<\/span>\u00a1Ahora puedes escuchar art\u00edculos de Fox News!\n  <\/p>\n<\/div>\n<p class=\"speakable\">A medida que entran en vigencia los aranceles globales del presidente Donald Trump, el presidente de Brasil, Luiz In\u00e1cio Lula Da Silva, sigue siendo firmemente opuesto a hacer de los acuerdos con los Estados Unidos, el l\u00edder sudamericano ha sido un cr\u00edtico abierto de los aranceles estadounidenses, que ve como una t\u00e1ctica de acoso escolar.<\/p>\n<p class=\"speakable\">\u00abEl d\u00eda que mi intuici\u00f3n dice que Trump est\u00e1 listo para hablar, no dudar\u00e9 en llamarlo\u00bb, dijo Lula a Reuters. \u00abPero hoy mi intuici\u00f3n dice que no quiere hablar. Y no me humillar\u00e9\u00bb. <\/p>\n<p>M\u00e1s de 60 pa\u00edses y la Uni\u00f3n Europea fueron golpeados con nuevos aranceles justo despu\u00e9s de la medianoche del jueves. Si bien la tasa de referencia es del 10%, las naciones selectas, como Brasil, enfrentan penalizaciones adicionales que impulsan la tarifa total hasta el 50%.<\/p>\n<p>En el pasado, Lula critic\u00f3 los aranceles de Trump como \u00abchantaje inaceptable\u00bb.<\/p>\n<p><strong>El reinicio global de las relaciones comerciales de Trump permanecer\u00e1 en el centro de atenci\u00f3n esta semana<\/strong><\/p>\n<div class=\"image-ct inline\">\n<div class=\"m\"><picture><source media=\"(max-width: 767px)\" srcset=\"https:\/\/a57.foxnews.com\/static.foxnews.com\/foxnews.com\/content\/uploads\/2025\/08\/343\/192\/lula-reuters-interview.jpg?ve=1&amp;tl=1, https:\/\/a57.foxnews.com\/static.foxnews.com\/foxnews.com\/content\/uploads\/2025\/08\/686\/384\/lula-reuters-interview.jpg?ve=1&amp;tl=1 2x\" height=\"192\" width=\"343\"><source media=\"(min-width: 768px) and (max-width: 1023px)\" srcset=\"https:\/\/a57.foxnews.com\/static.foxnews.com\/foxnews.com\/content\/uploads\/2025\/08\/672\/378\/lula-reuters-interview.jpg?ve=1&amp;tl=1, https:\/\/a57.foxnews.com\/static.foxnews.com\/foxnews.com\/content\/uploads\/2025\/08\/1344\/756\/lula-reuters-interview.jpg?ve=1&amp;tl=1 2x\" height=\"378\" width=\"672\"><source media=\"(min-width: 1024px) and (max-width: 1279px)\" srcset=\"https:\/\/a57.foxnews.com\/static.foxnews.com\/foxnews.com\/content\/uploads\/2025\/08\/931\/523\/lula-reuters-interview.jpg?ve=1&amp;tl=1, https:\/\/a57.foxnews.com\/static.foxnews.com\/foxnews.com\/content\/uploads\/2025\/08\/1862\/1046\/lula-reuters-interview.jpg?ve=1&amp;tl=1 2x\" height=\"523\" width=\"931\"><source media=\"(min-width: 1280px)\" srcset=\"https:\/\/a57.foxnews.com\/static.foxnews.com\/foxnews.com\/content\/uploads\/2025\/08\/720\/405\/lula-reuters-interview.jpg?ve=1&amp;tl=1, https:\/\/a57.foxnews.com\/static.foxnews.com\/foxnews.com\/content\/uploads\/2025\/08\/1440\/810\/lula-reuters-interview.jpg?ve=1&amp;tl=1 2x\" height=\"405\" width=\"720\"><img loading=\"lazy\" decoding=\"async\" src=\"https:\/\/a57.foxnews.com\/static.foxnews.com\/foxnews.com\/content\/uploads\/2025\/08\/1200\/675\/lula-reuters-interview.jpg?ve=1&amp;tl=1\" alt=\"Presidente brasile\u00f1o Luiz Inacio Lula da Silva \" width=\"1200\" height=\"675\"\/><\/source><\/source><\/source><\/source><\/picture><\/div>\n<div class=\"info\">\n<div class=\"caption\">\n<p><span>El presidente de Brasil, Luiz Inacio Lula da Silva, habla durante una entrevista con Reuters en el Palacio Alvorada, en Brasilia, Brasil, agosto. 6, 2025. <\/span> <span>(Reuters\/Adriano Machado)<\/span><\/p>\n<\/div>\n<\/div>\n<\/div>\n<p>El 31 de julio, un d\u00eda despu\u00e9s de anunciar una tarifa adicional del 40% sobre Brasil, Trump dijo que Lula \u00abpuede hablar conmigo en cualquier momento que quiera\u00bb. El presidente brasile\u00f1o pareci\u00f3 responder en un puesto en X sin mencionar a Trump por su nombre. Dijo que su pa\u00eds \u00absiempre ha estado abierto al di\u00e1logo\u00bb.<\/p>\n<p>\u00abLos que determinan la direcci\u00f3n de Brasil son los brasile\u00f1os y sus instituciones. En este momento, estamos trabajando para proteger nuestra econom\u00eda, empresas y trabajadores, y para responder a las medidas arancelarias del gobierno de los Estados Unidos\u00bb, escribi\u00f3 Lula.<\/p>\n<div class=\"image-ct inline\">\n<div class=\"m\"><picture><source media=\"(max-width: 767px)\" srcset=\"https:\/\/a57.foxnews.com\/static.foxnews.com\/foxnews.com\/content\/uploads\/2025\/08\/343\/192\/lula-bolsonaro-trump.jpg?ve=1&amp;tl=1, https:\/\/a57.foxnews.com\/static.foxnews.com\/foxnews.com\/content\/uploads\/2025\/08\/686\/384\/lula-bolsonaro-trump.jpg?ve=1&amp;tl=1 2x\" height=\"192\" width=\"343\"><source media=\"(min-width: 768px) and (max-width: 1023px)\" srcset=\"https:\/\/a57.foxnews.com\/static.foxnews.com\/foxnews.com\/content\/uploads\/2025\/08\/672\/378\/lula-bolsonaro-trump.jpg?ve=1&amp;tl=1, https:\/\/a57.foxnews.com\/static.foxnews.com\/foxnews.com\/content\/uploads\/2025\/08\/1344\/756\/lula-bolsonaro-trump.jpg?ve=1&amp;tl=1 2x\" height=\"378\" width=\"672\"><source media=\"(min-width: 1024px) and (max-width: 1279px)\" srcset=\"https:\/\/a57.foxnews.com\/static.foxnews.com\/foxnews.com\/content\/uploads\/2025\/08\/931\/523\/lula-bolsonaro-trump.jpg?ve=1&amp;tl=1, https:\/\/a57.foxnews.com\/static.foxnews.com\/foxnews.com\/content\/uploads\/2025\/08\/1862\/1046\/lula-bolsonaro-trump.jpg?ve=1&amp;tl=1 2x\" height=\"523\" width=\"931\"><source media=\"(min-width: 1280px)\" srcset=\"https:\/\/a57.foxnews.com\/static.foxnews.com\/foxnews.com\/content\/uploads\/2025\/08\/720\/405\/lula-bolsonaro-trump.jpg?ve=1&amp;tl=1, https:\/\/a57.foxnews.com\/static.foxnews.com\/foxnews.com\/content\/uploads\/2025\/08\/1440\/810\/lula-bolsonaro-trump.jpg?ve=1&amp;tl=1 2x\" height=\"405\" width=\"720\"><img loading=\"lazy\" decoding=\"async\" src=\"https:\/\/a57.foxnews.com\/static.foxnews.com\/foxnews.com\/content\/uploads\/2025\/08\/1200\/675\/lula-bolsonaro-trump.jpg?ve=1&amp;tl=1\" alt=\"Lula, Bolsonaro, Trump\" width=\"1200\" height=\"675\"\/><\/source><\/source><\/source><\/source><\/picture><\/div>\n<div class=\"info\">\n<div class=\"caption\">\n<p><span>El presidente de Brasil, Luiz Inacio Lula da Silva, y el presidente Donald Trump enemist\u00e1n por los aranceles y el tratamiento de Brasil a Bolsonaro.<\/span> <span>(Adriano Machado\/Evelyn Hockstein\/Reuters)<\/span><\/p>\n<\/div>\n<\/div>\n<\/div>\n<p><strong>Trump pide fin inmediato al juicio \u00abinjusto\u00bb del ex presidente brasile\u00f1o Jair Bolsonaro<\/strong><\/p>\n<p>La disputa entre Trump y Lula es m\u00e1s profunda que los acuerdos comerciales. La Casa Blanca ha sido abierta sobre su oposici\u00f3n al tratamiento de Brasil a su ex presidente Jair Bolsonaro.<\/p>\n<p>Esto se enfatiz\u00f3 en una orden ejecutiva que Trump firm\u00f3 el mes pasado en el que denunci\u00f3 \u00abel gobierno de la persecuci\u00f3n, intimidaci\u00f3n, acoso, censura y enjuiciamiento de Brasil de Bolsonaro.<\/p>\n<p>Lula le dijo a Reuters que la Corte Suprema de Brasil \u00abno le importa lo que dice Trump, y que no deber\u00eda\u00bb. Seg\u00fan los informes, tambi\u00e9n dijo que Bolsonaro era un \u00abtraidor a la patria\u00bb que deber\u00eda enfrentar otro juicio para provocar la intervenci\u00f3n de Trump.<\/p>\n<p>\u00abPero ahora no es una intervenci\u00f3n peque\u00f1a. Es el presidente de los Estados Unidos que piensa que puede dictar reglas para un pa\u00eds soberano como Brasil. Es inaceptable\u00bb, dijo Lula.<\/p>\n<div class=\"image-ct inline\">\n<div class=\"m\"><picture><source media=\"(max-width: 767px)\" srcset=\"https:\/\/a57.foxnews.com\/static.foxnews.com\/foxnews.com\/content\/uploads\/2025\/08\/343\/192\/protest-trump-bolsonaro.jpg?ve=1&amp;tl=1, https:\/\/a57.foxnews.com\/static.foxnews.com\/foxnews.com\/content\/uploads\/2025\/08\/686\/384\/protest-trump-bolsonaro.jpg?ve=1&amp;tl=1 2x\" height=\"192\" width=\"343\"><source media=\"(min-width: 768px) and (max-width: 1023px)\" srcset=\"https:\/\/a57.foxnews.com\/static.foxnews.com\/foxnews.com\/content\/uploads\/2025\/08\/672\/378\/protest-trump-bolsonaro.jpg?ve=1&amp;tl=1, https:\/\/a57.foxnews.com\/static.foxnews.com\/foxnews.com\/content\/uploads\/2025\/08\/1344\/756\/protest-trump-bolsonaro.jpg?ve=1&amp;tl=1 2x\" height=\"378\" width=\"672\"><source media=\"(min-width: 1024px) and (max-width: 1279px)\" srcset=\"https:\/\/a57.foxnews.com\/static.foxnews.com\/foxnews.com\/content\/uploads\/2025\/08\/931\/523\/protest-trump-bolsonaro.jpg?ve=1&amp;tl=1, https:\/\/a57.foxnews.com\/static.foxnews.com\/foxnews.com\/content\/uploads\/2025\/08\/1862\/1046\/protest-trump-bolsonaro.jpg?ve=1&amp;tl=1 2x\" height=\"523\" width=\"931\"><source media=\"(min-width: 1280px)\" srcset=\"https:\/\/a57.foxnews.com\/static.foxnews.com\/foxnews.com\/content\/uploads\/2025\/08\/720\/405\/protest-trump-bolsonaro.jpg?ve=1&amp;tl=1, https:\/\/a57.foxnews.com\/static.foxnews.com\/foxnews.com\/content\/uploads\/2025\/08\/1440\/810\/protest-trump-bolsonaro.jpg?ve=1&amp;tl=1 2x\" height=\"405\" width=\"720\"><img loading=\"lazy\" decoding=\"async\" src=\"https:\/\/a57.foxnews.com\/static.foxnews.com\/foxnews.com\/content\/uploads\/2025\/08\/1200\/675\/protest-trump-bolsonaro.jpg?ve=1&amp;tl=1\" alt=\"Protesta en Brasil contra Trump, Bolsonaro\" width=\"1200\" height=\"675\"\/><\/source><\/source><\/source><\/source><\/picture><\/div>\n<div class=\"info\">\n<div class=\"caption\">\n<p><span>Los manifestantes, con m\u00e1scaras que representan al presidente Donald Trump y al ex presidente de Brasil, Jair Bolsonaro, gestos en las esposas durante una protesta contra los aranceles de Trump sobre los productos brasile\u00f1os, frente a la embajada de los Estados Unidos en Brasilia, Brasil, el 1 de agosto de 2025. <\/span> <span>(Reuters\/Mateus Bonomi)<\/span><\/p>\n<\/div>\n<\/div>\n<\/div>\n<p><strong>El ex presidente y mayor presidente de Brasil, aliado de Trump, Bolsonaro se puso en arresto domiciliario<\/strong><\/p>\n<p>Bolsonaro, quien fue derrotado por Lula en 2022, recientemente fue puesto bajo arresto domiciliario en medio de procedimientos legales en curso sobre su presunto intento de revocar los resultados de las elecciones presidenciales del pa\u00eds.<\/p>\n<p><strong><u>Haga clic aqu\u00ed para obtener la aplicaci\u00f3n Fox News<\/u><\/strong><\/p>\n<p>El presidente de Brasil aparentemente no tiene miedo de ingresar negociaciones con Trump. Aunque dijo que no hab\u00eda tarifas rec\u00edprocas pendientes, Lula le dijo a Reuters que estaba planeando llamar a los l\u00edderes de los Estados miembros de BRICS para discutir una posible respuesta conjunta a los Estados Unidos.<\/p>\n<p>Adem\u00e1s, seg\u00fan Reuters, Lula dijo que Brasil estaba buscando unirse a una queja colectiva con otros pa\u00edses de la Organizaci\u00f3n Mundial del Comercio.<\/p>\n<p> <!----> <\/p>\n<div class=\"article-meta\">\n<div class=\"author-bio\">\n<p>Rachel Wolf es una escritora de noticias de Fox News Digital y Fox Business.<\/p>\n<\/div>\n<\/div>\n<\/div>\n\n","protected":false},"excerpt":{"rendered":"<p>NUEVO\u00a1Ahora puedes escuchar art\u00edculos de Fox News! A medida que entran en vigencia los aranceles globales del presidente Donald Trump, el presidente de Brasil, Luiz In\u00e1cio Lula Da Silva, sigue siendo firmemente opuesto a hacer de los acuerdos con los Estados Unidos, el l\u00edder sudamericano ha sido un cr\u00edtico abierto de los aranceles estadounidenses, que &hellip;<\/p>\n","protected":false},"author":1,"featured_media":39354,"comment_status":"open","ping_status":"open","sticky":false,"template":"","format":"standard","meta":{"fifu_image_url":"https:\/\/static.foxnews.com\/foxnews.com\/content\/uploads\/2025\/08\/trump-serious-1.jpg","fifu_image_alt":"","footnotes":""},"categories":[13],"tags":[],"class_list":["post-39352","post","type-post","status-publish","format-standard","has-post-thumbnail","","category-mundo"],"_links":{"self":[{"href":"https:\/\/noticiasveraces.com\/index.php?rest_route=\/wp\/v2\/posts\/39352","targetHints":{"allow":["GET"]}}],"collection":[{"href":"https:\/\/noticiasveraces.com\/index.php?rest_route=\/wp\/v2\/posts"}],"about":[{"href":"https:\/\/noticiasveraces.com\/index.php?rest_route=\/wp\/v2\/types\/post"}],"author":[{"embeddable":true,"href":"https:\/\/noticiasveraces.com\/index.php?rest_route=\/wp\/v2\/users\/1"}],"replies":[{"embeddable":true,"href":"https:\/\/noticiasveraces.com\/index.php?rest_route=%2Fwp%2Fv2%2Fcomments&post=39352"}],"version-history":[{"count":0,"href":"https:\/\/noticiasveraces.com\/index.php?rest_route=\/wp\/v2\/posts\/39352\/revisions"}],"wp:featuredmedia":[{"embeddable":true,"href":"https:\/\/noticiasveraces.com\/index.php?rest_route=\/wp\/v2\/media\/39354"}],"wp:attachment":[{"href":"https:\/\/noticiasveraces.com\/index.php?rest_route=%2Fwp%2Fv2%2Fmedia&parent=39352"}],"wp:term":[{"taxonomy":"category","embeddable":true,"href":"https:\/\/noticiasveraces.com\/index.php?rest_route=%2Fwp%2Fv2%2Fcategories&post=39352"},{"taxonomy":"post_tag","embeddable":true,"href":"https:\/\/noticiasveraces.com\/index.php?rest_route=%2Fwp%2Fv2%2Ftags&post=39352"}],"curies":[{"name":"wp","href":"https:\/\/api.w.org\/{rel}","templated":true}]}}