{"id":39332,"date":"2025-08-07T10:33:05","date_gmt":"2025-08-07T14:33:05","guid":{"rendered":"https:\/\/noticiasveraces.com\/?p=39332"},"modified":"2025-08-07T10:33:05","modified_gmt":"2025-08-07T14:33:05","slug":"zelenskyy-confirma-que-las-conversaciones-trilaterales-incluyen-a-putin-discutido-con-trump","status":"publish","type":"post","link":"https:\/\/noticiasveraces.com\/?p=39332","title":{"rendered":"Zelenskyy confirma que las conversaciones trilaterales incluyen a Putin discutido con Trump"},"content":{"rendered":"<p> \n<\/p>\n<div>\n<div id=\"beyondwords-wrapper\" class=\"beyondwords-wrapper\">\n<p><span class=\"label-bg\">NUEVO<\/span>\u00a1Ahora puedes escuchar art\u00edculos de Fox News!\n  <\/p>\n<\/div>\n<p class=\"speakable\">El presidente ucraniano, Volodymyr Zelenskyy, confirm\u00f3 el jueves que discuti\u00f3 una reuni\u00f3n trilateral para incluir al presidente ruso Vladimir Putin, potencialmente tan pronto como la pr\u00f3xima semana, en una llamada con el presidente Donald Trump un d\u00eda antes. <\/p>\n<p class=\"speakable\">Zelenskyy, quien se hizo eco de comentarios emitidos por Trump el mi\u00e9rcoles y dijo que la discusi\u00f3n tambi\u00e9n se celebr\u00f3 con los l\u00edderes europeos, pidi\u00f3 a Putin que \u00absea valiente\u00bb y tome la reuni\u00f3n.<\/p>\n<p>\u00abAyer, tambi\u00e9n se discutieron varios formatos potenciales para las reuniones a nivel de l\u00edder para traer la paz: dos bilaterales y un trilateral\u00bb, dijo en un cargo sobre X. \u00abUcrania no tiene miedo a las reuniones y espera el mismo enfoque valiente del lado ruso. Es hora de que terminamos la guerra\u00bb.<\/p>\n<div class=\"image-ct inline\">\n<div class=\"m\"><picture><source media=\"(max-width: 767px)\" srcset=\"https:\/\/a57.foxnews.com\/static.foxnews.com\/foxnews.com\/content\/uploads\/2025\/07\/343\/192\/gettyimages-2221357603.jpg?ve=1&amp;tl=1, https:\/\/a57.foxnews.com\/static.foxnews.com\/foxnews.com\/content\/uploads\/2025\/07\/686\/384\/gettyimages-2221357603.jpg?ve=1&amp;tl=1 2x\" height=\"192\" width=\"343\"><source media=\"(min-width: 768px) and (max-width: 1023px)\" srcset=\"https:\/\/a57.foxnews.com\/static.foxnews.com\/foxnews.com\/content\/uploads\/2025\/07\/672\/378\/gettyimages-2221357603.jpg?ve=1&amp;tl=1, https:\/\/a57.foxnews.com\/static.foxnews.com\/foxnews.com\/content\/uploads\/2025\/07\/1344\/756\/gettyimages-2221357603.jpg?ve=1&amp;tl=1 2x\" height=\"378\" width=\"672\"><source media=\"(min-width: 1024px) and (max-width: 1279px)\" srcset=\"https:\/\/a57.foxnews.com\/static.foxnews.com\/foxnews.com\/content\/uploads\/2025\/07\/931\/523\/gettyimages-2221357603.jpg?ve=1&amp;tl=1, https:\/\/a57.foxnews.com\/static.foxnews.com\/foxnews.com\/content\/uploads\/2025\/07\/1862\/1046\/gettyimages-2221357603.jpg?ve=1&amp;tl=1 2x\" height=\"523\" width=\"931\"><source media=\"(min-width: 1280px)\" srcset=\"https:\/\/a57.foxnews.com\/static.foxnews.com\/foxnews.com\/content\/uploads\/2025\/07\/720\/405\/gettyimages-2221357603.jpg?ve=1&amp;tl=1, https:\/\/a57.foxnews.com\/static.foxnews.com\/foxnews.com\/content\/uploads\/2025\/07\/1440\/810\/gettyimages-2221357603.jpg?ve=1&amp;tl=1 2x\" height=\"405\" width=\"720\"><img loading=\"lazy\" decoding=\"async\" src=\"https:\/\/a57.foxnews.com\/static.foxnews.com\/foxnews.com\/content\/uploads\/2025\/07\/1200\/675\/gettyimages-2221357603.jpg?ve=1&amp;tl=1\" alt=\"El presidente Donald Trump se re\u00fane con el presidente ucraniano Volodymyr Zelenskyy durante la Cumbre de la OTAN en La Haya, Pa\u00edses Bajos\" width=\"1200\" height=\"675\"\/><\/source><\/source><\/source><\/source><\/picture><\/div>\n<div class=\"info\">\n<div class=\"caption\">\n<p><span>El presidente Donald Trump, a la derecha, y el presidente ucraniano Volodymyr Zelenskyy se re\u00fanen durante los jefes de estado de la OTAN y la Cumbre del Gobierno en La Haya, Pa\u00edses Bajos, el 25 de junio de 2025.<\/span> <span>(Getty Images \/ Zelenskiy \/ cuenta oficial \/ Telegram)<\/span><\/p>\n<\/div>\n<\/div>\n<\/div>\n<p><strong>Una reuni\u00f3n hist\u00f3rica entre Trump y Putin podr\u00eda ocurrir en 10 d\u00edas<\/strong><\/p>\n<p>Los comentarios se produjeron despu\u00e9s de meses de intentos de la administraci\u00f3n Trump para que Putin se sentara con Zelenskyy, que el jefe del Kremlin ha rechazado hasta ahora. <\/p>\n<p>Parec\u00eda poco probable que \u00e9l estuviera de acuerdo esta vez, ya que los medios estatales rusos informaron el jueves que Putin estaba abierto a la idea, pero dijo que \u00ablas condiciones deben crearse para que se realicen negociaciones\u00bb.<\/p>\n<p>Tambi\u00e9n se inform\u00f3 que las \u00abcondiciones\u00bb estaban \u00ablejos de ser creadas\u00bb, seg\u00fan un puesto de telegrama de la agencia de noticias estatal rusa RIA.<\/p>\n<p>El asesor de pol\u00edtica exterior de Trump afirm\u00f3 adem\u00e1s el jueves que la cuesti\u00f3n de una reuni\u00f3n trilateral fue \u00abmencionada\u00bb pero \u00abno discutida\u00bb durante las conversaciones de Putin con el enviado de la Casa Blanca Steve Witkoff y m\u00e1s tarde, Trump.<\/p>\n<div class=\"image-ct inline\">\n<div class=\"m\"><picture><source media=\"(max-width: 767px)\" srcset=\"https:\/\/a57.foxnews.com\/static.foxnews.com\/foxnews.com\/content\/uploads\/2025\/05\/343\/192\/zele.png?ve=1&amp;tl=1, https:\/\/a57.foxnews.com\/static.foxnews.com\/foxnews.com\/content\/uploads\/2025\/05\/686\/384\/zele.png?ve=1&amp;tl=1 2x\" height=\"192\" width=\"343\"><source media=\"(min-width: 768px) and (max-width: 1023px)\" srcset=\"https:\/\/a57.foxnews.com\/static.foxnews.com\/foxnews.com\/content\/uploads\/2025\/05\/672\/378\/zele.png?ve=1&amp;tl=1, https:\/\/a57.foxnews.com\/static.foxnews.com\/foxnews.com\/content\/uploads\/2025\/05\/1344\/756\/zele.png?ve=1&amp;tl=1 2x\" height=\"378\" width=\"672\"><source media=\"(min-width: 1024px) and (max-width: 1279px)\" srcset=\"https:\/\/a57.foxnews.com\/static.foxnews.com\/foxnews.com\/content\/uploads\/2025\/05\/931\/523\/zele.png?ve=1&amp;tl=1, https:\/\/a57.foxnews.com\/static.foxnews.com\/foxnews.com\/content\/uploads\/2025\/05\/1862\/1046\/zele.png?ve=1&amp;tl=1 2x\" height=\"523\" width=\"931\"><source media=\"(min-width: 1280px)\" srcset=\"https:\/\/a57.foxnews.com\/static.foxnews.com\/foxnews.com\/content\/uploads\/2025\/05\/720\/405\/zele.png?ve=1&amp;tl=1, https:\/\/a57.foxnews.com\/static.foxnews.com\/foxnews.com\/content\/uploads\/2025\/05\/1440\/810\/zele.png?ve=1&amp;tl=1 2x\" height=\"405\" width=\"720\"><img loading=\"lazy\" decoding=\"async\" src=\"https:\/\/a57.foxnews.com\/static.foxnews.com\/foxnews.com\/content\/uploads\/2025\/05\/1200\/675\/zele.png?ve=1&amp;tl=1\" alt=\"Zelenskyy UK Francia Alemania Polonia\" width=\"1200\" height=\"675\"\/><\/source><\/source><\/source><\/source><\/picture><\/div>\n<div class=\"info\">\n<div class=\"caption\">\n<p><span>De izquierda a derecha, el primer ministro polaco Donald Tusk, el presidente ucraniano Volodymyr Zelensky, el presidente franc\u00e9s Emmanuel Macron, el primer ministro brit\u00e1nico Keir Starmer y el canciller alem\u00e1n Friedrich Merz tienen una conversaci\u00f3n telef\u00f3nica con el presidente Donald Trump despu\u00e9s de la llamada de Trump con el presidente ruso Vladimir Putin el 16 de mayo de 2025, en Skanderbeg Square en Tirana, Albania.<\/span> <span>(Foto de Kuglersteffen\/Gobierno federal a trav\u00e9s de Getty Images)<\/span><\/p>\n<\/div>\n<\/div>\n<\/div>\n<p><strong>Trump saluda las conversaciones &#8216;altamente productivas&#8217; con Putin a pesar de que no hay alto el fuego, &#8216;tarifas secundarias&#8217; todav\u00eda en<\/strong><\/p>\n<p>\u00abEn cuanto a la opci\u00f3n de una reuni\u00f3n trilateral, que por alguna raz\u00f3n se discuti\u00f3 ayer en Washington, esta opci\u00f3n simplemente fue mencionada por el representante estadounidense durante la reuni\u00f3n en el Kremlin. Pero esta opci\u00f3n no fue espec\u00edficamente discutida\u00bb, dijo el asesor de pol\u00edtica exterior del Kremlin, Yuri Ushakov. \u00abEl lado ruso dej\u00f3 esta opci\u00f3n por completo, sin comentarios.<\/p>\n<p>\u00abProponemos en primer lugar centrarnos en preparar una reuni\u00f3n bilateral con D. Trump y creemos que lo principal es que esta reuni\u00f3n sea exitosa y productiva\u00bb, agreg\u00f3. <\/p>\n<p>Zelenskyy dijo que hab\u00eda estado en conversaciones con el canciller alem\u00e1n Friedrich Merz y el presidente franc\u00e9s Emmanuel Macron el jueves para garantizar que los intereses de Europa tambi\u00e9n estuvieran a la vanguardia de cualquier discusi\u00f3n entre Estados Unidos y Ucrania. <\/p>\n<p>\u00abEstamos coordinando nuestras posiciones, e igualmente vemos la necesidad de una visi\u00f3n europea com\u00fan sobre los problemas clave de seguridad para Europa\u00bb, dijo Zelenskyy. \u00abMucho depende, tanto ahora como a largo plazo, sobre la prudencia y la efectividad de cada paso tomado por Europa y Am\u00e9rica\u00bb.<\/p>\n<div class=\"image-ct inline\">\n<div class=\"m\"><picture><source media=\"(max-width: 767px)\" srcset=\"https:\/\/a57.foxnews.com\/static.foxnews.com\/foxnews.com\/content\/uploads\/2025\/08\/343\/192\/witkoff-putin.jpg?ve=1&amp;tl=1, https:\/\/a57.foxnews.com\/static.foxnews.com\/foxnews.com\/content\/uploads\/2025\/08\/686\/384\/witkoff-putin.jpg?ve=1&amp;tl=1 2x\" height=\"192\" width=\"343\"><source media=\"(min-width: 768px) and (max-width: 1023px)\" srcset=\"https:\/\/a57.foxnews.com\/static.foxnews.com\/foxnews.com\/content\/uploads\/2025\/08\/672\/378\/witkoff-putin.jpg?ve=1&amp;tl=1, https:\/\/a57.foxnews.com\/static.foxnews.com\/foxnews.com\/content\/uploads\/2025\/08\/1344\/756\/witkoff-putin.jpg?ve=1&amp;tl=1 2x\" height=\"378\" width=\"672\"><source media=\"(min-width: 1024px) and (max-width: 1279px)\" srcset=\"https:\/\/a57.foxnews.com\/static.foxnews.com\/foxnews.com\/content\/uploads\/2025\/08\/931\/523\/witkoff-putin.jpg?ve=1&amp;tl=1, https:\/\/a57.foxnews.com\/static.foxnews.com\/foxnews.com\/content\/uploads\/2025\/08\/1862\/1046\/witkoff-putin.jpg?ve=1&amp;tl=1 2x\" height=\"523\" width=\"931\"><source media=\"(min-width: 1280px)\" srcset=\"https:\/\/a57.foxnews.com\/static.foxnews.com\/foxnews.com\/content\/uploads\/2025\/08\/720\/405\/witkoff-putin.jpg?ve=1&amp;tl=1, https:\/\/a57.foxnews.com\/static.foxnews.com\/foxnews.com\/content\/uploads\/2025\/08\/1440\/810\/witkoff-putin.jpg?ve=1&amp;tl=1 2x\" height=\"405\" width=\"720\"><img loading=\"lazy\" decoding=\"async\" src=\"https:\/\/a57.foxnews.com\/static.foxnews.com\/foxnews.com\/content\/uploads\/2025\/08\/1200\/675\/witkoff-putin.jpg?ve=1&amp;tl=1\" alt=\"Witkoff se re\u00fane con Putin\" width=\"1200\" height=\"675\"\/><\/source><\/source><\/source><\/source><\/picture><\/div>\n<div class=\"info\">\n<div class=\"caption\">\n<p><span>El presidente ruso, Vladimir Putin, a la izquierda, se re\u00fane con el enviado especial de los Estados Unidos Steve Witkoff en el Palacio del Kremlin en Mosc\u00fa el 6 de agosto de 2025.<\/span> <span>(Oficina de Kremlin Press \/ Handout \/ Anadolu a trav\u00e9s de Getty Images)<\/span><\/p>\n<\/div>\n<\/div>\n<\/div>\n<p><strong>Haga clic aqu\u00ed para obtener la aplicaci\u00f3n Fox News<\/strong><\/p>\n<p>Tanto Alemania como Francia han asumido los roles de liderazgo cuando se trata de la guerra en Ucrania y protegiendo los intereses de Europa despu\u00e9s de la reingreso de Trump en la Casa Blanca a principios de este a\u00f1o. <\/p>\n<p>El Reino Unido tambi\u00e9n ha estado a la vanguardia de estas discusiones, aunque Fox News Digital no pudo confirmar de inmediato si Zelenskyy tambi\u00e9n hab\u00eda discutido la reuni\u00f3n trilateral con el primer ministro Keir Starmer.<\/p>\n<p> <!----> <\/p>\n<div class=\"article-meta\">\n<div class=\"author-bio\">\n<p>Caitlin McFall es reportero de Fox News Digital Cubting Politics, US y World News.<\/p>\n<\/div>\n<\/div>\n<\/div>\n\n","protected":false},"excerpt":{"rendered":"<p>NUEVO\u00a1Ahora puedes escuchar art\u00edculos de Fox News! El presidente ucraniano, Volodymyr Zelenskyy, confirm\u00f3 el jueves que discuti\u00f3 una reuni\u00f3n trilateral para incluir al presidente ruso Vladimir Putin, potencialmente tan pronto como la pr\u00f3xima semana, en una llamada con el presidente Donald Trump un d\u00eda antes. Zelenskyy, quien se hizo eco de comentarios emitidos por Trump &hellip;<\/p>\n","protected":false},"author":1,"featured_media":39334,"comment_status":"open","ping_status":"open","sticky":false,"template":"","format":"standard","meta":{"fifu_image_url":"https:\/\/static.foxnews.com\/foxnews.com\/content\/uploads\/2025\/02\/putin-trump-zelenskyy.jpg","fifu_image_alt":"","footnotes":""},"categories":[13],"tags":[],"class_list":["post-39332","post","type-post","status-publish","format-standard","has-post-thumbnail","","category-mundo"],"_links":{"self":[{"href":"https:\/\/noticiasveraces.com\/index.php?rest_route=\/wp\/v2\/posts\/39332","targetHints":{"allow":["GET"]}}],"collection":[{"href":"https:\/\/noticiasveraces.com\/index.php?rest_route=\/wp\/v2\/posts"}],"about":[{"href":"https:\/\/noticiasveraces.com\/index.php?rest_route=\/wp\/v2\/types\/post"}],"author":[{"embeddable":true,"href":"https:\/\/noticiasveraces.com\/index.php?rest_route=\/wp\/v2\/users\/1"}],"replies":[{"embeddable":true,"href":"https:\/\/noticiasveraces.com\/index.php?rest_route=%2Fwp%2Fv2%2Fcomments&post=39332"}],"version-history":[{"count":0,"href":"https:\/\/noticiasveraces.com\/index.php?rest_route=\/wp\/v2\/posts\/39332\/revisions"}],"wp:featuredmedia":[{"embeddable":true,"href":"https:\/\/noticiasveraces.com\/index.php?rest_route=\/wp\/v2\/media\/39334"}],"wp:attachment":[{"href":"https:\/\/noticiasveraces.com\/index.php?rest_route=%2Fwp%2Fv2%2Fmedia&parent=39332"}],"wp:term":[{"taxonomy":"category","embeddable":true,"href":"https:\/\/noticiasveraces.com\/index.php?rest_route=%2Fwp%2Fv2%2Fcategories&post=39332"},{"taxonomy":"post_tag","embeddable":true,"href":"https:\/\/noticiasveraces.com\/index.php?rest_route=%2Fwp%2Fv2%2Ftags&post=39332"}],"curies":[{"name":"wp","href":"https:\/\/api.w.org\/{rel}","templated":true}]}}