{"id":39330,"date":"2025-08-07T09:32:18","date_gmt":"2025-08-07T13:32:18","guid":{"rendered":"https:\/\/noticiasveraces.com\/?p=39330"},"modified":"2025-08-07T09:32:18","modified_gmt":"2025-08-07T13:32:18","slug":"nominada-al-constitucional-aleman-retira-su-candidatura-dw-07-08-2025","status":"publish","type":"post","link":"https:\/\/noticiasveraces.com\/?p=39330","title":{"rendered":"Nominada al Constitucional alem\u00e1n retira su candidatura \u2013 DW \u2013 07\/08\/2025"},"content":{"rendered":"<p> \n<\/p>\n<div data-tracking-name=\"rich-text\" data-tracking-skip=\"true\">\n<p>La jurista y docente Frauke Brosius-Gersdorf retir\u00f3 este jueves (7.08.2025) su candidatura al cargo de jueza en el Tribunal Constitucional\u00a0de Alemania.<\/p>\n<p>En un comunicado, justific\u00f3 la decisi\u00f3n con declaraciones del grupo parlamentario del bloque\u00a0conservador formado por\u00a0la\u00a0Uni\u00f3n Dem\u00f3crata Cristiana (CDU) y la\u00a0Uni\u00f3n Social Cristiana (CSU) en el Bundestag, sobre que su candidatura era \u00abimpensable\u00bb, debido, sobre todo, a su postura hacia la ley sobre el aborto. <\/p>\n<p>Su nominaci\u00f3n por parte del\u00a0Partido Socialdem\u00f3crata Alem\u00e1n (SPD) provoc\u00f3 tensiones en la coalici\u00f3n gobernante en Alemania, formada por la CDU\/CSU y el SPD.<\/p>\n<p>\u00abPartes del grupo parlamentario de la CDU\/CSU rechazan categ\u00f3ricamente mi elecci\u00f3n\u00bb, escribi\u00f3 Brosius-Gersdorf en un comunicado enviado este jueves por su bufete de abogados en Bonn, al que tuvo acceso el Servicio de Prensa Evang\u00e9lica (EPD).<\/p>\n<figure class=\"placeholder-image master_landscape big\"><img data-format=\"MASTER_LANDSCAPE\" data-id=\"73314359\" data-url=\"https:\/\/static.dw.com\/image\/73314359_${formatId}.jpg\" data-aspect-ratio=\"16\/9\" alt=\"La jurista Frauke Brosius-Gersdorf, con el fondo del logo del programa de televisi\u00f3n de Markus Lanz, en el canal ZDF.\" style=\"padding-bottom: 56.25%; height: 0; max-height: 0;\"\/><figcaption class=\"img-caption\">La jurista Frauke Brosius-Gersdorf, en el programa de televisi\u00f3n de Markus Lanz, en el canal ZDF. (15.07.2025).<small class=\"copyright\">Imagen: TeutoPress\/Picture Alliance<\/small><\/figcaption><\/figure>\n<p>Brosius-Gersdorf tambi\u00e9n quer\u00eda evitar que \u00abla disputa de coalici\u00f3n sobre la elecci\u00f3n de la jueza se intensificara y desencadenara un proceso cuyos efectos sobre la democracia son imprevisibles\u00bb, continuaba el comunicado.<\/p>\n<p>Brosius-Gersdorf, jurista y profesora de Derecho en Potsdam, hab\u00eda sido nominada por el SPD para un cargo de jueza en el Tribunal Constitucional Federal. La nominaci\u00f3n se realiz\u00f3 en consulta con los socios de la coalici\u00f3n, la CDU y la CSU.<\/p>\n<p>Sin embargo, poco antes de la votaci\u00f3n en el Bundestag, prevista para el 11 de julio, surgieron cr\u00edticas contra Brosius-Gersdorf dentro del grupo parlamentario de la CDU\/CSU, en particular por su postura sobre la ley del aborto. La votaci\u00f3n sobre la abogada, as\u00ed como sobre otro candidato al Tribunal Constitucional, se cancel\u00f3 posteriormente con poca antelaci\u00f3n.<\/p>\n<p>CP (DPA, EPD, RTR)<\/p>\n<\/div>\n\n","protected":false},"excerpt":{"rendered":"<p>La jurista y docente Frauke Brosius-Gersdorf retir\u00f3 este jueves (7.08.2025) su candidatura al cargo de jueza en el Tribunal Constitucional\u00a0de Alemania. En un comunicado, justific\u00f3 la decisi\u00f3n con declaraciones del grupo parlamentario del bloque\u00a0conservador formado por\u00a0la\u00a0Uni\u00f3n Dem\u00f3crata Cristiana (CDU) y la\u00a0Uni\u00f3n Social Cristiana (CSU) en el Bundestag, sobre que su candidatura era \u00abimpensable\u00bb, debido, sobre &hellip;<\/p>\n","protected":false},"author":1,"featured_media":39331,"comment_status":"open","ping_status":"open","sticky":false,"template":"","format":"standard","meta":{"fifu_image_url":"https:\/\/static.dw.com\/image\/73236898_6.jpg","fifu_image_alt":"","footnotes":""},"categories":[13],"tags":[],"class_list":["post-39330","post","type-post","status-publish","format-standard","has-post-thumbnail","","category-mundo"],"_links":{"self":[{"href":"https:\/\/noticiasveraces.com\/index.php?rest_route=\/wp\/v2\/posts\/39330","targetHints":{"allow":["GET"]}}],"collection":[{"href":"https:\/\/noticiasveraces.com\/index.php?rest_route=\/wp\/v2\/posts"}],"about":[{"href":"https:\/\/noticiasveraces.com\/index.php?rest_route=\/wp\/v2\/types\/post"}],"author":[{"embeddable":true,"href":"https:\/\/noticiasveraces.com\/index.php?rest_route=\/wp\/v2\/users\/1"}],"replies":[{"embeddable":true,"href":"https:\/\/noticiasveraces.com\/index.php?rest_route=%2Fwp%2Fv2%2Fcomments&post=39330"}],"version-history":[{"count":0,"href":"https:\/\/noticiasveraces.com\/index.php?rest_route=\/wp\/v2\/posts\/39330\/revisions"}],"wp:featuredmedia":[{"embeddable":true,"href":"https:\/\/noticiasveraces.com\/index.php?rest_route=\/wp\/v2\/media\/39331"}],"wp:attachment":[{"href":"https:\/\/noticiasveraces.com\/index.php?rest_route=%2Fwp%2Fv2%2Fmedia&parent=39330"}],"wp:term":[{"taxonomy":"category","embeddable":true,"href":"https:\/\/noticiasveraces.com\/index.php?rest_route=%2Fwp%2Fv2%2Fcategories&post=39330"},{"taxonomy":"post_tag","embeddable":true,"href":"https:\/\/noticiasveraces.com\/index.php?rest_route=%2Fwp%2Fv2%2Ftags&post=39330"}],"curies":[{"name":"wp","href":"https:\/\/api.w.org\/{rel}","templated":true}]}}