{"id":39324,"date":"2025-08-07T07:29:51","date_gmt":"2025-08-07T11:29:51","guid":{"rendered":"https:\/\/noticiasveraces.com\/?p=39324"},"modified":"2025-08-07T07:29:51","modified_gmt":"2025-08-07T11:29:51","slug":"el-gabinete-de-israel-para-reunirse-como-algunos-en-el-pais-empujan-para-reconstruir-los-asentamientos-de-gaza","status":"publish","type":"post","link":"https:\/\/noticiasveraces.com\/?p=39324","title":{"rendered":"El gabinete de Israel para reunirse como algunos en el pa\u00eds empujan para reconstruir los asentamientos de Gaza"},"content":{"rendered":"<p> \n<\/p>\n<div>\n<div id=\"beyondwords-wrapper\" class=\"beyondwords-wrapper\">\n<p><span class=\"label-bg\">NUEVO<\/span>\u00a1Ahora puedes escuchar art\u00edculos de Fox News!\n  <\/p>\n<\/div>\n<p class=\"speakable\">El primer ministro israel\u00ed Benjamin Netanyahu est\u00e1 listo para convocar su gabinete de seguridad de alto nivel el jueves para discutir la expansi\u00f3n de la guerra contra Hamas, incluida la posible ocupaci\u00f3n militar de la Franja de Gaza.<\/p>\n<p class=\"speakable\">La perspectiva se produce en el contexto del vig\u00e9simo aniversario de la completa desconexi\u00f3n de Israel del enclave, ya que los llamados al reasentamiento, una vez confinado a las franjas pol\u00edticas, han entrado en la corriente principal, incluso dentro del gobierno, particularmente a ra\u00edz de la masacre del 7 de octubre de Hamas.<\/p>\n<p>La reconstrucci\u00f3n de las comunidades jud\u00edas en Gaza ser\u00eda \u00abuna correcci\u00f3n hist\u00f3rica para una injusticia nacional\u00bb, dijo a Fox News Digital, el ministro de Israel para el desarrollo de la periferia, el Negev y Galileae Digital.<\/p>\n<p><strong>Fox News Entre Mira la situaci\u00f3n humanitaria de Gaza mientras Israel pesa los pr\u00f3ximos pasos<\/strong><\/p>\n<div class=\"image-ct inline\">\n<div class=\"m\"><picture><source media=\"(max-width: 767px)\" srcset=\"https:\/\/a57.foxnews.com\/static.foxnews.com\/foxnews.com\/content\/uploads\/2025\/08\/343\/192\/netanyahu-visiting-kibbutz.jpg?ve=1&amp;tl=1, https:\/\/a57.foxnews.com\/static.foxnews.com\/foxnews.com\/content\/uploads\/2025\/08\/686\/384\/netanyahu-visiting-kibbutz.jpg?ve=1&amp;tl=1 2x\" height=\"192\" width=\"343\"><source media=\"(min-width: 768px) and (max-width: 1023px)\" srcset=\"https:\/\/a57.foxnews.com\/static.foxnews.com\/foxnews.com\/content\/uploads\/2025\/08\/672\/378\/netanyahu-visiting-kibbutz.jpg?ve=1&amp;tl=1, https:\/\/a57.foxnews.com\/static.foxnews.com\/foxnews.com\/content\/uploads\/2025\/08\/1344\/756\/netanyahu-visiting-kibbutz.jpg?ve=1&amp;tl=1 2x\" height=\"378\" width=\"672\"><source media=\"(min-width: 1024px) and (max-width: 1279px)\" srcset=\"https:\/\/a57.foxnews.com\/static.foxnews.com\/foxnews.com\/content\/uploads\/2025\/08\/931\/523\/netanyahu-visiting-kibbutz.jpg?ve=1&amp;tl=1, https:\/\/a57.foxnews.com\/static.foxnews.com\/foxnews.com\/content\/uploads\/2025\/08\/1862\/1046\/netanyahu-visiting-kibbutz.jpg?ve=1&amp;tl=1 2x\" height=\"523\" width=\"931\"><source media=\"(min-width: 1280px)\" srcset=\"https:\/\/a57.foxnews.com\/static.foxnews.com\/foxnews.com\/content\/uploads\/2025\/08\/720\/405\/netanyahu-visiting-kibbutz.jpg?ve=1&amp;tl=1, https:\/\/a57.foxnews.com\/static.foxnews.com\/foxnews.com\/content\/uploads\/2025\/08\/1440\/810\/netanyahu-visiting-kibbutz.jpg?ve=1&amp;tl=1 2x\" height=\"405\" width=\"720\"><img loading=\"lazy\" decoding=\"async\" src=\"https:\/\/a57.foxnews.com\/static.foxnews.com\/foxnews.com\/content\/uploads\/2025\/08\/1200\/675\/netanyahu-visiting-kibbutz.jpg?ve=1&amp;tl=1\" alt=\"El primer ministro israel\u00ed, Benjamin Netanyahu, se encuentra en una plataforma con vistas a la Franja de Gaza durante su primera visita a Kibbutz Nir Oz desde el ataque del 7 de octubre de 2023 por los terroristas de Hamas, donde un n\u00famero significativo de esta comunidad fue asesinado o capturado, cerca de la frontera de Israel-Gaza en el sur de Israel, el jueves 3 de julio, 2025.\" width=\"1200\" height=\"675\"\/><\/source><\/source><\/source><\/source><\/picture><\/div>\n<div class=\"info\">\n<div class=\"caption\">\n<p><span>El primer ministro israel\u00ed, Benjamin Netanyahu, se encuentra en una plataforma con vistas a la Franja de Gaza durante su primera visita a Kibbutz Nir Oz desde el ataque del 7 de octubre de 2023 por los terroristas de Hamas, donde un n\u00famero significativo de esta comunidad fue asesinado o capturado, cerca de la frontera de Israel-Gaza en el sur de Israel, el jueves 3 de julio, 2025.<\/span> <span>(AP Photo\/Leo Correa)<\/span><\/p>\n<\/div>\n<\/div>\n<\/div>\n<p>\u00abExpertar a los jud\u00edos de sus hogares en su propio pa\u00eds fue un error estrat\u00e9gico y moral que condujo al surgimiento de un r\u00e9gimen terrorista islamista llamado Hamas\u00bb, dijo. \u00abEse error permiti\u00f3 a Hamas disparar cohetes implacables y, en \u00faltima instancia, llevar a cabo la masacre del 7 de octubre, que incluy\u00f3 asesinato, violaci\u00f3n, abuso, saqueo y, por supuesto, el secuestro de soldados y civiles\u00bb.<\/p>\n<p>Wasserlauf invoc\u00f3 el bloque de 17 comunidades israel\u00edes, conocidas colectivamente como Gush Katif, que se estableci\u00f3 en Gaza despu\u00e9s de la guerra de los seis d\u00edas de 1967. En agosto de 2005, como parte de la desconexi\u00f3n unilateral de Israel, el gobierno elimin\u00f3 por la fuerza aproximadamente 8,600 residentes jud\u00edos del \u00e1rea.<\/p>\n<p>Dijo que vuelva a aplicar la soberan\u00eda israel\u00ed \u00abenviar\u00eda un mensaje claro: quien nos golpea pierde el suelo debajo de sus pies. Solo de esta manera se puede lograr una verdadera disuasi\u00f3n\u00bb, continu\u00f3 Wasserlauf. \u00abNecesitamos crear hechos sobre el terreno. No debe haber acuerdos con los terroristas. El acuerdo en Gaza debe, al menos, ser el precio que recuerda a todos los que el terrorismo no paga\u00bb.<\/p>\n<p>De 1948 a 1967, la Franja de Gaza estaba bajo la ocupaci\u00f3n egipcia. Despu\u00e9s de que Israel captur\u00f3 el territorio en la guerra de los seis d\u00edas de 1967, permaneci\u00f3 bajo el control israel\u00ed completo hasta 1994, cuando la responsabilidad administrativa se transfiri\u00f3 a la autoridad palestina bajo los acuerdos de Oslo, allanando el camino para el regreso de Yasser Arafat del exilio en T\u00fanez.<\/p>\n<div class=\"image-ct inline\">\n<div class=\"m\"><picture><source media=\"(max-width: 767px)\" srcset=\"https:\/\/a57.foxnews.com\/static.foxnews.com\/foxnews.com\/content\/uploads\/2025\/01\/343\/192\/hamas-in-gaza-2.jpeg?ve=1&amp;tl=1, https:\/\/a57.foxnews.com\/static.foxnews.com\/foxnews.com\/content\/uploads\/2025\/01\/686\/384\/hamas-in-gaza-2.jpeg?ve=1&amp;tl=1 2x\" height=\"192\" width=\"343\"><source media=\"(min-width: 768px) and (max-width: 1023px)\" srcset=\"https:\/\/a57.foxnews.com\/static.foxnews.com\/foxnews.com\/content\/uploads\/2025\/01\/672\/378\/hamas-in-gaza-2.jpeg?ve=1&amp;tl=1, https:\/\/a57.foxnews.com\/static.foxnews.com\/foxnews.com\/content\/uploads\/2025\/01\/1344\/756\/hamas-in-gaza-2.jpeg?ve=1&amp;tl=1 2x\" height=\"378\" width=\"672\"><source media=\"(min-width: 1024px) and (max-width: 1279px)\" srcset=\"https:\/\/a57.foxnews.com\/static.foxnews.com\/foxnews.com\/content\/uploads\/2025\/01\/931\/523\/hamas-in-gaza-2.jpeg?ve=1&amp;tl=1, https:\/\/a57.foxnews.com\/static.foxnews.com\/foxnews.com\/content\/uploads\/2025\/01\/1862\/1046\/hamas-in-gaza-2.jpeg?ve=1&amp;tl=1 2x\" height=\"523\" width=\"931\"><source media=\"(min-width: 1280px)\" srcset=\"https:\/\/a57.foxnews.com\/static.foxnews.com\/foxnews.com\/content\/uploads\/2025\/01\/720\/405\/hamas-in-gaza-2.jpeg?ve=1&amp;tl=1, https:\/\/a57.foxnews.com\/static.foxnews.com\/foxnews.com\/content\/uploads\/2025\/01\/1440\/810\/hamas-in-gaza-2.jpeg?ve=1&amp;tl=1 2x\" height=\"405\" width=\"720\"><img loading=\"lazy\" decoding=\"async\" src=\"https:\/\/a57.foxnews.com\/static.foxnews.com\/foxnews.com\/content\/uploads\/2025\/01\/1200\/675\/hamas-in-gaza-2.jpeg?ve=1&amp;tl=1\" alt=\"Terroristas de Hamas\" width=\"1200\" height=\"675\"\/><\/source><\/source><\/source><\/source><\/picture><\/div>\n<div class=\"info\">\n<div class=\"caption\">\n<p><span>Los terroristas de Hamas emergen de las sombras mientras rodean veh\u00edculos de la Cruz Roja.<\/span> <span>(TPS IL)<\/span><\/p>\n<\/div>\n<\/div>\n<\/div>\n<p>En 2005, Israel evacu\u00f3 a todo el personal militar y las comunidades civiles de Gaza. Poco despu\u00e9s, Hamas gan\u00f3 las elecciones legislativas palestinas y organiz\u00f3 un golpe violento para derrocar a la autoridad palestina y tomar el control de la franja.<\/p>\n<p>Un a\u00f1o despu\u00e9s de que Israel se desconect\u00f3 unilateralmente de Gaza, evacuando a todo el personal militar y las comunidades civiles, Hamas gan\u00f3 las elecciones legislativas palestinas y, poco despu\u00e9s, organiz\u00f3 un golpe violento para derrocar a la autoridad palestina y ensuciar el control de la franja.<\/p>\n<p>Wasserlauf argument\u00f3 que los cr\u00edticos de la desconexi\u00f3n hab\u00edan advertido durante mucho tiempo que cualquier concesi\u00f3n de la tierra solo envalentonar\u00eda a los terroristas. Estas advertencias, dijo, fueron ignoradas, pero finalmente demostraron correctas por los eventos que siguieron.<\/p>\n<p>Reconoci\u00f3 que el asentamiento renovado en Gaza probablemente desencadenar\u00eda una reacci\u00f3n pol\u00edtica tanto a nivel nacional como en el extranjero. \u00abLos pa\u00edses que nos apoyan nos apoyar\u00e1n, y aquellos que se oponen constantemente a nosotros permanecer\u00e1n contra nosotros &#8230; Te recuerdo que hubo pa\u00edses que nos instaron a no atacar a Ir\u00e1n, a pesar de su carrera hacia las armas nucleares y su objetivo expl\u00edcito de destruir a Israel\u00bb.<\/p>\n<p><strong>Hermano del reh\u00e9n israel\u00ed insta a la ONU a actuar despu\u00e9s de que el video muestra a Hamas hambrientos y torturando cautivos<\/strong><\/p>\n<div class=\"image-ct inline\">\n<div class=\"m\"><picture><source media=\"(max-width: 767px)\" srcset=\"https:\/\/a57.foxnews.com\/static.foxnews.com\/foxnews.com\/content\/uploads\/2025\/08\/343\/192\/gush-katif-israeli-settlement.jpg?ve=1&amp;tl=1, https:\/\/a57.foxnews.com\/static.foxnews.com\/foxnews.com\/content\/uploads\/2025\/08\/686\/384\/gush-katif-israeli-settlement.jpg?ve=1&amp;tl=1 2x\" height=\"192\" width=\"343\"><source media=\"(min-width: 768px) and (max-width: 1023px)\" srcset=\"https:\/\/a57.foxnews.com\/static.foxnews.com\/foxnews.com\/content\/uploads\/2025\/08\/672\/378\/gush-katif-israeli-settlement.jpg?ve=1&amp;tl=1, https:\/\/a57.foxnews.com\/static.foxnews.com\/foxnews.com\/content\/uploads\/2025\/08\/1344\/756\/gush-katif-israeli-settlement.jpg?ve=1&amp;tl=1 2x\" height=\"378\" width=\"672\"><source media=\"(min-width: 1024px) and (max-width: 1279px)\" srcset=\"https:\/\/a57.foxnews.com\/static.foxnews.com\/foxnews.com\/content\/uploads\/2025\/08\/931\/523\/gush-katif-israeli-settlement.jpg?ve=1&amp;tl=1, https:\/\/a57.foxnews.com\/static.foxnews.com\/foxnews.com\/content\/uploads\/2025\/08\/1862\/1046\/gush-katif-israeli-settlement.jpg?ve=1&amp;tl=1 2x\" height=\"523\" width=\"931\"><source media=\"(min-width: 1280px)\" srcset=\"https:\/\/a57.foxnews.com\/static.foxnews.com\/foxnews.com\/content\/uploads\/2025\/08\/720\/405\/gush-katif-israeli-settlement.jpg?ve=1&amp;tl=1, https:\/\/a57.foxnews.com\/static.foxnews.com\/foxnews.com\/content\/uploads\/2025\/08\/1440\/810\/gush-katif-israeli-settlement.jpg?ve=1&amp;tl=1 2x\" height=\"405\" width=\"720\"><img loading=\"lazy\" decoding=\"async\" src=\"https:\/\/a57.foxnews.com\/static.foxnews.com\/foxnews.com\/content\/uploads\/2025\/08\/1200\/675\/gush-katif-israeli-settlement.jpg?ve=1&amp;tl=1\" alt=\"El asentamiento israel\u00ed de Pa'at Sadeh se ve el 26 de diciembre de 2004 en el sur de Gaza Strip.\" width=\"1200\" height=\"675\"\/><\/source><\/source><\/source><\/source><\/picture><\/div>\n<div class=\"info\">\n<div class=\"caption\">\n<p><span>El asentamiento israel\u00ed de Pa&#8217;at Sadeh se ve el 26 de diciembre de 2004 en el sur de Gaza Strip.<\/span> <!----><\/p>\n<\/div>\n<\/div>\n<\/div>\n<p>Bergant\u00edn. El general (res.) Amir Avivi dijo a Fox News Digital que la doctrina de la disuasi\u00f3n de la seguridad nacional de Israel est\u00e1 siendo probada por grupos yihadistas como Hamas, que operan de acuerdo con un conjunto de reglas radicalmente diferente.<\/p>\n<p>Avivi, fundador y presidente del Foro de Defensa y Seguridad de Israel, dijo que el enfoque de Israel a Gaza puede depender del apoyo de los Estados Unidos, especialmente del presidente Donald Trump. \u00abSi el presidente de los Estados Unidos aboga por la reubicaci\u00f3n masiva y tome el control de Gaza para implementar su propia visi\u00f3n, sugerir\u00eda alg\u00fan tipo de comprensi\u00f3n b\u00e1sica entre las dos partes\u00bb, dijo Avivi.<\/p>\n<p>Estim\u00f3 que las Fuerzas de Defensa de Israel (IDF) actualmente controla alrededor del 75% de Gaza, con decisiones pasadas impulsadas en gran medida por consideraciones militares. Sin embargo, dijo que el 25% restante del territorio implica decisiones estrat\u00e9gicas m\u00e1s amplias, conformadas por c\u00f3mo Israel y los Estados Unidos ven el futuro del \u00e1rea, incluido el asentamiento jud\u00edo.<\/p>\n<p>El mayor general (res.) Yaakov Amidror, un ex asesor de seguridad nacional, dijo a Fox News Digital que el reasentamiento de Gaza no deber\u00eda ser parte de la agenda de Israel.<\/p>\n<div class=\"image-ct inline\">\n<div class=\"m\"><picture><source media=\"(max-width: 767px)\" srcset=\"https:\/\/a57.foxnews.com\/static.foxnews.com\/foxnews.com\/content\/uploads\/2025\/03\/343\/192\/idf-chief-of-staff-in-gaza.jpg?ve=1&amp;tl=1, https:\/\/a57.foxnews.com\/static.foxnews.com\/foxnews.com\/content\/uploads\/2025\/03\/686\/384\/idf-chief-of-staff-in-gaza.jpg?ve=1&amp;tl=1 2x\" height=\"192\" width=\"343\"><source media=\"(min-width: 768px) and (max-width: 1023px)\" srcset=\"https:\/\/a57.foxnews.com\/static.foxnews.com\/foxnews.com\/content\/uploads\/2025\/03\/672\/378\/idf-chief-of-staff-in-gaza.jpg?ve=1&amp;tl=1, https:\/\/a57.foxnews.com\/static.foxnews.com\/foxnews.com\/content\/uploads\/2025\/03\/1344\/756\/idf-chief-of-staff-in-gaza.jpg?ve=1&amp;tl=1 2x\" height=\"378\" width=\"672\"><source media=\"(min-width: 1024px) and (max-width: 1279px)\" srcset=\"https:\/\/a57.foxnews.com\/static.foxnews.com\/foxnews.com\/content\/uploads\/2025\/03\/931\/523\/idf-chief-of-staff-in-gaza.jpg?ve=1&amp;tl=1, https:\/\/a57.foxnews.com\/static.foxnews.com\/foxnews.com\/content\/uploads\/2025\/03\/1862\/1046\/idf-chief-of-staff-in-gaza.jpg?ve=1&amp;tl=1 2x\" height=\"523\" width=\"931\"><source media=\"(min-width: 1280px)\" srcset=\"https:\/\/a57.foxnews.com\/static.foxnews.com\/foxnews.com\/content\/uploads\/2025\/03\/720\/405\/idf-chief-of-staff-in-gaza.jpg?ve=1&amp;tl=1, https:\/\/a57.foxnews.com\/static.foxnews.com\/foxnews.com\/content\/uploads\/2025\/03\/1440\/810\/idf-chief-of-staff-in-gaza.jpg?ve=1&amp;tl=1 2x\" height=\"405\" width=\"720\"><img loading=\"lazy\" decoding=\"async\" src=\"https:\/\/a57.foxnews.com\/static.foxnews.com\/foxnews.com\/content\/uploads\/2025\/03\/1200\/675\/idf-chief-of-staff-in-gaza.jpg?ve=1&amp;tl=1\" alt=\"Ltg Eyal Zamir\" width=\"1200\" height=\"675\"\/><\/source><\/source><\/source><\/source><\/picture><\/div>\n<div class=\"info\">\n<div class=\"caption\">\n<p><span>Jefe del Estado Mayor General LTG Eyal Zamir realiz\u00f3 un recorrido de campo en el \u00e1rea de Rafah de la Franja de Gaza. Zamir habl\u00f3 con soldados y se le present\u00f3 preparaciones defensivas y planes operativos.<\/span> <span>(IDF)<\/span><\/p>\n<\/div>\n<\/div>\n<\/div>\n<p>\u00abTenemos una misi\u00f3n ahora, y eso es desmantelar a Hamas\u00bb, dijo. \u00abHablaremos sobre el d\u00eda siguiente, el d\u00eda siguiente. Para recuperar cualquier nivel de normalidad a Gaza, necesitamos encontrar socios, y no s\u00e9 qui\u00e9nes ser\u00edan esos socios si nos instalemos en Gaza\u00bb.<\/p>\n<p><strong>Ella aliment\u00f3 a 100k familias Gazan gratis, ahora los terroristas y los comerciantes locales la quieren muerta<\/strong><\/p>\n<p>Amidror, un miembro distinguido del Instituto Jud\u00edo de Seguridad Nacional de Am\u00e9rica, dijo que Israel debe ser a largo plazo solo responsable de la seguridad en Gaza, citando fallas pasadas cuando el control se transfiri\u00f3 a los palestinos despu\u00e9s de los acuerdos de Oslo. Argument\u00f3 que restablecer los asentamientos podr\u00eda complicar esa misi\u00f3n, afirmando que la seguridad debe permanecer \u00fanicamente en manos de las FDI.<\/p>\n<p>El legislador del sionismo religioso Simcha Rothman le dijo a Fox News Digital que \u00absi estamos tratando de lograr la paz, cualquier acuerdo o situaci\u00f3n en la que los jud\u00edos no puedan vivir en su antigua patria no es solo\u00bb, sino que reconoci\u00f3 que no es uno de los objetivos de guerra oficiales de Israel. \u00abSi bien el reasentamiento de Gaza es lo correcto, no es parte del esfuerzo actual\u00bb.<\/p>\n<p>Mayor Gen. (Ret.) Amos Yadlin, ex jefe de inteligencia militar de las FDI, reiter\u00f3 que el reasentamiento de Gaza no es parte de los objetivos de guerra declarados del gobierno israel\u00ed.<\/p>\n<p>\u00abSi Israel necesita volver a ocupar a Gaza militarmente, deber\u00eda ser destruir a Hamas y traer de vuelta a los rehenes, no anexar a Gaza como parte de Israel. Hay 2 millones de palestinos en Gaza, tal vez m\u00e1s\u00bb, dijo Yadlin, quien actualmente es presidente de Mind Israel, dijo a Fox News Digital.<\/p>\n<div class=\"image-ct inline\">\n<div class=\"m\"><picture><source media=\"(max-width: 767px)\" srcset=\"https:\/\/a57.foxnews.com\/static.foxnews.com\/foxnews.com\/content\/uploads\/2024\/06\/343\/192\/nova-music-festival.jpg?ve=1&amp;tl=1, https:\/\/a57.foxnews.com\/static.foxnews.com\/foxnews.com\/content\/uploads\/2024\/06\/686\/384\/nova-music-festival.jpg?ve=1&amp;tl=1 2x\" height=\"192\" width=\"343\"><source media=\"(min-width: 768px) and (max-width: 1023px)\" srcset=\"https:\/\/a57.foxnews.com\/static.foxnews.com\/foxnews.com\/content\/uploads\/2024\/06\/672\/378\/nova-music-festival.jpg?ve=1&amp;tl=1, https:\/\/a57.foxnews.com\/static.foxnews.com\/foxnews.com\/content\/uploads\/2024\/06\/1344\/756\/nova-music-festival.jpg?ve=1&amp;tl=1 2x\" height=\"378\" width=\"672\"><source media=\"(min-width: 1024px) and (max-width: 1279px)\" srcset=\"https:\/\/a57.foxnews.com\/static.foxnews.com\/foxnews.com\/content\/uploads\/2024\/06\/931\/523\/nova-music-festival.jpg?ve=1&amp;tl=1, https:\/\/a57.foxnews.com\/static.foxnews.com\/foxnews.com\/content\/uploads\/2024\/06\/1862\/1046\/nova-music-festival.jpg?ve=1&amp;tl=1 2x\" height=\"523\" width=\"931\"><source media=\"(min-width: 1280px)\" srcset=\"https:\/\/a57.foxnews.com\/static.foxnews.com\/foxnews.com\/content\/uploads\/2024\/06\/720\/405\/nova-music-festival.jpg?ve=1&amp;tl=1, https:\/\/a57.foxnews.com\/static.foxnews.com\/foxnews.com\/content\/uploads\/2024\/06\/1440\/810\/nova-music-festival.jpg?ve=1&amp;tl=1 2x\" height=\"405\" width=\"720\"><img loading=\"lazy\" decoding=\"async\" src=\"https:\/\/a57.foxnews.com\/static.foxnews.com\/foxnews.com\/content\/uploads\/2024\/06\/1200\/675\/nova-music-festival.jpg?ve=1&amp;tl=1\" alt=\"Memorial en el Nova Music Festival\" width=\"1200\" height=\"675\"\/><\/source><\/source><\/source><\/source><\/picture><\/div>\n<div class=\"info\">\n<div class=\"caption\">\n<p><span>Memoriales en el sitio del ataque terrorista de Hamas del 7 de octubre contra el Festival de M\u00fasica de Supernova cerca de Kibbutz Re&#8217;im, Israel, el lunes 27 de mayo de 2024.<\/span> <span>(Kobi Wolf\/Bloomberg a trav\u00e9s de Getty Images)<\/span><\/p>\n<\/div>\n<\/div>\n<\/div>\n<p>\u00abIsrael no quiere gobernarlas o proporcionar todas sus necesidades. Costar\u00eda miles de millones y alterar\u00eda el equilibrio demogr\u00e1fico. Esta idea est\u00e1 siendo impulsada por elementos de derecha en el gobierno, e incluso el primer ministro y su partido no la apoyan\u00bb, dijo.<\/p>\n<p>Daniella Weiss, directora general del movimiento de asentamiento de Nachala, le dijo a Fox News Digital que las secuelas del ataque del 7 de octubre de Hamas se\u00f1ala el comienzo de una nueva era. \u00abCreo que deber\u00edamos ir mucho m\u00e1s all\u00e1 de lo que exist\u00eda en 2005. En aquel entonces, \u00e9ramos 10,000 personas en Gaza. Nuestro movimiento, Nachala, ha propuesto un plan para 1.2 millones de jud\u00edos en Gaza\u00bb, dijo Weiss.<\/p>\n<p><strong><u>Haga clic aqu\u00ed para obtener la aplicaci\u00f3n Fox News<\/u><\/strong><\/p>\n<div class=\"image-ct inline\">\n<div class=\"m\"><picture><source media=\"(max-width: 767px)\" srcset=\"https:\/\/a57.foxnews.com\/static.foxnews.com\/foxnews.com\/content\/uploads\/2025\/08\/343\/192\/israelis-gaza.jpg?ve=1&amp;tl=1, https:\/\/a57.foxnews.com\/static.foxnews.com\/foxnews.com\/content\/uploads\/2025\/08\/686\/384\/israelis-gaza.jpg?ve=1&amp;tl=1 2x\" height=\"192\" width=\"343\"><source media=\"(min-width: 768px) and (max-width: 1023px)\" srcset=\"https:\/\/a57.foxnews.com\/static.foxnews.com\/foxnews.com\/content\/uploads\/2025\/08\/672\/378\/israelis-gaza.jpg?ve=1&amp;tl=1, https:\/\/a57.foxnews.com\/static.foxnews.com\/foxnews.com\/content\/uploads\/2025\/08\/1344\/756\/israelis-gaza.jpg?ve=1&amp;tl=1 2x\" height=\"378\" width=\"672\"><source media=\"(min-width: 1024px) and (max-width: 1279px)\" srcset=\"https:\/\/a57.foxnews.com\/static.foxnews.com\/foxnews.com\/content\/uploads\/2025\/08\/931\/523\/israelis-gaza.jpg?ve=1&amp;tl=1, https:\/\/a57.foxnews.com\/static.foxnews.com\/foxnews.com\/content\/uploads\/2025\/08\/1862\/1046\/israelis-gaza.jpg?ve=1&amp;tl=1 2x\" height=\"523\" width=\"931\"><source media=\"(min-width: 1280px)\" srcset=\"https:\/\/a57.foxnews.com\/static.foxnews.com\/foxnews.com\/content\/uploads\/2025\/08\/720\/405\/israelis-gaza.jpg?ve=1&amp;tl=1, https:\/\/a57.foxnews.com\/static.foxnews.com\/foxnews.com\/content\/uploads\/2025\/08\/1440\/810\/israelis-gaza.jpg?ve=1&amp;tl=1 2x\" height=\"405\" width=\"720\"><img loading=\"lazy\" decoding=\"async\" src=\"https:\/\/a57.foxnews.com\/static.foxnews.com\/foxnews.com\/content\/uploads\/2025\/08\/1200\/675\/israelis-gaza.jpg?ve=1&amp;tl=1\" alt=\"Marcha israel\u00edes desde Sderot hacia la frontera norte de Gaza, pidiendo el restablecimiento de los asentamientos en el territorio, el 30 de julio de 2025 en Israel.\" width=\"1200\" height=\"675\"\/><\/source><\/source><\/source><\/source><\/picture><\/div>\n<div class=\"info\">\n<div class=\"caption\">\n<p><span>Marcha israel\u00edes desde Sderot hacia la frontera norte de Gaza, pidiendo el restablecimiento de los asentamientos en el territorio, el 30 de julio de 2025 en Israel.<\/span> <span>(Mostafa Alkharouf\/Anadolu a trav\u00e9s de Getty Images)<\/span><\/p>\n<\/div>\n<\/div>\n<\/div>\n<p>Ella dijo que su organizaci\u00f3n ya est\u00e1 tomando medidas tangibles para comenzar el proceso: \u00abHemos organizado seis grupos de familias j\u00f3venes, m\u00e1s de 1,000 familias, que est\u00e1n dispuestas a mudarse a Gaza ahora\u00bb, dijo.<\/p>\n<p>Si bien Weiss expres\u00f3 su arrepentimiento de que el gobierno israel\u00ed no haya incluido el reasentamiento jud\u00edo en sus objetivos de guerra oficiales, insisti\u00f3 en que en la democracia de Israel, la presi\u00f3n p\u00fablica puede influir en la pol\u00edtica gubernamental.<\/p>\n<p>\u00abLa verdad b\u00e1sica es que el \u00e1rea de Gaza es parte del Negev occidental\u00bb, dijo. \u00abHist\u00f3ricamente, era parte del \u00e1rea de la tribu de Yehuda. Darle la espalda eso est\u00e1 mal\u00bb.<\/p>\n<p> <!----> <\/p>\n<div class=\"article-meta\">\n<div class=\"author-bio\">\n<p>Amelie Botbol es una periodista independiente con sede en Tel Aviv. Sus art\u00edculos han aparecido en el New York Post, el National Post de Canad\u00e1 y el Washington Times. Amelie se puede seguir en x @datrePorter <\/p>\n<\/div>\n<\/div>\n<\/div>\n\n","protected":false},"excerpt":{"rendered":"<p>NUEVO\u00a1Ahora puedes escuchar art\u00edculos de Fox News! El primer ministro israel\u00ed Benjamin Netanyahu est\u00e1 listo para convocar su gabinete de seguridad de alto nivel el jueves para discutir la expansi\u00f3n de la guerra contra Hamas, incluida la posible ocupaci\u00f3n militar de la Franja de Gaza. La perspectiva se produce en el contexto del vig\u00e9simo aniversario &hellip;<\/p>\n","protected":false},"author":1,"featured_media":39326,"comment_status":"open","ping_status":"open","sticky":false,"template":"","format":"standard","meta":{"fifu_image_url":"https:\/\/static.foxnews.com\/foxnews.com\/content\/uploads\/2025\/08\/israelis-gaza.jpg","fifu_image_alt":"","footnotes":""},"categories":[13],"tags":[],"class_list":["post-39324","post","type-post","status-publish","format-standard","has-post-thumbnail","","category-mundo"],"_links":{"self":[{"href":"https:\/\/noticiasveraces.com\/index.php?rest_route=\/wp\/v2\/posts\/39324","targetHints":{"allow":["GET"]}}],"collection":[{"href":"https:\/\/noticiasveraces.com\/index.php?rest_route=\/wp\/v2\/posts"}],"about":[{"href":"https:\/\/noticiasveraces.com\/index.php?rest_route=\/wp\/v2\/types\/post"}],"author":[{"embeddable":true,"href":"https:\/\/noticiasveraces.com\/index.php?rest_route=\/wp\/v2\/users\/1"}],"replies":[{"embeddable":true,"href":"https:\/\/noticiasveraces.com\/index.php?rest_route=%2Fwp%2Fv2%2Fcomments&post=39324"}],"version-history":[{"count":0,"href":"https:\/\/noticiasveraces.com\/index.php?rest_route=\/wp\/v2\/posts\/39324\/revisions"}],"wp:featuredmedia":[{"embeddable":true,"href":"https:\/\/noticiasveraces.com\/index.php?rest_route=\/wp\/v2\/media\/39326"}],"wp:attachment":[{"href":"https:\/\/noticiasveraces.com\/index.php?rest_route=%2Fwp%2Fv2%2Fmedia&parent=39324"}],"wp:term":[{"taxonomy":"category","embeddable":true,"href":"https:\/\/noticiasveraces.com\/index.php?rest_route=%2Fwp%2Fv2%2Fcategories&post=39324"},{"taxonomy":"post_tag","embeddable":true,"href":"https:\/\/noticiasveraces.com\/index.php?rest_route=%2Fwp%2Fv2%2Ftags&post=39324"}],"curies":[{"name":"wp","href":"https:\/\/api.w.org\/{rel}","templated":true}]}}