{"id":39315,"date":"2025-08-07T06:40:42","date_gmt":"2025-08-07T10:40:42","guid":{"rendered":"https:\/\/noticiasveraces.com\/?p=39315"},"modified":"2025-08-07T06:40:42","modified_gmt":"2025-08-07T10:40:42","slug":"la-ola-de-calor-se-intensifica-en-espana-con-16-comunidades-bajo-aviso-de-altas-temperaturas-clima-y-medio-ambiente","status":"publish","type":"post","link":"https:\/\/noticiasveraces.com\/?p=39315","title":{"rendered":"La ola de calor se intensifica en Espa\u00f1a con 16 comunidades bajo aviso de altas temperaturas | Clima y Medio Ambiente"},"content":{"rendered":"<p> \n<br \/><img decoding=\"async\" src=\"https:\/\/imagenes.elpais.com\/resizer\/v2\/RY7BRNCV7NAZPHJQVHW36DDNNQ.jpg?auth=baa62f87a0ae6544c752b436560bb306e59b0631b17aaff6ac807ca6bca75f6f\" \/><\/p>\n<div data-dtm-region=\"articulo_cuerpo\">\n<p class=\"\">En el quinto d\u00eda de ola de calor, para este jueves se espera que el fen\u00f3meno se intensifique. La Agencia Estatal de Meteorolog\u00eda (Aemet) ha dado avisos por altas temperaturas para 16 comunidades aut\u00f3nomas. Las previsiones se\u00f1alan un incremento generalizado de las m\u00e1ximas, que superar\u00e1n los 36-38 grados en gran parte del interior peninsular. En las depresiones del nordeste y en los valles del Mi\u00f1o, el Tajo, el Guadiana y el Guadalquivir, regiones con las que se ha cebado el calor los \u00faltimos d\u00edas, los term\u00f3metros pueden volver a superar los 40 grados. Seg\u00fan ha avisado el mi\u00e9rcoles la Aemet, el fen\u00f3meno se prolongar\u00e1 hasta al menos el pr\u00f3ximo martes.<\/p>\n<p class=\"\">La entrada de aire africano ha vuelto a dejar noches t\u00f3rridas en las islas Canarias. En la localidad de Ag\u00fcimes (Gran Canaria) la m\u00ednima estuvo en 29,7 grados. En la pen\u00ednsula, las m\u00ednimas m\u00e1s elevadas se han registrado en Toledo, con 26,1 grados. La Aemet ha explicado que no se espera que bajen y que se mantendr\u00e1n en valores muy elevados en casi todo el territorio, con un incremento m\u00e1s acentuado en la mitad norte de la pen\u00ednsula. <\/p>\n<p class=\"\">Las \u00fanicas regiones del pa\u00eds que no est\u00e1n bajo aviso son el litoral Cant\u00e1brico, el Atl\u00e1ntico y el Mediterr\u00e1neo, a excepci\u00f3n de Murcia. Adem\u00e1s, la Aemet ha activado el nivel m\u00e1ximo de aviso naranja (de peligro importante) en 14 provincias: C\u00f3rdoba, Granada, Ja\u00e9n, Zaragoza, Valladolid, Zamora, Ciudad Real, Cuenca, Toledo, Badajoz, C\u00e1ceres, Ourense, Madrid y Las Palmas (por Gran Canaria). <\/p>\n<div id=\"sum_twitter\" data-oembed-type=\"twitter\" class=\"a_em _df\">\n<blockquote class=\"twitter-tweet\">\n<p lang=\"es\" dir=\"ltr\">\ud83c\udf21La ola de calor se intensifica este jueves con un ascenso t\u00e9rmico. <\/p>\n<p>\ud83d\udfe0 Activados avisos por temperaturas m\u00e1ximas en buena parte del pa\u00eds, muchos de ellos de nivel naranja (peligro importante) en la Pen\u00ednsula y Canarias. <\/p>\n<p>\u00a1Extrema las precauciones! <a href=\"https:\/\/t.co\/gxzuPxDieH\">pic.twitter.com\/gxzupxdieh<\/a><\/p>\n<p>\u2014 AEMET (@AEMET_Esp) <a href=\"https:\/\/twitter.com\/AEMET_Esp\/status\/1953344711608938549?ref_src=twsrc%5Etfw\">7 de agosto de 2025<\/a><\/p><\/blockquote>\n<\/div>\n<p class=\"\">Seg\u00fan la agencia estatal, podr\u00e1n producirse algunas tormentas aisladas, principalmente durante la tarde y en la regi\u00f3n de las cordilleras B\u00e9ticas. El fen\u00f3meno se extender\u00e1 hasta otras zonas del interior peninsular el viernes, donde se esperan rachas de viento muy fuertes.<\/p>\n<p class=\"\">En la jornada del mi\u00e9rcoles, las m\u00e1ximas temperaturas registradas fueron m\u00e1s bajas que en d\u00edas anteriores. Las provincias de Granada, Ciudad Real y C\u00f3rdoba fueron las m\u00e1s calientes. En concreto: Granada-Cartuja ha registrado la m\u00e1xima temperatura, con 40,9 grados, seguida de Granada-Aeropuerto y Minas de Almad\u00e9n, ambas con 40,6 grados.<\/p>\n<h3 class=\"\">El tercer julio m\u00e1s caliente<\/h3>\n<p class=\"\">El Servicio de Cambio Clim\u00e1tico de Copernicus (C3S) ha revelado este jueves que julio de 2025 ha sido el tercero m\u00e1s caliente desde que tienen registros. Los dos julios m\u00e1s calientes corresponden al de 2023 y 2024, respectivamente. Respecto de los valores preindustriales, los datos de Copernicus sit\u00faan al mes de julio en 1,25 grados por encima, siendo el cuarto mes de los \u00faltimos dos a\u00f1os por debajo de 1,5 grados. En el \u00faltimo a\u00f1o, las temperaturas han estado 1,53 grados por encima del promedio preindustrial. <\/p>\n<p class=\"\">En este sentido, <u>El Director de C3S, Carlo Buontempo,<\/u> ha aclarado que esto no quiere decir que el cambio clim\u00e1tico se haya detenido. \u201cSeguimos siendo testigos de los efectos del calentamiento del planeta en eventos como el calor extremo y las devastadoras inundaciones de julio\u201d, ha dicho. \u201cNo solo debemos esperar nuevos r\u00e9cords de temperatura, sino tambi\u00e9n un empeoramiento de estos impactos, y debemos prepararnos para ello\u201d. <\/p>\n<p class=\"\">Las altas temperaturas del periodo estival en Espa\u00f1a han dejado un saldo de m\u00e1s de 1.500 muertes, seg\u00fan las estimaciones del Sistema de Monitorizaci\u00f3n de Mortalidad Diaria (Momo) que ha recogido EFE. Un incremento del 42 % respecto del a\u00f1o anterior. <\/p>\n<p class=\"\">En la semana que lleva el mes de agosto, 58 muertes est\u00e1n atribuidas a las altas temperaturas, de las cuales 47 corresponden a la ola de calor. <\/p>\n<\/div>\n<p><script async src=\"https:\/\/platform.twitter.com\/widgets.js\" charset=\"utf-8\"><\/script><br \/>\n<br \/>\n","protected":false},"excerpt":{"rendered":"<p>En el quinto d\u00eda de ola de calor, para este jueves se espera que el fen\u00f3meno se intensifique. La Agencia Estatal de Meteorolog\u00eda (Aemet) ha dado avisos por altas temperaturas para 16 comunidades aut\u00f3nomas. Las previsiones se\u00f1alan un incremento generalizado de las m\u00e1ximas, que superar\u00e1n los 36-38 grados en gran parte del interior peninsular. En &hellip;<\/p>\n","protected":false},"author":1,"featured_media":39317,"comment_status":"open","ping_status":"open","sticky":false,"template":"","format":"standard","meta":{"fifu_image_url":"https:\/\/imagenes.elpais.com\/resizer\/v2\/RY7BRNCV7NAZPHJQVHW36DDNNQ.jpg?auth=baa62f87a0ae6544c752b436560bb306e59b0631b17aaff6ac807ca6bca75f6f&width=1200","fifu_image_alt":"","footnotes":""},"categories":[11],"tags":[],"class_list":["post-39315","post","type-post","status-publish","format-standard","has-post-thumbnail","","category-viaje"],"_links":{"self":[{"href":"https:\/\/noticiasveraces.com\/index.php?rest_route=\/wp\/v2\/posts\/39315","targetHints":{"allow":["GET"]}}],"collection":[{"href":"https:\/\/noticiasveraces.com\/index.php?rest_route=\/wp\/v2\/posts"}],"about":[{"href":"https:\/\/noticiasveraces.com\/index.php?rest_route=\/wp\/v2\/types\/post"}],"author":[{"embeddable":true,"href":"https:\/\/noticiasveraces.com\/index.php?rest_route=\/wp\/v2\/users\/1"}],"replies":[{"embeddable":true,"href":"https:\/\/noticiasveraces.com\/index.php?rest_route=%2Fwp%2Fv2%2Fcomments&post=39315"}],"version-history":[{"count":0,"href":"https:\/\/noticiasveraces.com\/index.php?rest_route=\/wp\/v2\/posts\/39315\/revisions"}],"wp:featuredmedia":[{"embeddable":true,"href":"https:\/\/noticiasveraces.com\/index.php?rest_route=\/wp\/v2\/media\/39317"}],"wp:attachment":[{"href":"https:\/\/noticiasveraces.com\/index.php?rest_route=%2Fwp%2Fv2%2Fmedia&parent=39315"}],"wp:term":[{"taxonomy":"category","embeddable":true,"href":"https:\/\/noticiasveraces.com\/index.php?rest_route=%2Fwp%2Fv2%2Fcategories&post=39315"},{"taxonomy":"post_tag","embeddable":true,"href":"https:\/\/noticiasveraces.com\/index.php?rest_route=%2Fwp%2Fv2%2Ftags&post=39315"}],"curies":[{"name":"wp","href":"https:\/\/api.w.org\/{rel}","templated":true}]}}